{"id":405884,"date":"2022-10-16T04:47:34","date_gmt":"2022-10-16T04:47:34","guid":{"rendered":"https:\/\/dimensionturistica.com\/es\/?p=405884"},"modified":"2022-10-16T04:47:34","modified_gmt":"2022-10-16T04:47:34","slug":"turespana-promueve-el-turismo-inclusivo-con-turoperadores-japoneses","status":"publish","type":"post","link":"https:\/\/dimensionturistica.com\/es\/turespana-promueve-el-turismo-inclusivo-con-turoperadores-japoneses\/","title":{"rendered":"Turespa\u00f1a promueve el turismo inclusivo con turoperadores japoneses"},"content":{"rendered":"<p> <br \/>\n<\/p>\n<div>\n<p>Con el objetivo de poner en valor la oferta de accesibilidad common de Espa\u00f1a en el sector tur\u00edstico y fomentar la demanda de viajes inclusivos de personas con discapacidad, el Instituto de Turismo de Espa\u00f1a (Turespa\u00f1a), a trav\u00e9s de su Consejer\u00eda de Turismo en Tokio, ha organizado un viaje de familiarizaci\u00f3n del 12 al 19 de octubre en el que participan tres de las agencias de viaje m\u00e1s relevantes de Jap\u00f3n (JTB, HIS y JALPAK), as\u00ed como un viajero con discapacidad, usuario de sillas de ruedas, residente de Okinawa (Jap\u00f3n).<\/p>\n<p>Esta acci\u00f3n refuerza el nuevo memorando de entendimiento firmado por el secretario de Estado de Turismo, Fernando Vald\u00e9s, en su visita a Jap\u00f3n, por el que se impulsa la cooperaci\u00f3n tur\u00edstica con el pa\u00eds asi\u00e1tico, y que permite a los gobiernos de ambos pa\u00edses compartir experiencias y desarrollar acciones de inter\u00e9s mutuo.<\/p>\n<p>En este sentido, el secretario de Estado y presidente de Turespa\u00f1a, Fernando Vald\u00e9s, y el director common de Turespa\u00f1a, Miguel Sanz, han mantenido hoy un encuentro con los participantes en este famtrip manifestando as\u00ed el acercamiento y el fortalecimiento de los lazos con Jap\u00f3n y el compromiso de Espa\u00f1a, al m\u00e1s alto nivel en el sector tur\u00edstico, con la poblaci\u00f3n con discapacidad.<\/p>\n<div class=\"wysiwyg-photo\"><img decoding=\"async\" src=\"https:\/\/static.hosteltur.com\/app\/public\/uploads\/img\/releases\/2022\/10\/13\/L_145002_famtrip-inclusivo-pequena.jpg\" alt=\"Imagen nota de prensa Hosteltur\" width=\"620\" height=\"465\"\/><\/div>\n<p>El famtrip cuenta con la colaboraci\u00f3n de los organismos p\u00fablicos de Turismo de Andaluc\u00eda, Madrid, Castilla La Mancha, Castilla y Le\u00f3n y Barcelona, as\u00ed como con la cadena hotelera Iluni\u00f3n, Renfe, Patrimonio Nacional y diversos museos y monumentos.<\/p>\n<p>Los participantes visitar\u00e1n Madrid, incluyendo el Museo Tiflol\u00f3gico, Museo del Prado y Museo Reina Sof\u00eda; Toledo, con los monumentos de las Tres Culturas y El Greco, entre otros atractivos tur\u00edsticos; la Muralla y centro hist\u00f3rico de \u00c1vila, ciudad galardonada en 2010 con el Premio Europeo de Ciudades Accesibles; el Monasterio del Escorial, monumento de Patrimonio Nacional plenamente accesible desde hace m\u00e1s de diez a\u00f1os; Sevilla, con su atractiva oferta tur\u00edstica para Jap\u00f3n, y Barcelona, con la Sagrada Familia y Parque G\u00fcell, entre otros lugares.<\/p>\n<p>Tambi\u00e9n se realizar\u00e1n experiencias gastron\u00f3micas y de compras en importantes restaurantes y grandes almacenes. Y en el trayecto del AVE Madrid-Sevilla se contar\u00e1 con el apoyo de Renfe como referente de transporte p\u00fablico plenamente accesible.<\/p>\n<p>Este famtrip contar\u00e1, adem\u00e1s, con la colaboraci\u00f3n de la cadena hotelera Iluni\u00f3n, especializada en la oferta inclusiva por las condiciones de servicios con accesibilidad common de sus establecimientos, con habitaciones y entornos adaptados a las diferentes discapacidades (movilidad reducida, discapacidad intelectual o sensorial).<\/p>\n<p>Derechos de las personas con discapacidad<\/p>\n<p>Seg\u00fan la Organizaci\u00f3n de Naciones Unidas (ONU) un 10% de la poblaci\u00f3n de cada pa\u00eds son personas con discapacidad (m\u00e1s de tres millones en Espa\u00f1a y de diez millones en Jap\u00f3n). La Convenci\u00f3n de la ONU de los Derechos de las Personas con Discapacidad ya se\u00f1ala expresamente en su art\u00edculo 30 el derecho de las personas con discapacidad a participar, en igualdad de condiciones con las dem\u00e1s, en la vida cultural, las actividades recreativas, el esparcimiento y el deporte. Y para ello establece que se adoptar\u00e1n todas las medidas pertinentes para asegurar que tienen acceso, por ejemplo, al turismo como uno de las m\u00e1s relevantes muestras de la vida cultural de las personas.<\/p>\n<p>De acuerdo con ello, Turespa\u00f1a quiere fomentar los flujos tur\u00edsticos con Jap\u00f3n y otros pa\u00edses emisores en relaci\u00f3n con las personas con discapacidad, teniendo en cuenta los derechos de estas personas y el impacto positivo a\u00f1adido de un incremento de demanda de servicios de turismo sobre el sector del viaje en Espa\u00f1a.<\/p>\n<\/p><\/div>\n\n<p><em> &#8221; Fuentes www.hosteltur.com &#8221; <\/em><\/p>\n","protected":false},"excerpt":{"rendered":"<p>Con el objetivo de poner en valor la oferta de accesibilidad common de Espa\u00f1a en el sector tur\u00edstico y fomentar la demanda de viajes inclusivos de personas con discapacidad, el Instituto de Turismo de Espa\u00f1a (Turespa\u00f1a), a trav\u00e9s de su Consejer\u00eda de Turismo en Tokio, ha organizado un viaje de familiarizaci\u00f3n del 12 al 19 [&hellip;]<\/p>\n","protected":false},"author":4,"featured_media":405885,"comment_status":"open","ping_status":"closed","sticky":false,"template":"","format":"standard","meta":{"om_disable_all_campaigns":false,"jnews-multi-image_gallery":[],"jnews_single_post":[],"jnews_primary_category":[],"jnews_social_meta":[],"footnotes":""},"categories":[40],"tags":[715],"class_list":["post-405884","post","type-post","status-publish","format-standard","has-post-thumbnail","hentry","category-industria","tag-economia"],"_links":{"self":[{"href":"https:\/\/dimensionturistica.com\/es\/wp-json\/wp\/v2\/posts\/405884","targetHints":{"allow":["GET"]}}],"collection":[{"href":"https:\/\/dimensionturistica.com\/es\/wp-json\/wp\/v2\/posts"}],"about":[{"href":"https:\/\/dimensionturistica.com\/es\/wp-json\/wp\/v2\/types\/post"}],"author":[{"embeddable":true,"href":"https:\/\/dimensionturistica.com\/es\/wp-json\/wp\/v2\/users\/4"}],"replies":[{"embeddable":true,"href":"https:\/\/dimensionturistica.com\/es\/wp-json\/wp\/v2\/comments?post=405884"}],"version-history":[{"count":0,"href":"https:\/\/dimensionturistica.com\/es\/wp-json\/wp\/v2\/posts\/405884\/revisions"}],"wp:featuredmedia":[{"embeddable":true,"href":"https:\/\/dimensionturistica.com\/es\/wp-json\/wp\/v2\/media\/405885"}],"wp:attachment":[{"href":"https:\/\/dimensionturistica.com\/es\/wp-json\/wp\/v2\/media?parent=405884"}],"wp:term":[{"taxonomy":"category","embeddable":true,"href":"https:\/\/dimensionturistica.com\/es\/wp-json\/wp\/v2\/categories?post=405884"},{"taxonomy":"post_tag","embeddable":true,"href":"https:\/\/dimensionturistica.com\/es\/wp-json\/wp\/v2\/tags?post=405884"}],"curies":[{"name":"wp","href":"https:\/\/api.w.org\/{rel}","templated":true}]}}