{"id":405848,"date":"2022-10-16T02:54:36","date_gmt":"2022-10-16T02:54:36","guid":{"rendered":"https:\/\/dimensionturistica.com\/es\/?p=405848"},"modified":"2022-10-16T02:54:36","modified_gmt":"2022-10-16T02:54:36","slug":"rompe-record-quintana-roo-en-llegadas-de-pasajeros-via-area-en-el-mes-de-septiembre","status":"publish","type":"post","link":"https:\/\/dimensionturistica.com\/es\/rompe-record-quintana-roo-en-llegadas-de-pasajeros-via-area-en-el-mes-de-septiembre\/","title":{"rendered":"Rompe r\u00e9cord Quintana Roo en llegadas de pasajeros v\u00eda \u00e1rea en el mes de septiembre"},"content":{"rendered":"<p>De acuerdo con el Sistema de Inteligencia de Mercados Tur\u00edsticos del Consejo de Promoci\u00f3n Tur\u00edstica de Quintana Roo (CPTQ), por primera vez en la historia de Quintana Roo, se registr\u00f3 la<img decoding=\"async\" class=\"size-medium wp-image-405853 alignright\" src=\"https:\/\/dimensionturistica.com\/es\/wp-content\/uploads\/2022\/10\/unnamed-2-7-300x200.jpg\" alt=\"\" width=\"300\" height=\"200\" srcset=\"https:\/\/dimensionturistica.com\/es\/wp-content\/uploads\/2022\/10\/unnamed-2-7-300x200.jpg 300w, https:\/\/dimensionturistica.com\/es\/wp-content\/uploads\/2022\/10\/unnamed-2-7-1024x682.jpg 1024w, https:\/\/dimensionturistica.com\/es\/wp-content\/uploads\/2022\/10\/unnamed-2-7-768x512.jpg 768w, https:\/\/dimensionturistica.com\/es\/wp-content\/uploads\/2022\/10\/unnamed-2-7-750x500.jpg 750w, https:\/\/dimensionturistica.com\/es\/wp-content\/uploads\/2022\/10\/unnamed-2-7-1140x760.jpg 1140w, https:\/\/dimensionturistica.com\/es\/wp-content\/uploads\/2022\/10\/unnamed-2-7.jpg 1280w\" sizes=\"(max-width: 300px) 100vw, 300px\" \/> llegada de m\u00e1s de un mill\u00f3n de pasajeros v\u00eda a\u00e9rea durante septiembre.<br \/>\nEsta hist\u00f3rica cifra se alcanz\u00f3 sumando el total de pasajeros que arribaron a los aeropuertos de Canc\u00fan, Cozumel y Chetumal en septiembre, considerado el mes de menor flujo de turistas durante la temporada baja; sin embargo y gracias a la amplia oferta tur\u00edstica y conectividad a\u00e9rea de Quintana Roo, el Caribe Mexicano es que se lleg\u00f3 a este n\u00famero, a trav\u00e9s de 7 mil 100 vuelos, provenientes desde 101 ciudades de 25 pa\u00edses del mundo. Cabe se\u00f1alar que en septiembre, destaca Isla Cozumel, que report\u00f3 un 85.5% de crecimiento con respecto a 2019.<br \/>\nDe acuerdo al registro acumulado de enero a septiembre de este a\u00f1o, han arribado m\u00e1s de 11<img decoding=\"async\" class=\"size-medium wp-image-405854 alignright\" src=\"https:\/\/dimensionturistica.com\/es\/wp-content\/uploads\/2022\/10\/unnamed-1-9-300x225.jpg\" alt=\"\" width=\"300\" height=\"225\" srcset=\"https:\/\/dimensionturistica.com\/es\/wp-content\/uploads\/2022\/10\/unnamed-1-9-300x225.jpg 300w, https:\/\/dimensionturistica.com\/es\/wp-content\/uploads\/2022\/10\/unnamed-1-9-1024x767.jpg 1024w, https:\/\/dimensionturistica.com\/es\/wp-content\/uploads\/2022\/10\/unnamed-1-9-768x575.jpg 768w, https:\/\/dimensionturistica.com\/es\/wp-content\/uploads\/2022\/10\/unnamed-1-9-750x562.jpg 750w, https:\/\/dimensionturistica.com\/es\/wp-content\/uploads\/2022\/10\/unnamed-1-9-1140x854.jpg 1140w, https:\/\/dimensionturistica.com\/es\/wp-content\/uploads\/2022\/10\/unnamed-1-9.jpg 1280w\" sizes=\"(max-width: 300px) 100vw, 300px\" \/> millones de pasajeros a Quintana Roo, lo que representa un 15.6% m\u00e1s que en el mismo periodo de 2019.<br \/>\nA la fecha, el Aeropuerto Internacional de Canc\u00fan, destac\u00f3 por haber reportado el mayor crecimiento en movimiento de pasajeros internacionales en el pa\u00eds, lo que contribuye al posicionamiento de la zona del Caribe Mexicano como l\u00edder en turismo internacional.<br \/>\nGracias al trabajo en conjunto con aerol\u00edneas, iniciativa privada, hoteles y gobierno es que se siguen obteniendo resultados en favor de la sociedad quintanarroense.<\/p>\n","protected":false},"excerpt":{"rendered":"<p>De acuerdo con el Sistema de Inteligencia de Mercados Tur\u00edsticos del Consejo de Promoci\u00f3n Tur\u00edstica de Quintana Roo (CPTQ), por primera vez en la historia de Quintana Roo, se registr\u00f3 la llegada de m\u00e1s de un mill\u00f3n de pasajeros v\u00eda a\u00e9rea durante septiembre. Esta hist\u00f3rica cifra se alcanz\u00f3 sumando el total de pasajeros que arribaron [&hellip;]<\/p>\n","protected":false},"author":1,"featured_media":405852,"comment_status":"open","ping_status":"closed","sticky":false,"template":"","format":"standard","meta":{"om_disable_all_campaigns":false,"jnews-multi-image_gallery":[],"jnews_single_post":{"source_name":"","source_url":"","via_name":"","via_url":"","override_template":"0","override":[{"template":"1","single_blog_custom":"","parallax":"1","fullscreen":"1","layout":"right-sidebar","sidebar":"default-sidebar","second_sidebar":"default-sidebar","sticky_sidebar":"1","share_position":"top","share_float_style":"share-monocrhome","show_share_counter":"1","show_view_counter":"1","show_featured":"1","show_post_meta":"1","show_post_author":"1","show_post_author_image":"1","show_post_date":"1","post_date_format":"default","post_date_format_custom":"Y\/m\/d","show_post_category":"1","show_post_reading_time":"0","post_reading_time_wpm":"300","show_zoom_button":"0","zoom_button_out_step":"2","zoom_button_in_step":"3","show_post_tag":"1","show_prev_next_post":"1","show_popup_post":"1","number_popup_post":"1","show_author_box":"0","show_post_related":"0","show_inline_post_related":"0"}],"override_image_size":"0","image_override":[{"single_post_thumbnail_size":"crop-500","single_post_gallery_size":"crop-500"}],"trending_post":"0","trending_post_position":"meta","trending_post_label":"Trending","sponsored_post":"0","sponsored_post_label":"Sponsored by","sponsored_post_name":"","sponsored_post_url":"","sponsored_post_logo_enable":"0","sponsored_post_logo":"","sponsored_post_desc":"","disable_ad":"0"},"jnews_primary_category":{"id":"","hide":""},"jnews_social_meta":{"fb_title":"","fb_description":"","fb_image":"","twitter_title":"","twitter_description":"","twitter_image":""},"footnotes":""},"categories":[39],"tags":[],"class_list":["post-405848","post","type-post","status-publish","format-standard","has-post-thumbnail","hentry","category-viajes"],"_links":{"self":[{"href":"https:\/\/dimensionturistica.com\/es\/wp-json\/wp\/v2\/posts\/405848","targetHints":{"allow":["GET"]}}],"collection":[{"href":"https:\/\/dimensionturistica.com\/es\/wp-json\/wp\/v2\/posts"}],"about":[{"href":"https:\/\/dimensionturistica.com\/es\/wp-json\/wp\/v2\/types\/post"}],"author":[{"embeddable":true,"href":"https:\/\/dimensionturistica.com\/es\/wp-json\/wp\/v2\/users\/1"}],"replies":[{"embeddable":true,"href":"https:\/\/dimensionturistica.com\/es\/wp-json\/wp\/v2\/comments?post=405848"}],"version-history":[{"count":0,"href":"https:\/\/dimensionturistica.com\/es\/wp-json\/wp\/v2\/posts\/405848\/revisions"}],"wp:featuredmedia":[{"embeddable":true,"href":"https:\/\/dimensionturistica.com\/es\/wp-json\/wp\/v2\/media\/405852"}],"wp:attachment":[{"href":"https:\/\/dimensionturistica.com\/es\/wp-json\/wp\/v2\/media?parent=405848"}],"wp:term":[{"taxonomy":"category","embeddable":true,"href":"https:\/\/dimensionturistica.com\/es\/wp-json\/wp\/v2\/categories?post=405848"},{"taxonomy":"post_tag","embeddable":true,"href":"https:\/\/dimensionturistica.com\/es\/wp-json\/wp\/v2\/tags?post=405848"}],"curies":[{"name":"wp","href":"https:\/\/api.w.org\/{rel}","templated":true}]}}