{"id":405680,"date":"2022-10-15T21:31:57","date_gmt":"2022-10-15T21:31:57","guid":{"rendered":"https:\/\/dimensionturistica.com\/es\/?p=405680"},"modified":"2022-10-15T21:31:57","modified_gmt":"2022-10-15T21:31:57","slug":"abierta-la-convocatoria-del-concurso-nacional-de-periodismo-2022-matices-de-la-trata-de-personas","status":"publish","type":"post","link":"https:\/\/dimensionturistica.com\/es\/abierta-la-convocatoria-del-concurso-nacional-de-periodismo-2022-matices-de-la-trata-de-personas\/","title":{"rendered":"Abierta la convocatoria del Concurso Nacional de Periodismo 2022 \u201cMatices de la trata de personas\u201d"},"content":{"rendered":"<p>Con el objetivo de reconocer el trabajo de periodistas enfocados en la investigaci\u00f3n, documentaci\u00f3n y proyecci\u00f3n de la situaci\u00f3n de trata de personas en M\u00e9xico, Dignificando el<img decoding=\"async\" class=\"size-medium wp-image-405722 alignright\" src=\"https:\/\/dimensionturistica.com\/es\/wp-content\/uploads\/2022\/10\/MATIVESDE-300x274.png\" alt=\"\" width=\"300\" height=\"274\" srcset=\"https:\/\/dimensionturistica.com\/es\/wp-content\/uploads\/2022\/10\/MATIVESDE-300x274.png 300w, https:\/\/dimensionturistica.com\/es\/wp-content\/uploads\/2022\/10\/MATIVESDE.png 604w\" sizes=\"(max-width: 300px) 100vw, 300px\" \/> Trabajo AC mantiene abierta la convocatoria para el Concurso Nacional de Periodismo 2022: \u201cMatices de la Trata de Personas\u201d.<br \/>\nEn colaboraci\u00f3n con diversas instancias nacionales, organismos internacionales e Iniciativa Arropa de Fundaci\u00f3n Avina, se genera la oportunidad para premiar la labor de aquellos periodistas que a trav\u00e9s de sus reportajes escritos y audiovisuales han logrado visibilizar la existencia del trabajo forzoso y la trata de personas que permite conocer la pluralidad de contextos y circunstancias que predominan en el pa\u00eds.<br \/>\nEn el certamen podr\u00e1n participar mexicanos o extranjeros mayores de edad que laboren en medios impresos, digitales y\/o independientes que hayan desarrollado alg\u00fan reportaje escrito publicado entre enero 2019 y julio 2022 y que abordaran tem\u00e1ticas relacionadas con Trabajo infantil (TI), Trabajo Forzoso (TF) o Trata de Personas (TP).<br \/>\nTambi\u00e9n ser\u00e1n recibidos los trabajos de periodistas o estudiantes mexicanos o extranjeros, mayor de edad, que vivan en M\u00e9xico y est\u00e9n interesados en presentar un reportaje audiovisual referente a alguna de las tem\u00e1ticas mencionadas.<br \/>\nLos participantes en la categor\u00eda Reportaje Escrito deber\u00e1n inscribir un trabajo publicado entre el 01 de enero de 2019 y el 31 de octubre de 2022 en medios impresos electr\u00f3nicos y se har\u00e1n acreedores a los siguientes premios:<br \/>\n1er lugar $ 20,000 pesos mexicanos y reconocimiento.<br \/>\n2do lugar $ 15,000 pesos mexicanos y reconocimiento.<br \/>\n3er lugar $ 10,000 pesos mexicanos y reconocimiento.<br \/>\nLa categor\u00eda Reportaje Audioivisual fomenta la participaci\u00f3n de personas estudiantes universitar\u00edas que se encuentren el \u00faltimo y pen\u00faltimo semestre de las carreras de comunicaci\u00f3n, periodismo, producci\u00f3n audiovisual y afines. Podr\u00e1n participar de manera individual o por equipo; se aceptar\u00e1 s\u00f3lo un trabajo por persona o equipo y se har\u00e1n acreedores a los siguientes incentivos:<img decoding=\"async\" class=\"size-medium wp-image-405720 alignright\" src=\"https:\/\/dimensionturistica.com\/es\/wp-content\/uploads\/2022\/10\/matices-300x300.jpg\" alt=\"\" width=\"300\" height=\"300\" srcset=\"https:\/\/dimensionturistica.com\/es\/wp-content\/uploads\/2022\/10\/matices-300x300.jpg 300w, https:\/\/dimensionturistica.com\/es\/wp-content\/uploads\/2022\/10\/matices-1024x1024.jpg 1024w, https:\/\/dimensionturistica.com\/es\/wp-content\/uploads\/2022\/10\/matices-150x150.jpg 150w, https:\/\/dimensionturistica.com\/es\/wp-content\/uploads\/2022\/10\/matices-768x768.jpg 768w, https:\/\/dimensionturistica.com\/es\/wp-content\/uploads\/2022\/10\/matices-75x75.jpg 75w, https:\/\/dimensionturistica.com\/es\/wp-content\/uploads\/2022\/10\/matices-350x350.jpg 350w, https:\/\/dimensionturistica.com\/es\/wp-content\/uploads\/2022\/10\/matices-750x750.jpg 750w, https:\/\/dimensionturistica.com\/es\/wp-content\/uploads\/2022\/10\/matices-1140x1140.jpg 1140w, https:\/\/dimensionturistica.com\/es\/wp-content\/uploads\/2022\/10\/matices.jpg 1496w\" sizes=\"(max-width: 300px) 100vw, 300px\" \/><br \/>\n1er lugar $ 60,000 pesos mexicanos y reconocimiento.<br \/>\n2do lugar $ 50,000 pesos mexicanos y reconocimiento.<br \/>\n3er lugar $ 30,000 pesos mexicanos y reconocimiento.<br \/>\nLa fecha l\u00edmite de registro para ambas categor\u00edas es el pr\u00f3ximo 31 de octubre de 2022 antes de las 23:59 horas, a trav\u00e9s del formulario de registro del sitio: maticesdelatrata.org<br \/>\n\u201cDesde Dignificando el Trabajo consideramos importante reconocer la labor de los periodistas que han abordado estas problem\u00e1ticas y que nos permiten ajustar la mirada y reflexionar sobre temas tan sensibles para el pa\u00eds\u201d, dijo M\u00f3nica Salazar, fundadora de Dignificando el Trabajo AC.<br \/>\nEl comit\u00e9 evaluador, integrado por personalidades con comprobable conocimiento de la tem\u00e1tica, tomar\u00e1 en cuenta \u00fanicamente lo trabajos que cumplan con los siguientes criterios: claridad y precisi\u00f3n, investigaci\u00f3n propia, calidad t\u00e9cnica de los planteamientos, calidad narrativa, relevancia e impacto, rigor en el tratamiento de la informaci\u00f3n y fuentes verificables.<br \/>\nLos resultados se dar\u00e1n a conocer al p\u00fablico en general en el sitio web www.maticesdelatrata.org en noviembre de 2022 y la premiaci\u00f3n se realizar\u00e1 en la Ciudad de M\u00e9xico.<br \/>\nEste concurso es posible gracias al apoyo de Hispanics in Philanthropy (HIP), Periodistas de a pie, Fundaci\u00f3n Avina, Dignificando el Trabajo AC, Organizaci\u00f3n Internacional del Trabajo (OIT), Comisi\u00f3n Nacional de los Derechos Humanos, Organizaci\u00f3n Internacional de las Migraciones (IOM), Comisi\u00f3n Intersecretarial Contra la Trata de Personas. El monto total de los premios ser\u00e1 asumido por Dignificando el Trabajo A.C. con apoyo de Fundaci\u00f3n Avina en el marco de su iniciativa Arropa.<br \/>\nPara mayor informaci\u00f3n, comunicarse v\u00eda electr\u00f3nica a: matices2022@dignificando.org o al tel\u00e9fono: 55 9155 2844.<br \/>\nConsulta las bases en https:\/\/maticesdelatrata.org\/bases\/<\/p>\n","protected":false},"excerpt":{"rendered":"<p>Con el objetivo de reconocer el trabajo de periodistas enfocados en la investigaci\u00f3n, documentaci\u00f3n y proyecci\u00f3n de la situaci\u00f3n de trata de personas en M\u00e9xico, Dignificando el Trabajo AC mantiene abierta la convocatoria para el Concurso Nacional de Periodismo 2022: \u201cMatices de la Trata de Personas\u201d. En colaboraci\u00f3n con diversas instancias nacionales, organismos internacionales e [&hellip;]<\/p>\n","protected":false},"author":1,"featured_media":405721,"comment_status":"open","ping_status":"closed","sticky":false,"template":"","format":"standard","meta":{"om_disable_all_campaigns":false,"jnews-multi-image_gallery":[],"jnews_single_post":{"source_name":"","source_url":"","via_name":"","via_url":"","override_template":"0","override":[{"template":"1","single_blog_custom":"","parallax":"1","fullscreen":"1","layout":"right-sidebar","sidebar":"default-sidebar","second_sidebar":"default-sidebar","sticky_sidebar":"1","share_position":"top","share_float_style":"share-monocrhome","show_share_counter":"1","show_view_counter":"1","show_featured":"1","show_post_meta":"1","show_post_author":"1","show_post_author_image":"1","show_post_date":"1","post_date_format":"default","post_date_format_custom":"Y\/m\/d","show_post_category":"1","show_post_reading_time":"0","post_reading_time_wpm":"300","show_zoom_button":"0","zoom_button_out_step":"2","zoom_button_in_step":"3","show_post_tag":"1","show_prev_next_post":"1","show_popup_post":"1","number_popup_post":"1","show_author_box":"0","show_post_related":"0","show_inline_post_related":"0"}],"override_image_size":"0","image_override":[{"single_post_thumbnail_size":"crop-500","single_post_gallery_size":"crop-500"}],"trending_post":"0","trending_post_position":"meta","trending_post_label":"Trending","sponsored_post":"0","sponsored_post_label":"Sponsored by","sponsored_post_name":"","sponsored_post_url":"","sponsored_post_logo_enable":"0","sponsored_post_logo":"","sponsored_post_desc":"","disable_ad":"0"},"jnews_primary_category":{"id":"","hide":""},"jnews_social_meta":{"fb_title":"","fb_description":"","fb_image":"","twitter_title":"","twitter_description":"","twitter_image":""},"footnotes":""},"categories":[40],"tags":[],"class_list":["post-405680","post","type-post","status-publish","format-standard","has-post-thumbnail","hentry","category-industria"],"_links":{"self":[{"href":"https:\/\/dimensionturistica.com\/es\/wp-json\/wp\/v2\/posts\/405680","targetHints":{"allow":["GET"]}}],"collection":[{"href":"https:\/\/dimensionturistica.com\/es\/wp-json\/wp\/v2\/posts"}],"about":[{"href":"https:\/\/dimensionturistica.com\/es\/wp-json\/wp\/v2\/types\/post"}],"author":[{"embeddable":true,"href":"https:\/\/dimensionturistica.com\/es\/wp-json\/wp\/v2\/users\/1"}],"replies":[{"embeddable":true,"href":"https:\/\/dimensionturistica.com\/es\/wp-json\/wp\/v2\/comments?post=405680"}],"version-history":[{"count":0,"href":"https:\/\/dimensionturistica.com\/es\/wp-json\/wp\/v2\/posts\/405680\/revisions"}],"wp:featuredmedia":[{"embeddable":true,"href":"https:\/\/dimensionturistica.com\/es\/wp-json\/wp\/v2\/media\/405721"}],"wp:attachment":[{"href":"https:\/\/dimensionturistica.com\/es\/wp-json\/wp\/v2\/media?parent=405680"}],"wp:term":[{"taxonomy":"category","embeddable":true,"href":"https:\/\/dimensionturistica.com\/es\/wp-json\/wp\/v2\/categories?post=405680"},{"taxonomy":"post_tag","embeddable":true,"href":"https:\/\/dimensionturistica.com\/es\/wp-json\/wp\/v2\/tags?post=405680"}],"curies":[{"name":"wp","href":"https:\/\/api.w.org\/{rel}","templated":true}]}}