{"id":405620,"date":"2022-10-15T16:48:36","date_gmt":"2022-10-15T16:48:36","guid":{"rendered":"https:\/\/dimensionturistica.com\/es\/?p=405620"},"modified":"2022-10-15T16:49:43","modified_gmt":"2022-10-15T16:49:43","slug":"el-showcase-sound-2022-scs22-se-celebrara-del-03-al-06-de-noviembre-en-casa-versalles-con-la-presentacion-de-instalaciones-inmersivas-esculturas-sonoras-y-mas-de-20-performances-en-vivo","status":"publish","type":"post","link":"https:\/\/dimensionturistica.com\/es\/el-showcase-sound-2022-scs22-se-celebrara-del-03-al-06-de-noviembre-en-casa-versalles-con-la-presentacion-de-instalaciones-inmersivas-esculturas-sonoras-y-mas-de-20-performances-en-vivo\/","title":{"rendered":"El showcase sound + 2022 (scs+22) se celebrar\u00e1 del 03 al 06 de noviembre en Casa Versalles, con la presentaci\u00f3n de instalaciones inmersivas, esculturas sonoras y m\u00e1s de 20 performances en vivo."},"content":{"rendered":"<p>Durante cerca de 20 a\u00f1os, el arte sonoro y la m\u00fasica experimental han tenido en M\u00e9xico un importante nicho de talento, as\u00ed como de p\u00fablicos \u00e1vidos por explorar los trabajos con sonido m\u00e1s vanguardistas que se pueden descubrir dentro de la escena emergente tanto de nuestro pa\u00eds como internacional. Sin embargo, entre la propuesta de eventos se hab\u00eda encontrado uno<img decoding=\"async\" class=\"size-medium wp-image-405622 alignright\" src=\"https:\/\/dimensionturistica.com\/es\/wp-content\/uploads\/2022\/10\/8CAB73DB-6082-45E2-AA13-5FF822C19F5E-300x169.jpeg\" alt=\"\" width=\"300\" height=\"169\" srcset=\"https:\/\/dimensionturistica.com\/es\/wp-content\/uploads\/2022\/10\/8CAB73DB-6082-45E2-AA13-5FF822C19F5E-300x169.jpeg 300w, https:\/\/dimensionturistica.com\/es\/wp-content\/uploads\/2022\/10\/8CAB73DB-6082-45E2-AA13-5FF822C19F5E-768x432.jpeg 768w, https:\/\/dimensionturistica.com\/es\/wp-content\/uploads\/2022\/10\/8CAB73DB-6082-45E2-AA13-5FF822C19F5E-750x422.jpeg 750w, https:\/\/dimensionturistica.com\/es\/wp-content\/uploads\/2022\/10\/8CAB73DB-6082-45E2-AA13-5FF822C19F5E.jpeg 1000w\" sizes=\"(max-width: 300px) 100vw, 300px\" \/> donde converjan expresiones de diferentes formatos (esculturas sonoras, piezas de sonido y performances) para crear una experiencia irrepetible e inolvidable.<br \/>\nCon el objetivo de promover el valioso talento emergente, as\u00ed como el ya consolidado de M\u00e9xico y uniendo a generaciones de artistas que se han mantenido a la vanguardia conceptual y t\u00e9cnica en cuanto a las posibilidades sonoras, del 03 al 06 de noviembre del 2022 se llevar\u00e1 a cabo el showcase sound + (scs+22), que busca llevar a la mayor cantidad de personas una gran variedad de propuestas vanguardistas en torno al uso no convencional del sonido en nuestro pa\u00eds.<br \/>\nA celebrarse en Casa Versalles (Versalles 113, Col. Ju\u00e1rez, CDMX), scs+22 busca hacer de la vanguardia un centro de inter\u00e9s cultural, vinculando la experimentaci\u00f3n sonora dentro de diferentes disciplinas de arte contempor\u00e1neo que est\u00e1n creciendo a nivel nacional.<br \/>\nEl showcase sound + ha programado una amplia selecci\u00f3n de diferentes artistas nacionales y radicados en el pa\u00eds, que se centrar\u00e1 en el uso del sonido y las diferentes maneras de exponerlo: esculturas sonoras, instalaciones, piezas acusm\u00e1ticas (monof\u00f3nicas, estereof\u00f3nicas, cuadraf\u00f3nicas, octof\u00f3nicas, multicanal) y performances sonoros.<br \/>\nEl line up actual, al que se sumar\u00e1n m\u00e1s talentos, est\u00e1 conformado por: Sol Oosel, Malitzin Cortes, Interespecifics, Sites + Cyrus Bayandor, Lucas Cant\u00fa, John Giorno, Mito del Desierto, Roberto Morales Manzanares, ??Ana Paula Santana, Alonso Hern\u00e1ndez, La kriego + La Cal,<img decoding=\"async\" class=\"size-medium wp-image-405627 alignright\" src=\"https:\/\/dimensionturistica.com\/es\/wp-content\/uploads\/2022\/10\/SOLES-300x187.jpg\" alt=\"\" width=\"300\" height=\"187\" srcset=\"https:\/\/dimensionturistica.com\/es\/wp-content\/uploads\/2022\/10\/SOLES-300x187.jpg 300w, https:\/\/dimensionturistica.com\/es\/wp-content\/uploads\/2022\/10\/SOLES.jpg 500w\" sizes=\"(max-width: 300px) 100vw, 300px\" \/> Enrique Arriaga, Maximiliano Rosiles, Iv\u00e1n Naranjo, Carlos Iturralde, Tito Rivas, Dios Bestial, Sof\u00eda Legarreta y Gabriel O\u00b4Shea.<br \/>\nDe acuerdo con Mois\u00e9s Sacal Hadid, director de sound +: \u201cCon este showcase y posterior festival, queremos reafirmar el papel de sound + como un puente donde se unen las distintas pr\u00e1cticas y vertientes de la cultura del sonido dentro del contexto cultural actual\u201d.<br \/>\nExperiencias inmersivas acorde con los tiempos actuales<br \/>\nDurante estos cuatro d\u00edas, scs+22 exhibir\u00e1 una selecci\u00f3n curatorial de propuestas conceptuales que se expresan mediante el uso de sonido, surgidas de ideas pertinentes en el contexto actual para despertar nuevas emociones en los asistentes. El jueves 03, viernes 04 y domingo 06 de noviembre los protagonistas ser\u00e1n m\u00e1s de 20 actos en vivo dentro de Casa Versalles, donde se presentar\u00e1 por primera vez en M\u00e9xico una estructura esf\u00e9rica de 12 bocinas que sumergir\u00e1 a los espectadores en una experiencia inmersiva nunca antes presenciada en el pa\u00eds.<br \/>\nLos tickets pueden ser comprados aqu\u00ed y tienen un costo de $450 pesos por d\u00eda para jueves, viernes y domingo, con acceso a la exhibici\u00f3n de piezas y performances; en tanto que el s\u00e1bado 05 de noviembre ser\u00e1 de $250 pesos, pues s\u00f3lo se presentar\u00e1n las piezas instaladas. En cualquiera de las jornadas, las puertas abren a las 13:00 horas y cierran a la medianoche. Para descubrir m\u00e1s del festival, visita: instagram.com\/soundplusmx\/.<\/p>\n","protected":false},"excerpt":{"rendered":"<p>Durante cerca de 20 a\u00f1os, el arte sonoro y la m\u00fasica experimental han tenido en M\u00e9xico un importante nicho de talento, as\u00ed como de p\u00fablicos \u00e1vidos por explorar los trabajos con sonido m\u00e1s vanguardistas que se pueden descubrir dentro de la escena emergente tanto de nuestro pa\u00eds como internacional. Sin embargo, entre la propuesta de [&hellip;]<\/p>\n","protected":false},"author":1,"featured_media":405626,"comment_status":"open","ping_status":"closed","sticky":false,"template":"","format":"standard","meta":{"om_disable_all_campaigns":false,"jnews-multi-image_gallery":[],"jnews_single_post":{"source_name":"","source_url":"","via_name":"","via_url":"","override_template":"0","override":[{"template":"1","single_blog_custom":"","parallax":"1","fullscreen":"1","layout":"right-sidebar","sidebar":"default-sidebar","second_sidebar":"default-sidebar","sticky_sidebar":"1","share_position":"top","share_float_style":"share-monocrhome","show_share_counter":"1","show_view_counter":"1","show_featured":"1","show_post_meta":"1","show_post_author":"1","show_post_author_image":"1","show_post_date":"1","post_date_format":"default","post_date_format_custom":"Y\/m\/d","show_post_category":"1","show_post_reading_time":"0","post_reading_time_wpm":"300","show_zoom_button":"0","zoom_button_out_step":"2","zoom_button_in_step":"3","show_post_tag":"1","show_prev_next_post":"1","show_popup_post":"1","number_popup_post":"1","show_author_box":"0","show_post_related":"0","show_inline_post_related":"0"}],"override_image_size":"0","image_override":[{"single_post_thumbnail_size":"crop-500","single_post_gallery_size":"crop-500"}],"trending_post":"0","trending_post_position":"meta","trending_post_label":"Trending","sponsored_post":"0","sponsored_post_label":"Sponsored by","sponsored_post_name":"","sponsored_post_url":"","sponsored_post_logo_enable":"0","sponsored_post_logo":"","sponsored_post_desc":"","disable_ad":"0"},"jnews_primary_category":{"id":"","hide":""},"jnews_social_meta":{"fb_title":"","fb_description":"","fb_image":"","twitter_title":"","twitter_description":"","twitter_image":""},"footnotes":""},"categories":[40],"tags":[],"class_list":["post-405620","post","type-post","status-publish","format-standard","has-post-thumbnail","hentry","category-industria"],"_links":{"self":[{"href":"https:\/\/dimensionturistica.com\/es\/wp-json\/wp\/v2\/posts\/405620","targetHints":{"allow":["GET"]}}],"collection":[{"href":"https:\/\/dimensionturistica.com\/es\/wp-json\/wp\/v2\/posts"}],"about":[{"href":"https:\/\/dimensionturistica.com\/es\/wp-json\/wp\/v2\/types\/post"}],"author":[{"embeddable":true,"href":"https:\/\/dimensionturistica.com\/es\/wp-json\/wp\/v2\/users\/1"}],"replies":[{"embeddable":true,"href":"https:\/\/dimensionturistica.com\/es\/wp-json\/wp\/v2\/comments?post=405620"}],"version-history":[{"count":0,"href":"https:\/\/dimensionturistica.com\/es\/wp-json\/wp\/v2\/posts\/405620\/revisions"}],"wp:featuredmedia":[{"embeddable":true,"href":"https:\/\/dimensionturistica.com\/es\/wp-json\/wp\/v2\/media\/405626"}],"wp:attachment":[{"href":"https:\/\/dimensionturistica.com\/es\/wp-json\/wp\/v2\/media?parent=405620"}],"wp:term":[{"taxonomy":"category","embeddable":true,"href":"https:\/\/dimensionturistica.com\/es\/wp-json\/wp\/v2\/categories?post=405620"},{"taxonomy":"post_tag","embeddable":true,"href":"https:\/\/dimensionturistica.com\/es\/wp-json\/wp\/v2\/tags?post=405620"}],"curies":[{"name":"wp","href":"https:\/\/api.w.org\/{rel}","templated":true}]}}