{"id":405546,"date":"2022-10-15T14:24:55","date_gmt":"2022-10-15T14:24:55","guid":{"rendered":"https:\/\/dimensionturistica.com\/es\/?p=405546"},"modified":"2022-10-15T14:24:55","modified_gmt":"2022-10-15T14:24:55","slug":"cnet-y-dt-latina-anuncian-alianza-para-capacitar-a-hoteles-y-restaurantes-en-materia-de-turismo-incluyente","status":"publish","type":"post","link":"https:\/\/dimensionturistica.com\/es\/cnet-y-dt-latina-anuncian-alianza-para-capacitar-a-hoteles-y-restaurantes-en-materia-de-turismo-incluyente\/","title":{"rendered":"CNET y DT Latina anuncian alianza para capacitar a hoteles y restaurantes en materia de turismo incluyente"},"content":{"rendered":"<p>En el marco de la Mesa de Trabajo de Turismo Inclusivo, promovida por el Consejo Nacional Empresarial Tur\u00edstico (CNET) con el fin de fomentar la igualdad de condiciones para todas las personas en el disfrute del turismo, se ha sellado la alianza con DT Latina para llevar a cabo el programa \u2018Por un turismo inclusivo en M\u00e9xico\u2019.<br \/>\n\u201cEs tiempo de repensar el turismo en M\u00e9xico, que se distinga tanto como un lugar de trabajo como un destino tur\u00edstico que da la bienvenida a todas las personas, a la vez que reconoce y celebra la diversidad cultural, sexual y de g\u00e9nero, de edad, discapacidad, ideolog\u00eda y dem\u00e1s<img decoding=\"async\" class=\" wp-image-405547 alignright\" src=\"https:\/\/dimensionturistica.com\/es\/wp-content\/uploads\/2022\/10\/Carmen-Julia-Corrales-y-Braulio-Arsuaga-300x169.jpg\" alt=\"\" width=\"424\" height=\"239\" srcset=\"https:\/\/dimensionturistica.com\/es\/wp-content\/uploads\/2022\/10\/Carmen-Julia-Corrales-y-Braulio-Arsuaga-300x169.jpg 300w, https:\/\/dimensionturistica.com\/es\/wp-content\/uploads\/2022\/10\/Carmen-Julia-Corrales-y-Braulio-Arsuaga-1024x576.jpg 1024w, https:\/\/dimensionturistica.com\/es\/wp-content\/uploads\/2022\/10\/Carmen-Julia-Corrales-y-Braulio-Arsuaga-768x432.jpg 768w, https:\/\/dimensionturistica.com\/es\/wp-content\/uploads\/2022\/10\/Carmen-Julia-Corrales-y-Braulio-Arsuaga-750x422.jpg 750w, https:\/\/dimensionturistica.com\/es\/wp-content\/uploads\/2022\/10\/Carmen-Julia-Corrales-y-Braulio-Arsuaga-1140x641.jpg 1140w, https:\/\/dimensionturistica.com\/es\/wp-content\/uploads\/2022\/10\/Carmen-Julia-Corrales-y-Braulio-Arsuaga.jpg 1200w\" sizes=\"(max-width: 424px) 100vw, 424px\" \/> dimensiones de los seres humanos\u201d, se\u00f1al\u00f3 Braulio Arsuaga, Presidente del CNET.<br \/>\nEste programa tiene como objetivo capitalizar las oportunidades y abordar los retos del sector en cuanto a equidad de g\u00e9nero, inclusi\u00f3n y accesibilidad de personas con discapacidad, adultos mayores, j\u00f3venes, comunidad LGBT+, discriminaci\u00f3n racial, entre otros, tanto en el \u00e1mbito laboral como de forma individual, con la participaci\u00f3n del turista.<br \/>\n\u201cCreemos en el turismo como un derecho de todas las personas, es por ello que este programa ser\u00e1 ofrecido a los socios del CNET, especialmente a aquellos que se desempe\u00f1an en el sector hotelero y restaurantero, en un esfuerzo de car\u00e1cter nacional por acelerar las condiciones para que todos fortalezcamos la experiencia de viaje en M\u00e9xico\u201d, a\u00f1adi\u00f3 Carmen Julia Corrales, Presidente Ejecutivo del CNET.<br \/>\nEl programa es producto de un fondo aportado por GoodBiz Network Australia, que consiste en brindar becas econ\u00f3micas desde 50% a los hoteles y restaurantes del pa\u00eds para que puedan acceder a las capacitaciones que DT Latina ofrecer\u00e1 en temas como: Pr\u00e1cticas inclusivas de Recursos Humanos, Liderazgo incluyente, Experiencia inclusiva del cliente, entre otros, en lo que resta de este 2022.<br \/>\n\u201cCelebramos el genuino compromiso del CNET por fomentar un turismo inclusivo en M\u00e9xico. Nos llena de orgullo formalizar esta alianza, a trav\u00e9s de la cual ayudaremos a los hoteles y restaurantes a repensar la diversidad e inclusi\u00f3n a favor de sus colaboradores, hu\u00e9spedes, comensales y del negocio en general, contribuyendo as\u00ed a la recuperaci\u00f3n del sector tur\u00edstico de nuestro pa\u00eds y una sociedad m\u00e1s justa y pr\u00f3spera\u201d, coment\u00f3 Esmeralda Araiza, CEO de DT Latina.<br \/>\nEsta visi\u00f3n facilitar\u00e1 el logro de los Objetivos de Desarrollo Sostenible y el cumplimiento de tratados y colaboraciones internacionales de los que M\u00e9xico es parte, como el acuerdo alcanzado en la reuni\u00f3n de ministros de Turismo del Foro de Cooperaci\u00f3n Econ\u00f3mica Asia-Pac\u00edfico (APEC) de este a\u00f1o, para poner en marcha un \u201cTurismo Seguro, Accesible e Inclusivo\u201d[1].<\/p>\n","protected":false},"excerpt":{"rendered":"<p>En el marco de la Mesa de Trabajo de Turismo Inclusivo, promovida por el Consejo Nacional Empresarial Tur\u00edstico (CNET) con el fin de fomentar la igualdad de condiciones para todas las personas en el disfrute del turismo, se ha sellado la alianza con DT Latina para llevar a cabo el programa \u2018Por un turismo inclusivo [&hellip;]<\/p>\n","protected":false},"author":1,"featured_media":405550,"comment_status":"open","ping_status":"closed","sticky":false,"template":"","format":"standard","meta":{"om_disable_all_campaigns":false,"jnews-multi-image_gallery":[],"jnews_single_post":{"source_name":"","source_url":"","via_name":"","via_url":"","override_template":"0","override":[{"template":"1","single_blog_custom":"","parallax":"1","fullscreen":"1","layout":"right-sidebar","sidebar":"default-sidebar","second_sidebar":"default-sidebar","sticky_sidebar":"1","share_position":"top","share_float_style":"share-monocrhome","show_share_counter":"1","show_view_counter":"1","show_featured":"1","show_post_meta":"1","show_post_author":"1","show_post_author_image":"1","show_post_date":"1","post_date_format":"default","post_date_format_custom":"Y\/m\/d","show_post_category":"1","show_post_reading_time":"0","post_reading_time_wpm":"300","show_zoom_button":"0","zoom_button_out_step":"2","zoom_button_in_step":"3","show_post_tag":"1","show_prev_next_post":"1","show_popup_post":"1","number_popup_post":"1","show_author_box":"0","show_post_related":"0","show_inline_post_related":"0"}],"override_image_size":"0","image_override":[{"single_post_thumbnail_size":"crop-500","single_post_gallery_size":"crop-500"}],"trending_post":"0","trending_post_position":"meta","trending_post_label":"Trending","sponsored_post":"0","sponsored_post_label":"Sponsored by","sponsored_post_name":"","sponsored_post_url":"","sponsored_post_logo_enable":"0","sponsored_post_logo":"","sponsored_post_desc":"","disable_ad":"0"},"jnews_primary_category":{"id":"","hide":""},"jnews_social_meta":{"fb_title":"","fb_description":"","fb_image":"","twitter_title":"","twitter_description":"","twitter_image":""},"footnotes":""},"categories":[40],"tags":[],"class_list":["post-405546","post","type-post","status-publish","format-standard","has-post-thumbnail","hentry","category-industria"],"_links":{"self":[{"href":"https:\/\/dimensionturistica.com\/es\/wp-json\/wp\/v2\/posts\/405546","targetHints":{"allow":["GET"]}}],"collection":[{"href":"https:\/\/dimensionturistica.com\/es\/wp-json\/wp\/v2\/posts"}],"about":[{"href":"https:\/\/dimensionturistica.com\/es\/wp-json\/wp\/v2\/types\/post"}],"author":[{"embeddable":true,"href":"https:\/\/dimensionturistica.com\/es\/wp-json\/wp\/v2\/users\/1"}],"replies":[{"embeddable":true,"href":"https:\/\/dimensionturistica.com\/es\/wp-json\/wp\/v2\/comments?post=405546"}],"version-history":[{"count":0,"href":"https:\/\/dimensionturistica.com\/es\/wp-json\/wp\/v2\/posts\/405546\/revisions"}],"wp:featuredmedia":[{"embeddable":true,"href":"https:\/\/dimensionturistica.com\/es\/wp-json\/wp\/v2\/media\/405550"}],"wp:attachment":[{"href":"https:\/\/dimensionturistica.com\/es\/wp-json\/wp\/v2\/media?parent=405546"}],"wp:term":[{"taxonomy":"category","embeddable":true,"href":"https:\/\/dimensionturistica.com\/es\/wp-json\/wp\/v2\/categories?post=405546"},{"taxonomy":"post_tag","embeddable":true,"href":"https:\/\/dimensionturistica.com\/es\/wp-json\/wp\/v2\/tags?post=405546"}],"curies":[{"name":"wp","href":"https:\/\/api.w.org\/{rel}","templated":true}]}}