{"id":405178,"date":"2022-10-14T17:59:28","date_gmt":"2022-10-14T17:59:28","guid":{"rendered":"https:\/\/dimensionturistica.com\/es\/?p=405178"},"modified":"2022-10-14T17:59:29","modified_gmt":"2022-10-14T17:59:29","slug":"el-sector-turistico-aplaude-la-conexion-de-malaga-con-eeuu-que-en-sevilla-desata-la-polemica","status":"publish","type":"post","link":"https:\/\/dimensionturistica.com\/es\/el-sector-turistico-aplaude-la-conexion-de-malaga-con-eeuu-que-en-sevilla-desata-la-polemica\/","title":{"rendered":"El sector tur\u00edstico aplaude la conexi\u00f3n de M\u00e1laga con EEUU que en Sevilla desata la pol\u00e9mica"},"content":{"rendered":"<p> <br \/>\n<\/p>\n<p>\n        La <strong>recuperaci\u00f3n <\/strong>una d\u00e9cada despu\u00e9s de\u00a0<a rel=\"nofollow noopener\" target=\"_blank\" href=\"https:\/\/www.laopiniondemalaga.es\/turismo\/2022\/10\/12\/united-airlines-recupera-vuelo-directo-malaga-nueva-york-77163404.html\" title=\"una conexi\u00f3n directa entre M\u00e1laga y Nueva York\" class=\"link copy\"><strong>una conexi\u00f3n directa entre M\u00e1laga y Nueva York<\/strong><\/a>\u00a0ha sido muy aplaudida por portavoces hoteleros, del gremio de las agencias de viajes, hosteleros vinculados directamente al segmento internacional o representantes p\u00fablicos de toda la provincia. No obstante,\u00a0<strong>autoridades de la capital sevillana abrieron al respecto una guerra dial\u00e9ctica<\/strong>\u00a0que ha sido criticada en la <strong>Costa del Sol<\/strong>.\n<\/p>\n<div>\n<p class=\"article-body__text \">\n        La medida reforzar\u00e1 la competitividad de la Costa del Sol, como remarcaron fuentes de las agencias de viaje de Sevilla, agrupadas bajo el nombre de\u00a0<strong>Aevise<\/strong>, pero tambi\u00e9n de la propia ciudad hispalense. El presidente de Aevise,\u00a0<strong>Jos\u00e9 Manuel Lastra<\/strong>, se\u00f1alaba que se trata de<strong>\u00a0una \u00abbuena noticia\u00bb para el\u00a0<\/strong><a rel=\"nofollow noopener\" target=\"_blank\" href=\"https:\/\/www.diariocordoba.com\/tags\/turismo\/\" title=\"turismo\u00a0\" class=\"link copy\"><strong>turismo\u00a0<\/strong><\/a><strong>de toda Andaluc\u00eda<\/strong>, as\u00ed como al de Sevilla \u00abporque la l\u00ednea acerca a nuestra ciudad al turista\u00bb.\n<\/p>\n<p class=\"article-body__text \">\n        Por su parte, el consejero de Turismo, Cultura y Deporte de la Junta<strong>,\u00a0<\/strong>Arturo Bernal<strong>, celebraba la \u00abgrand\u00edsima noticia\u00bb que supone la recuperaci\u00f3n de la conexi\u00f3n directa Nueva York-M\u00e1laga<\/strong>, que comenzar\u00e1 a operar el pr\u00f3ximo junio con tres vuelos a la semana. Expres\u00f3 que se trata de un vuelo \u00abmuy importante para nuestra comunidad y tiene una doble importancia\u00bb.\n<\/p>\n<p class=\"article-body__text \">\n        \u00abTambi\u00e9n supone poner un poco la pica en Flandes que nos hace tener presencia en el tr\u00e1fico internacional\u00bb, matiz\u00f3 el consejero ante los micr\u00f3fonos de Canal Sur. Aleg\u00f3 que<strong>\u00a0las otras compa\u00f1\u00edas norteamericanas \u00abse van a ver atra\u00eddas<\/strong>\u00a0sin duda por el hecho ya de que haya una compa\u00f1\u00eda que est\u00e1 operando aqu\u00ed\u00bb. As\u00ed las cosas, conf\u00eda en que la conexi\u00f3n, que ser\u00e1 operada por United Airways, \u00abtraer\u00e1 noticias a continuaci\u00f3n tambi\u00e9n buenas en otros aeropuertos de la regi\u00f3n\u00bb, replic\u00f3 ante\u00a0la pol\u00e9mica desatada por las declaraciones del alcalde de Sevilla,\u00a0<strong>Antonio Mu\u00f1oz<\/strong>.\n<\/p>\n<p class=\"article-body__text \">\n        Este \u00faltimo acus\u00f3 a la propia\u00a0<a rel=\"nofollow noopener\" target=\"_blank\" href=\"https:\/\/www.diariocordoba.com\/tags\/junta-de-andalucia\/\" title=\"Junta de Andaluc\u00eda\" class=\"link copy\"><strong>Junta de Andaluc\u00eda<\/strong><\/a>\u00a0de \u00ab<strong>dinamitar el trabajo de muchos a\u00f1os del Ayuntamiento<\/strong>\u00bb para conseguir una conexi\u00f3n a\u00e9rea de la capital hispalense con Nueva York y sugiri\u00f3 que en la <strong>decisi\u00f3n de United Airways<\/strong> de apostar por M\u00e1laga ha <strong>influido la administraci\u00f3n auton\u00f3mica<\/strong>.\n<\/p>\n<p class=\"article-body__text \">\n        \u00abCuando el consejero de Turismo es de M\u00e1laga y tambi\u00e9n lo son el viceconsejero y la secretaria basic se corre el riesgo de pensar con\u00a0<strong>una visi\u00f3n miope<\/strong>\u00a0que el turismo en Andaluc\u00eda es solamente la Costa del Sol\u00bb.\n<\/p>\n<p class=\"article-body__text \">\n        Asegur\u00f3 el propio regidor sevillano que<strong>\u00a0la decisi\u00f3n de la compa\u00f1\u00eda a\u00e9rea no es de \u00abmercado, porque Sevilla es la tercera o la segunda ciudad de Espa\u00f1a<\/strong>, depende de la \u00e9poca del a\u00f1o, en recibir turistas americanos y la primera de Andaluc\u00eda y, adem\u00e1s, tiene una oferta hotelera de cuatro o cinco estrellas, donde se mueve el visitante americano, que duplica o triplica la capacidad hotelera de M\u00e1laga\u00bb.\n<\/p>\n<p class=\"article-body__text \">\n        Por su parte, el candidato del PP a la alcald\u00eda de Sevilla,\u00a0<strong>Jos\u00e9 Luis Sanz<\/strong>, expres\u00f3 que le daba \u00abmucha pena que una vez m\u00e1s otra capital andaluza le lleve la delantera a Sevilla, despu\u00e9s de llevar este gobierno municipal hablando desde 2017 de la conexi\u00f3n a\u00e9rea directa Sevilla-Nueva York. No es un problema de la Junta de Andaluc\u00eda.\u00a0<strong>El problema es que Sevilla no hace los deberes, no saben posicionar esta ciudad a nivel internacional.<\/strong>\u00a0Cuando Sevilla llega a los sitios, M\u00e1laga lleva ya trabajando una serie de meses o a\u00f1os. \u00c9sa es la diferencia, el alcalde de Sevilla no est\u00e1 a la altura ni ahora como alcalde ni antes como delegado de Turismo y Urbanismo\u00bb.\n<\/p>\n<p class=\"article-body__text \">\n        Para el alcalde de la capital costasole\u00f1a,\u00a0Francisco de la Torre, el vuelo directo anunciado por United Airways entre M\u00e1laga y Nueva York es\u00a0<strong>\u00abuna noticia muy positiva para la comunidad andaluza\u00bb<\/strong>. Asimismo,\u00a0en relaci\u00f3n a esas cr\u00edticas por parte de Sevilla\u00a0por el hecho de que el vuelo sea en M\u00e1laga, aleg\u00f3 que no es \u00abtan importante el que sea una ciudad u otra\u00bb, ya que redundar\u00e1 en la comunidad y defendi\u00f3 adem\u00e1s el trabajo \u00abobjetivo de la Junta\u00bb.\n<\/p>\n<p class=\"article-body__text \">\n        \u00abAndaluc\u00eda es una gran zona tur\u00edstica y lo que hay que tener es ambici\u00f3n\u00bb, finaliz\u00f3 De la Torre. Se refiri\u00f3 as\u00ed al proyecto\u00a0<strong>Andalusia Soul<\/strong>, que es \u00abjustamente la coordinaci\u00f3n y colaboraci\u00f3n\u00bb de las cuatro ciudades andaluzas, sumadas Granada y C\u00f3rdoba, \u00abcon la Junta para hacer promoci\u00f3n en mercados lejanos\u00bb.\n<\/p>\n<p class=\"article-body__text \">\n        Alojamientos de la Costa del Sol como los pertenecientes a la crimson de Paradores de Espa\u00f1a, los dos de\u00a0<strong>Ronda\u00a0<\/strong>y\u00a0Antequera, los dos de la capital malague\u00f1a y el de la localidad ax\u00e1rquica de\u00a0<strong>Nerja<\/strong>, llevan a\u00f1os trabajando para reforzar y potenciar la afluencia de turistas estadounidenses. Y tambi\u00e9n s<strong>e ver\u00e1n directamente beneficiados establecimientos con firma norteamericana, como es el caso de Hilton<\/strong>, con presencia dentro de la Costa del Sol y en ciudades como la propia Sevilla.\n<\/p>\n<p class=\"article-body__text \">\n        Otros portavoces hoteleros de la Costa del Sol, adscritos a la patronal\u00a0Aehcos\u00a0o a cadenas internacionales que operan en la provincia malague\u00f1a, manifestaron su intenci\u00f3n de que los representantes p\u00fablicos\u00a0<strong>no reabran guerras dial\u00e9cticas entre provincias<\/strong>, al tiempo que recuerdan que tiempos de inflaci\u00f3n deben ser combatidos con nuevas oportunidades para atraer mercados.\n<\/p>\n<p class=\"article-body__text \">\n        As\u00ed enfatizaron el poder adquisitivo del visitante norteamericano, que suele prolongar sus estancias para rentabilizar estos vuelos de largo recorrido.\n<\/p>\n<\/p><\/div>\n\n<p><em> &#8221; Fuentes www.diariocordoba.com &#8221; <\/em><\/p>\n","protected":false},"excerpt":{"rendered":"<p>La recuperaci\u00f3n una d\u00e9cada despu\u00e9s de\u00a0una conexi\u00f3n directa entre M\u00e1laga y Nueva York\u00a0ha sido muy aplaudida por portavoces hoteleros, del gremio de las agencias de viajes, hosteleros vinculados directamente al segmento internacional o representantes p\u00fablicos de toda la provincia. No obstante,\u00a0autoridades de la capital sevillana abrieron al respecto una guerra dial\u00e9ctica\u00a0que ha sido criticada en [&hellip;]<\/p>\n","protected":false},"author":4,"featured_media":405179,"comment_status":"open","ping_status":"closed","sticky":false,"template":"","format":"standard","meta":{"om_disable_all_campaigns":false,"jnews-multi-image_gallery":[],"jnews_single_post":[],"jnews_primary_category":[],"jnews_social_meta":[],"footnotes":""},"categories":[40],"tags":[3699,6967,2718,1809,1548],"class_list":["post-405178","post","type-post","status-publish","format-standard","has-post-thumbnail","hentry","category-industria","tag-aplaude","tag-conexion","tag-malaga","tag-sector","tag-turistico"],"_links":{"self":[{"href":"https:\/\/dimensionturistica.com\/es\/wp-json\/wp\/v2\/posts\/405178","targetHints":{"allow":["GET"]}}],"collection":[{"href":"https:\/\/dimensionturistica.com\/es\/wp-json\/wp\/v2\/posts"}],"about":[{"href":"https:\/\/dimensionturistica.com\/es\/wp-json\/wp\/v2\/types\/post"}],"author":[{"embeddable":true,"href":"https:\/\/dimensionturistica.com\/es\/wp-json\/wp\/v2\/users\/4"}],"replies":[{"embeddable":true,"href":"https:\/\/dimensionturistica.com\/es\/wp-json\/wp\/v2\/comments?post=405178"}],"version-history":[{"count":0,"href":"https:\/\/dimensionturistica.com\/es\/wp-json\/wp\/v2\/posts\/405178\/revisions"}],"wp:featuredmedia":[{"embeddable":true,"href":"https:\/\/dimensionturistica.com\/es\/wp-json\/wp\/v2\/media\/405179"}],"wp:attachment":[{"href":"https:\/\/dimensionturistica.com\/es\/wp-json\/wp\/v2\/media?parent=405178"}],"wp:term":[{"taxonomy":"category","embeddable":true,"href":"https:\/\/dimensionturistica.com\/es\/wp-json\/wp\/v2\/categories?post=405178"},{"taxonomy":"post_tag","embeddable":true,"href":"https:\/\/dimensionturistica.com\/es\/wp-json\/wp\/v2\/tags?post=405178"}],"curies":[{"name":"wp","href":"https:\/\/api.w.org\/{rel}","templated":true}]}}