{"id":405126,"date":"2022-10-14T15:13:00","date_gmt":"2022-10-14T15:13:00","guid":{"rendered":"https:\/\/dimensionturistica.com\/es\/?p=405126"},"modified":"2022-10-14T15:13:00","modified_gmt":"2022-10-14T15:13:00","slug":"fue-inaugurada-la-ruta-directa-a-houston-y-austin-saliendo-desde-monterrey-nl","status":"publish","type":"post","link":"https:\/\/dimensionturistica.com\/es\/fue-inaugurada-la-ruta-directa-a-houston-y-austin-saliendo-desde-monterrey-nl\/","title":{"rendered":"Fue inaugurada la ruta directa a Houston y Austin saliendo desde Monterrey, N:L:"},"content":{"rendered":"<p>Representantes del Gobierno de Nuevo Le\u00f3n, OMA del Aeropuerto de Monterrey y de la<img decoding=\"async\" class=\"size-medium wp-image-405130 alignright\" src=\"https:\/\/dimensionturistica.com\/es\/wp-content\/uploads\/2022\/10\/NL-Spirit-1-300x200.jpg\" alt=\"\" width=\"300\" height=\"200\" srcset=\"https:\/\/dimensionturistica.com\/es\/wp-content\/uploads\/2022\/10\/NL-Spirit-1-300x200.jpg 300w, https:\/\/dimensionturistica.com\/es\/wp-content\/uploads\/2022\/10\/NL-Spirit-1-768x511.jpg 768w, https:\/\/dimensionturistica.com\/es\/wp-content\/uploads\/2022\/10\/NL-Spirit-1-750x499.jpg 750w, https:\/\/dimensionturistica.com\/es\/wp-content\/uploads\/2022\/10\/NL-Spirit-1.jpg 853w\" sizes=\"(max-width: 300px) 100vw, 300px\" \/> Aerol\u00ednea Spirit inauguraron las rutas a\u00e9reas que conectar\u00e1n a la capital de Nuevo Le\u00f3n y al noreste de M\u00e9xico con Austin y Houston a trav\u00e9s de vuelos directos y sin escalas.<br \/>\nPara recibir el arribo del primer avi\u00f3n, proveniente del Aeropuerto Internacional AustinBergstrom, estuvieron presentes Maricarmen Mart\u00ednez Villarreal, Secretaria de Turismo de Nuevo Le\u00f3n; Enrique Navarro, Director de Operaciones y Aeropuertos; Ted Christie, CEO de Spirit, y Camilo Martelo, Director de International Station Spirit.<br \/>\nLos aviones que operar\u00e1n la aerol\u00ednea estadounidense hacia y desde Monterrey, ser\u00e1n de la familia A320, con capacidad de 182 asientos y estar\u00e1n equipados con la \u00faltima tecnolog\u00eda.<img decoding=\"async\" class=\"size-medium wp-image-405129 alignright\" src=\"https:\/\/dimensionturistica.com\/es\/wp-content\/uploads\/2022\/10\/NL-Spirit-2-300x200.jpg\" alt=\"\" width=\"300\" height=\"200\" srcset=\"https:\/\/dimensionturistica.com\/es\/wp-content\/uploads\/2022\/10\/NL-Spirit-2-300x200.jpg 300w, https:\/\/dimensionturistica.com\/es\/wp-content\/uploads\/2022\/10\/NL-Spirit-2-768x511.jpg 768w, https:\/\/dimensionturistica.com\/es\/wp-content\/uploads\/2022\/10\/NL-Spirit-2-750x499.jpg 750w, https:\/\/dimensionturistica.com\/es\/wp-content\/uploads\/2022\/10\/NL-Spirit-2.jpg 853w\" sizes=\"(max-width: 300px) 100vw, 300px\" \/><br \/>\nActualmente el Estado cuenta con una ruta de Monterrey a San Antonio, con la aerol\u00ednea Viva Aerobus, y, hasta el d\u00eda de hoy, esta era la ruta m\u00e1s conocida para llegar a la Ciudad de Austin. Con la inauguraci\u00f3n de estas rutas, Monterrey se convierte en el \u00fanico destino del interior de la Rep\u00fablica de la aerol\u00ednea Spirit, que ofrecer\u00e1 dos frecuencias diarias:<br \/>\n-AUS-MTY-IAH Llega 12:49 sale 13:42<br \/>\n<img decoding=\"async\" class=\"size-medium wp-image-405128 alignleft\" src=\"https:\/\/dimensionturistica.com\/es\/wp-content\/uploads\/2022\/10\/NL-Spirit-4-300x200.jpg\" alt=\"\" width=\"300\" height=\"200\" srcset=\"https:\/\/dimensionturistica.com\/es\/wp-content\/uploads\/2022\/10\/NL-Spirit-4-300x200.jpg 300w, https:\/\/dimensionturistica.com\/es\/wp-content\/uploads\/2022\/10\/NL-Spirit-4-768x511.jpg 768w, https:\/\/dimensionturistica.com\/es\/wp-content\/uploads\/2022\/10\/NL-Spirit-4-750x499.jpg 750w, https:\/\/dimensionturistica.com\/es\/wp-content\/uploads\/2022\/10\/NL-Spirit-4.jpg 853w\" sizes=\"(max-width: 300px) 100vw, 300px\" \/>-IAH-MTY-AUS Llega 18:21 &#8211; 19:12<br \/>\nCon estas aperturas, el aeropuerto ha incrementado su red internacional con 8 nuevas rutas durante el 2022: Los \u00c1ngeles, La Habana, Chicago, Se\u00fal, Las Vegas, Santo Domingo, sumando Austin y Houston.<br \/>\nEl Aeropuerto de Monterrey, tiene una posici\u00f3n estrat\u00e9gica en el pa\u00eds, con gran conectividad a\u00e9rea y el Gobierno del Estado y OMA contin\u00faan trabajando para perfilar al aeropuerto de Monterrey como el HUB Regional de la Zona Norte de M\u00e9xico y Texas.<\/p>\n<p>&nbsp;<\/p>\n","protected":false},"excerpt":{"rendered":"<p>Representantes del Gobierno de Nuevo Le\u00f3n, OMA del Aeropuerto de Monterrey y de la Aerol\u00ednea Spirit inauguraron las rutas a\u00e9reas que conectar\u00e1n a la capital de Nuevo Le\u00f3n y al noreste de M\u00e9xico con Austin y Houston a trav\u00e9s de vuelos directos y sin escalas. Para recibir el arribo del primer avi\u00f3n, proveniente del Aeropuerto [&hellip;]<\/p>\n","protected":false},"author":1,"featured_media":405127,"comment_status":"open","ping_status":"closed","sticky":false,"template":"","format":"standard","meta":{"om_disable_all_campaigns":false,"jnews-multi-image_gallery":[],"jnews_single_post":{"source_name":"","source_url":"","via_name":"","via_url":"","override_template":"0","override":[{"template":"1","single_blog_custom":"","parallax":"1","fullscreen":"1","layout":"right-sidebar","sidebar":"default-sidebar","second_sidebar":"default-sidebar","sticky_sidebar":"1","share_position":"top","share_float_style":"share-monocrhome","show_share_counter":"1","show_view_counter":"1","show_featured":"1","show_post_meta":"1","show_post_author":"1","show_post_author_image":"1","show_post_date":"1","post_date_format":"default","post_date_format_custom":"Y\/m\/d","show_post_category":"1","show_post_reading_time":"0","post_reading_time_wpm":"300","show_zoom_button":"0","zoom_button_out_step":"2","zoom_button_in_step":"3","show_post_tag":"1","show_prev_next_post":"1","show_popup_post":"1","number_popup_post":"1","show_author_box":"0","show_post_related":"0","show_inline_post_related":"0"}],"override_image_size":"0","image_override":[{"single_post_thumbnail_size":"crop-500","single_post_gallery_size":"crop-500"}],"trending_post":"0","trending_post_position":"meta","trending_post_label":"Trending","sponsored_post":"0","sponsored_post_label":"Sponsored by","sponsored_post_name":"","sponsored_post_url":"","sponsored_post_logo_enable":"0","sponsored_post_logo":"","sponsored_post_desc":"","disable_ad":"0"},"jnews_primary_category":{"id":"","hide":""},"jnews_social_meta":{"fb_title":"","fb_description":"","fb_image":"","twitter_title":"","twitter_description":"","twitter_image":""},"footnotes":""},"categories":[39],"tags":[],"class_list":["post-405126","post","type-post","status-publish","format-standard","has-post-thumbnail","hentry","category-viajes"],"_links":{"self":[{"href":"https:\/\/dimensionturistica.com\/es\/wp-json\/wp\/v2\/posts\/405126","targetHints":{"allow":["GET"]}}],"collection":[{"href":"https:\/\/dimensionturistica.com\/es\/wp-json\/wp\/v2\/posts"}],"about":[{"href":"https:\/\/dimensionturistica.com\/es\/wp-json\/wp\/v2\/types\/post"}],"author":[{"embeddable":true,"href":"https:\/\/dimensionturistica.com\/es\/wp-json\/wp\/v2\/users\/1"}],"replies":[{"embeddable":true,"href":"https:\/\/dimensionturistica.com\/es\/wp-json\/wp\/v2\/comments?post=405126"}],"version-history":[{"count":0,"href":"https:\/\/dimensionturistica.com\/es\/wp-json\/wp\/v2\/posts\/405126\/revisions"}],"wp:featuredmedia":[{"embeddable":true,"href":"https:\/\/dimensionturistica.com\/es\/wp-json\/wp\/v2\/media\/405127"}],"wp:attachment":[{"href":"https:\/\/dimensionturistica.com\/es\/wp-json\/wp\/v2\/media?parent=405126"}],"wp:term":[{"taxonomy":"category","embeddable":true,"href":"https:\/\/dimensionturistica.com\/es\/wp-json\/wp\/v2\/categories?post=405126"},{"taxonomy":"post_tag","embeddable":true,"href":"https:\/\/dimensionturistica.com\/es\/wp-json\/wp\/v2\/tags?post=405126"}],"curies":[{"name":"wp","href":"https:\/\/api.w.org\/{rel}","templated":true}]}}