{"id":405095,"date":"2022-10-14T14:58:30","date_gmt":"2022-10-14T14:58:30","guid":{"rendered":"https:\/\/dimensionturistica.com\/es\/?p=405095"},"modified":"2022-10-14T14:58:30","modified_gmt":"2022-10-14T14:58:30","slug":"firman-convenio-de-colaboracion-vinicola-el-cielo-con-cetys-universidad-campus-ensenada","status":"publish","type":"post","link":"https:\/\/dimensionturistica.com\/es\/firman-convenio-de-colaboracion-vinicola-el-cielo-con-cetys-universidad-campus-ensenada\/","title":{"rendered":"Firman Convenio de colaboraci\u00f3n Vin\u00edcola el Cielo con Cetys Universidad Campus Ensenada"},"content":{"rendered":"<p>El pasado 29 de septiembre se llev\u00f3 a cabo la firma del Convenio de Colaboraci\u00f3n entre<img decoding=\"async\" class=\"size-medium wp-image-405105 alignright\" src=\"https:\/\/dimensionturistica.com\/es\/wp-content\/uploads\/2022\/10\/CIELO1-300x200.jpg\" alt=\"\" width=\"300\" height=\"200\" srcset=\"https:\/\/dimensionturistica.com\/es\/wp-content\/uploads\/2022\/10\/CIELO1-300x200.jpg 300w, https:\/\/dimensionturistica.com\/es\/wp-content\/uploads\/2022\/10\/CIELO1.jpg 500w\" sizes=\"(max-width: 300px) 100vw, 300px\" \/> Vin\u00edcola El Cielo, con la presencia de la Sra. Dolores L\u00f3pez Lira, CEO, y el Lic. Gustavo Ortega Joaqu\u00edn, Presidente de Consejo, y el Director del Centro de Estudios Vitivin\u00edcolas de Cetys Universidad (Cevit) Campus Ensenada, Lic. Francisco V\u00e9lez Torres, y personalidades del gremio como la Sommelier Georgina Estrada, acad\u00e9micos, estudiantes y miembros de los medios de comunicaci\u00f3n nacional.<br \/>\nCon la firma de este convenio, se dio por inaugurado el Auditorio el Cielo, donde tuvo lugar la ceremonia oficial y la entrega por parte de El Cielo de un cheque representativo por el donativo de los primeros $500,000.00 pesos y que al final del proceso sumar\u00e1 tres millones de pesos como aportaci\u00f3n para el auditorio que servir\u00e1 para labores acad\u00e9micas, premiaciones y<img decoding=\"async\" class=\"size-medium wp-image-405108 alignright\" src=\"https:\/\/dimensionturistica.com\/es\/wp-content\/uploads\/2022\/10\/CIELO4-300x200.jpg\" alt=\"\" width=\"300\" height=\"200\" srcset=\"https:\/\/dimensionturistica.com\/es\/wp-content\/uploads\/2022\/10\/CIELO4-300x200.jpg 300w, https:\/\/dimensionturistica.com\/es\/wp-content\/uploads\/2022\/10\/CIELO4.jpg 500w\" sizes=\"(max-width: 300px) 100vw, 300px\" \/> graduaciones.<br \/>\nEl Lic. Francisco V\u00e9lez Torres, transmiti\u00f3 el profundo agradecimiento de la instituci\u00f3n educativa a la generosidad, la gratitud y el servicio que se han conjugado gracias a la alianza con El Cielo, que es clave para el CETYS Universidad. Este campus lleva ya un camino recorrido y ha realizado trabajos para beneficio del sector y en apoyo a los profesionales que se desempe\u00f1an en esta industria clave para Ensenada y para todo el estado.<br \/>\nEl Cielo, por su parte, en voz del Lic. Gustavo Ortega Joaqu\u00edn, agradeci\u00f3 la oportunidad de apoyar, mediante esta alianza, a futuros estudiantes as\u00ed como al personal de El Cielo y otros profesionistas, con estudios y capacitaciones continuas, que ha permitido llevar a los vinos mexicanos a escalas internacionales. El Cielo es considerado como la empresa vin\u00edcola m\u00e1s visionaria del Valle de Guadalupe. En su 9\u00ba aniversario ha destacado en materia de<img decoding=\"async\" class=\"size-medium wp-image-405107 alignright\" src=\"https:\/\/dimensionturistica.com\/es\/wp-content\/uploads\/2022\/10\/CIELO2-300x200.jpg\" alt=\"\" width=\"300\" height=\"200\" srcset=\"https:\/\/dimensionturistica.com\/es\/wp-content\/uploads\/2022\/10\/CIELO2-300x200.jpg 300w, https:\/\/dimensionturistica.com\/es\/wp-content\/uploads\/2022\/10\/CIELO2.jpg 500w\" sizes=\"(max-width: 300px) 100vw, 300px\" \/> sustentabilidad energ\u00e9tica y excelencia en su producci\u00f3n, que le ha llevado a ser merecedor de varios premios y reconocimientos como las medallas de oro y plata en el Mundial de Bruselas por varios a\u00f1os consecutivos, entre otros.<br \/>\nVin\u00edcola El Cielo se localiza en el Valle de Guadalupe en Ensenada, Baja California; la regi\u00f3n vin\u00edcola m\u00e1s importante de M\u00e9xico. Se construy\u00f3 en el a\u00f1o de 2013 bajo la funcionalidad ecol\u00f3gica y la eficacia energ\u00e9tica. En 2015 recibi\u00f3 el reconocimiento otorgado por el Ayuntamiento de Ensenada como la Primera<img decoding=\"async\" class=\"size-medium wp-image-405102 alignright\" src=\"https:\/\/dimensionturistica.com\/es\/wp-content\/uploads\/2022\/10\/ImagenPegada-4-300x118.png\" alt=\"\" width=\"300\" height=\"118\" srcset=\"https:\/\/dimensionturistica.com\/es\/wp-content\/uploads\/2022\/10\/ImagenPegada-4-300x118.png 300w, https:\/\/dimensionturistica.com\/es\/wp-content\/uploads\/2022\/10\/ImagenPegada-4.png 320w\" sizes=\"(max-width: 300px) 100vw, 300px\" \/> Empresa Eco Responsable. Cuenta con 98 hect\u00e1reas plantadas. Su misi\u00f3n es producir vinos mexicanos con las mejores uvas de la regi\u00f3n utilizando procesos y pr\u00e1cticas asegurando la m\u00e1s alta calidad, con varietales como Chardonnay, Sauvignon Blanc, Tempranillo, Sangiovese, Malbec, Merlot, Syrah, Zinfandel,<br \/>\nPrimitivo, Nebbiolo, Cabernet Sauvignon, Cabernet Franc, Grenache y Pinot Noir. Ofrece recorridos por los vi\u00f1edos y la bodega reservando en l\u00ednea.<\/p>\n","protected":false},"excerpt":{"rendered":"<p>El pasado 29 de septiembre se llev\u00f3 a cabo la firma del Convenio de Colaboraci\u00f3n entre Vin\u00edcola El Cielo, con la presencia de la Sra. Dolores L\u00f3pez Lira, CEO, y el Lic. Gustavo Ortega Joaqu\u00edn, Presidente de Consejo, y el Director del Centro de Estudios Vitivin\u00edcolas de Cetys Universidad (Cevit) Campus Ensenada, Lic. Francisco V\u00e9lez [&hellip;]<\/p>\n","protected":false},"author":1,"featured_media":405109,"comment_status":"open","ping_status":"closed","sticky":false,"template":"","format":"standard","meta":{"om_disable_all_campaigns":false,"jnews-multi-image_gallery":[],"jnews_single_post":{"source_name":"","source_url":"","via_name":"","via_url":"","override_template":"0","override":[{"template":"1","single_blog_custom":"","parallax":"1","fullscreen":"1","layout":"right-sidebar","sidebar":"default-sidebar","second_sidebar":"default-sidebar","sticky_sidebar":"1","share_position":"top","share_float_style":"share-monocrhome","show_share_counter":"1","show_view_counter":"1","show_featured":"1","show_post_meta":"1","show_post_author":"1","show_post_author_image":"1","show_post_date":"1","post_date_format":"default","post_date_format_custom":"Y\/m\/d","show_post_category":"1","show_post_reading_time":"0","post_reading_time_wpm":"300","show_zoom_button":"0","zoom_button_out_step":"2","zoom_button_in_step":"3","show_post_tag":"1","show_prev_next_post":"1","show_popup_post":"1","number_popup_post":"1","show_author_box":"0","show_post_related":"0","show_inline_post_related":"0"}],"override_image_size":"0","image_override":[{"single_post_thumbnail_size":"crop-500","single_post_gallery_size":"crop-500"}],"trending_post":"0","trending_post_position":"meta","trending_post_label":"Trending","sponsored_post":"0","sponsored_post_label":"Sponsored by","sponsored_post_name":"","sponsored_post_url":"","sponsored_post_logo_enable":"0","sponsored_post_logo":"","sponsored_post_desc":"","disable_ad":"0"},"jnews_primary_category":{"id":"","hide":""},"jnews_social_meta":{"fb_title":"","fb_description":"","fb_image":"","twitter_title":"","twitter_description":"","twitter_image":""},"footnotes":""},"categories":[40],"tags":[],"class_list":["post-405095","post","type-post","status-publish","format-standard","has-post-thumbnail","hentry","category-industria"],"_links":{"self":[{"href":"https:\/\/dimensionturistica.com\/es\/wp-json\/wp\/v2\/posts\/405095","targetHints":{"allow":["GET"]}}],"collection":[{"href":"https:\/\/dimensionturistica.com\/es\/wp-json\/wp\/v2\/posts"}],"about":[{"href":"https:\/\/dimensionturistica.com\/es\/wp-json\/wp\/v2\/types\/post"}],"author":[{"embeddable":true,"href":"https:\/\/dimensionturistica.com\/es\/wp-json\/wp\/v2\/users\/1"}],"replies":[{"embeddable":true,"href":"https:\/\/dimensionturistica.com\/es\/wp-json\/wp\/v2\/comments?post=405095"}],"version-history":[{"count":0,"href":"https:\/\/dimensionturistica.com\/es\/wp-json\/wp\/v2\/posts\/405095\/revisions"}],"wp:featuredmedia":[{"embeddable":true,"href":"https:\/\/dimensionturistica.com\/es\/wp-json\/wp\/v2\/media\/405109"}],"wp:attachment":[{"href":"https:\/\/dimensionturistica.com\/es\/wp-json\/wp\/v2\/media?parent=405095"}],"wp:term":[{"taxonomy":"category","embeddable":true,"href":"https:\/\/dimensionturistica.com\/es\/wp-json\/wp\/v2\/categories?post=405095"},{"taxonomy":"post_tag","embeddable":true,"href":"https:\/\/dimensionturistica.com\/es\/wp-json\/wp\/v2\/tags?post=405095"}],"curies":[{"name":"wp","href":"https:\/\/api.w.org\/{rel}","templated":true}]}}