{"id":404061,"date":"2022-10-13T02:31:14","date_gmt":"2022-10-13T02:31:14","guid":{"rendered":"https:\/\/dimensionturistica.com\/es\/?p=404061"},"modified":"2024-02-20T22:11:50","modified_gmt":"2024-02-20T22:11:50","slug":"los-mejores-atuendos-a-la-moda-de-los-premios-ariel-2022-fotos","status":"publish","type":"post","link":"https:\/\/dimensionturistica.com\/es\/los-mejores-atuendos-a-la-moda-de-los-premios-ariel-2022-fotos\/","title":{"rendered":"Los mejores atuendos a la moda de los Premios Ariel 2022 (FOTOS)"},"content":{"rendered":"<p> <br \/>\n<\/p>\n<div>\n<p>M\u00e9xico.- <strong>Se celebraron la noche del martes 11 de octubre los Premios Ariel<\/strong>, en su edici\u00f3n n\u00famero 64, en este 2022. Se trata de una de las noches m\u00e1s esperadas de la industria cinematogr\u00e1fica de M\u00e9xico, donde se reunieron invitados de lujo, entre directores de cine, actores y productores.<\/p>\n<p>Desde el Antiguo Colegio de San Ildefonso, en la Ciudad de M\u00e9xico, la Academia Mexicana de Artes y Ciencias Cinematogr\u00e1ficas (AMACC) celebraron a lo m\u00e1s destacado del S\u00e9ptimo Arte y destacaron a la cinta Noche de Fuego como la m\u00e1s galardonada de la noche.<\/p>\n<p><strong>Pero previo a la importante ceremonia tambi\u00e9n hubo un evento repleto de momentos inolvidables<\/strong>, se trata de <strong>la alfombra roja<\/strong>, en donde desfilaron importantes figuras derrochando glamour y estilo, destac\u00e1ndose personalidades como <a rel=\"nofollow noopener\" target=\"_blank\" href=\"https:\/\/www.debate.com.mx\/seccion\/show\/\">Yalitza Aparicio<\/a>, Regina Bland\u00f3n, Mart\u00edn Altomaro, entre otros.<\/p>\n<h2>Estos fueron los mejores outfits de los Premios Ariel 2022<\/h2>\n<h2>Yalitza Aparicio<\/h2>\n<p> <amp-instagram data-shortcode=\"CjnNmOhOtuy\" width=\"600\" height=\"600\" layout=\"responsive\" class=\"i-amphtml-layout-responsive i-amphtml-layout-size-defined\" i-amphtml-layout=\"responsive\"><i-amphtml-sizer style=\"display:block;padding-top:100%\"\/><\/amp-instagram> <\/p>\n<h2>Regina Bland\u00f3n y Mart\u00edn Altomaro<\/h2>\n<p> <amp-instagram data-shortcode=\"CjnQebwulcS\" width=\"600\" height=\"600\" layout=\"responsive\" class=\"i-amphtml-layout-responsive i-amphtml-layout-size-defined\" i-amphtml-layout=\"responsive\"><i-amphtml-sizer style=\"display:block;padding-top:100%\"\/><\/amp-instagram> <\/p>\n<h2>Mabel Cadena<\/h2>\n<p> <amp-instagram data-shortcode=\"CjnlRfsOGZf\" width=\"600\" height=\"600\" layout=\"responsive\" class=\"i-amphtml-layout-responsive i-amphtml-layout-size-defined\" i-amphtml-layout=\"responsive\"><i-amphtml-sizer style=\"display:block;padding-top:100%\"\/><\/amp-instagram> <\/p>\n<h2>Diana Bracho<\/h2>\n<p> <amp-instagram data-shortcode=\"CjnN8Z4uIgJ\" width=\"600\" height=\"600\" layout=\"responsive\" class=\"i-amphtml-layout-responsive i-amphtml-layout-size-defined\" i-amphtml-layout=\"responsive\"><i-amphtml-sizer style=\"display:block;padding-top:100%\"\/><\/amp-instagram> <\/p>\n<h2>Paulina Goto<\/h2>\n<p> <amp-instagram data-shortcode=\"Cjmn0T0uQBd\" width=\"600\" height=\"600\" layout=\"responsive\" class=\"i-amphtml-layout-responsive i-amphtml-layout-size-defined\" i-amphtml-layout=\"responsive\"><i-amphtml-sizer style=\"display:block;padding-top:100%\"\/><\/amp-instagram> <\/p>\n<h2>Christian Ch\u00e1vez<\/h2>\n<p> <amp-instagram data-shortcode=\"CjmUGMpOtIr\" width=\"600\" height=\"600\" layout=\"responsive\" class=\"i-amphtml-layout-responsive i-amphtml-layout-size-defined\" i-amphtml-layout=\"responsive\"><i-amphtml-sizer style=\"display:block;padding-top:100%\"\/><\/amp-instagram> <\/p>\n<h2>Sylvia Pasquel<\/h2>\n<p> <amp-instagram data-shortcode=\"CjnZu9wLOOv\" width=\"600\" height=\"600\" layout=\"responsive\" class=\"i-amphtml-layout-responsive i-amphtml-layout-size-defined\" i-amphtml-layout=\"responsive\"><i-amphtml-sizer style=\"display:block;padding-top:100%\"\/><\/amp-instagram> <\/p>\n<p><strong>Te invitamos a leer en Debate:<\/strong><\/p>\n<\/p><\/div>\n<div>\n<p class=\"authorbox__description\">Egresado de la licenciatura en Ciencias de la Comunicaci\u00f3n de la Universidad Aut\u00f3noma de Occidente unidad Culiac\u00e1n, generaci\u00f3n 2015-2019. Ingres\u00e9 a empresas EL DEBATE como practicante en el \u00e1rea de peri\u00f3dico impreso en la secci\u00f3n de espect\u00e1culos, en donde tuve la oportunidad de cubrir eventos y entrevistar a distintas figuras locales. Al terminar mi periodo de capacitaci\u00f3n logr\u00e9 obtener empleo en la misma empresa, iniciando en el \u00e1rea de net, en donde, desde hace dos a\u00f1os, me he desempe\u00f1ado como reportero en los distintos g\u00e9neros period\u00edsticos, cubriendo contenido noticioso, realizando entrevistas a nuevos talentos y figuras reconocidas a nivel nacional manteniendo al tanto a nuestros lectores sobre el medio del espect\u00e1culo. De la misma manera, he estado enfocado en noticias sobre turismo y viajes compartiendo los mejores destinos para visitar tanto en M\u00e9xico como alrededor del mundo.<\/p>\n<p>  <a rel=\"nofollow noopener\" target=\"_blank\" href=\"https:\/\/www.debate.com.mx\/staff\/gilberto.coronel\" title=\"Gilberto Coronel\" class=\"authorbox__link\">Ver m\u00e1s<\/a> <\/div>\n\n<p><em> &#8221; Fuentes www.debate.com.mx &#8221; <\/em><\/p>\n","protected":false},"excerpt":{"rendered":"<p>M\u00e9xico.- Se celebraron la noche del martes 11 de octubre los Premios Ariel, en su edici\u00f3n n\u00famero 64, en este 2022. Se trata de una de las noches m\u00e1s esperadas de la industria cinematogr\u00e1fica de M\u00e9xico, donde se reunieron invitados de lujo, entre directores de cine, actores y productores. Desde el Antiguo Colegio de San [&hellip;]<\/p>\n","protected":false},"author":4,"featured_media":404062,"comment_status":"open","ping_status":"closed","sticky":false,"template":"","format":"standard","meta":{"om_disable_all_campaigns":false,"jnews-multi-image_gallery":[],"jnews_single_post":[],"jnews_primary_category":[],"jnews_social_meta":[],"footnotes":""},"categories":[144872],"tags":[659,55228],"class_list":["post-404061","post","type-post","status-publish","format-standard","has-post-thumbnail","hentry","category-fashion","tag-moda","tag-premios-ariel"],"_links":{"self":[{"href":"https:\/\/dimensionturistica.com\/es\/wp-json\/wp\/v2\/posts\/404061","targetHints":{"allow":["GET"]}}],"collection":[{"href":"https:\/\/dimensionturistica.com\/es\/wp-json\/wp\/v2\/posts"}],"about":[{"href":"https:\/\/dimensionturistica.com\/es\/wp-json\/wp\/v2\/types\/post"}],"author":[{"embeddable":true,"href":"https:\/\/dimensionturistica.com\/es\/wp-json\/wp\/v2\/users\/4"}],"replies":[{"embeddable":true,"href":"https:\/\/dimensionturistica.com\/es\/wp-json\/wp\/v2\/comments?post=404061"}],"version-history":[{"count":0,"href":"https:\/\/dimensionturistica.com\/es\/wp-json\/wp\/v2\/posts\/404061\/revisions"}],"wp:featuredmedia":[{"embeddable":true,"href":"https:\/\/dimensionturistica.com\/es\/wp-json\/wp\/v2\/media\/404062"}],"wp:attachment":[{"href":"https:\/\/dimensionturistica.com\/es\/wp-json\/wp\/v2\/media?parent=404061"}],"wp:term":[{"taxonomy":"category","embeddable":true,"href":"https:\/\/dimensionturistica.com\/es\/wp-json\/wp\/v2\/categories?post=404061"},{"taxonomy":"post_tag","embeddable":true,"href":"https:\/\/dimensionturistica.com\/es\/wp-json\/wp\/v2\/tags?post=404061"}],"curies":[{"name":"wp","href":"https:\/\/api.w.org\/{rel}","templated":true}]}}