{"id":403972,"date":"2022-10-12T23:48:37","date_gmt":"2022-10-12T23:48:37","guid":{"rendered":"https:\/\/dimensionturistica.com\/es\/?p=403972"},"modified":"2022-10-12T23:48:37","modified_gmt":"2022-10-12T23:48:37","slug":"las-fiesta-de-octubre-en-guadalajara-nos-llenara-de-nostalgia","status":"publish","type":"post","link":"https:\/\/dimensionturistica.com\/es\/las-fiesta-de-octubre-en-guadalajara-nos-llenara-de-nostalgia\/","title":{"rendered":"Las Fiesta de Octubre en Guadalajara nos llenara de nostalgia"},"content":{"rendered":"<p>Cada uno de nosotros tenemos una historia musical, canciones que han formado nuestra banda sonora personal, que hemos escuchado una y otra vez porque nos traen de vuelta esos<img decoding=\"async\" class=\"size-medium wp-image-403974 alignright\" src=\"https:\/\/dimensionturistica.com\/es\/wp-content\/uploads\/2022\/10\/DRAGO-300x200.jpg\" alt=\"\" width=\"300\" height=\"200\" srcset=\"https:\/\/dimensionturistica.com\/es\/wp-content\/uploads\/2022\/10\/DRAGO-300x200.jpg 300w, https:\/\/dimensionturistica.com\/es\/wp-content\/uploads\/2022\/10\/DRAGO.jpg 474w\" sizes=\"(max-width: 300px) 100vw, 300px\" \/> momentos, esas emociones, esos recuerdos, como cuando te sentabas por las tardes a estudiar, o aquella canci\u00f3n que dedicaste a tu primer amor o aquella que te rompi\u00f3 el coraz\u00f3n, aquel tema que esperabas horas escuchando la radio para grabarlo en un cassette esperando que el locutor no lo arruinara.<br \/>\nLa m\u00fasica es un lenguaje universal y todos somos parte de ese lenguaje con uno u otro g\u00e9nero, con canciones que han traspasado generaciones.<br \/>\nSoundtrack llega al escenario del Foro Principal de Fiestas de Octubre 2022, este pr\u00f3ximo 19 de Octubre, para hacer vibrar a su p\u00fablico con temas que hoy en d\u00eda siguen sonando en la radio, en el antro y en nuestras playlist de plataformas digitales, presentando a \u00edconos de los 80s, 90s y 2000s como Pablo Ruiz, Fandango, Ragazzi, La Onda<br \/>\nVaselina, Cox, Xava Drago y Pablo Portillo, cada uno ha posicionado en las listas de popularidad grandes temas, Aun, Te quise Olvidar, Mi Gran Noche, TBC, Autos, Moda y Rock &amp; Roll, Calendario de Amor y Cachetada, son algunas de las canciones que el p\u00fablico podr\u00e1 disfrutar totalmente en vivo y lo m\u00e1s apegadas a sus versiones originales y tambi\u00e9n las de algunos artistas sorpresa.<img decoding=\"async\" class=\"size-medium wp-image-403976 alignright\" src=\"https:\/\/dimensionturistica.com\/es\/wp-content\/uploads\/2022\/10\/VASELINA-300x187.jpg\" alt=\"\" width=\"300\" height=\"187\" srcset=\"https:\/\/dimensionturistica.com\/es\/wp-content\/uploads\/2022\/10\/VASELINA-300x187.jpg 300w, https:\/\/dimensionturistica.com\/es\/wp-content\/uploads\/2022\/10\/VASELINA-1024x640.jpg 1024w, https:\/\/dimensionturistica.com\/es\/wp-content\/uploads\/2022\/10\/VASELINA-768x480.jpg 768w, https:\/\/dimensionturistica.com\/es\/wp-content\/uploads\/2022\/10\/VASELINA-750x468.jpg 750w, https:\/\/dimensionturistica.com\/es\/wp-content\/uploads\/2022\/10\/VASELINA.jpg 1140w\" sizes=\"(max-width: 300px) 100vw, 300px\" \/><br \/>\nPero con Soundtrack, las sorpresas no paran nunca y para esta pr\u00f3xima fecha, presenta su webapp, una plataforma digital donde el p\u00fablico tendr\u00e1 informaci\u00f3n del concierto, del elenco, acceso a la venta de boletos, videos, el playlist, redes sociales y por primera vez una espacio interactivo para el concierto, donde el p\u00fablico podr\u00e1 participar en el show <img decoding=\"async\" class=\"size-medium wp-image-403975 alignleft\" src=\"https:\/\/dimensionturistica.com\/es\/wp-content\/uploads\/2022\/10\/PABLO-300x225.jpg\" alt=\"\" width=\"300\" height=\"225\" srcset=\"https:\/\/dimensionturistica.com\/es\/wp-content\/uploads\/2022\/10\/PABLO-300x225.jpg 300w, https:\/\/dimensionturistica.com\/es\/wp-content\/uploads\/2022\/10\/PABLO.jpg 320w\" sizes=\"(max-width: 300px) 100vw, 300px\" \/>a trav\u00e9s de la pantalla de sus m\u00f3viles. Tanto en tel\u00e9fonos android como iphone, desde cualquier explorador web, podr\u00e1n acceder en www.soundtracklagira.com<br \/>\nSoundtrack dar\u00e1 una conferencia de prensa el pr\u00f3ximo 18 de octubre en Guadalajara, en el hotel Sleep In ubicado en Ignacio Vallarta 5457, Sta Ma del Pueblito (atr\u00e1s de Plaza Galer\u00edas) en punto de las 4:30pm, donde se dar\u00e1n a conocer m\u00e1s detalles de la presentaci\u00f3n.<br \/>\nLa venta de boletos para la fecha del 19 de Octubre ya est\u00e1n disponibles en www.ticketone.mx y en taquillas del auditorio Benito Juarez.<br \/>\nSoundtrack La Gira<br \/>\nINSTAGRAM | @soundtracklagira<\/p>\n","protected":false},"excerpt":{"rendered":"<p>Cada uno de nosotros tenemos una historia musical, canciones que han formado nuestra banda sonora personal, que hemos escuchado una y otra vez porque nos traen de vuelta esos momentos, esas emociones, esos recuerdos, como cuando te sentabas por las tardes a estudiar, o aquella canci\u00f3n que dedicaste a tu primer amor o aquella que [&hellip;]<\/p>\n","protected":false},"author":1,"featured_media":403973,"comment_status":"open","ping_status":"closed","sticky":false,"template":"","format":"standard","meta":{"om_disable_all_campaigns":false,"jnews-multi-image_gallery":[],"jnews_single_post":{"source_name":"","source_url":"","via_name":"","via_url":"","override_template":"0","override":[{"template":"1","single_blog_custom":"","parallax":"1","fullscreen":"1","layout":"right-sidebar","sidebar":"default-sidebar","second_sidebar":"default-sidebar","sticky_sidebar":"1","share_position":"top","share_float_style":"share-monocrhome","show_share_counter":"1","show_view_counter":"1","show_featured":"1","show_post_meta":"1","show_post_author":"1","show_post_author_image":"1","show_post_date":"1","post_date_format":"default","post_date_format_custom":"Y\/m\/d","show_post_category":"1","show_post_reading_time":"0","post_reading_time_wpm":"300","show_zoom_button":"0","zoom_button_out_step":"2","zoom_button_in_step":"3","show_post_tag":"1","show_prev_next_post":"1","show_popup_post":"1","number_popup_post":"1","show_author_box":"0","show_post_related":"0","show_inline_post_related":"0"}],"override_image_size":"0","image_override":[{"single_post_thumbnail_size":"crop-500","single_post_gallery_size":"crop-500"}],"trending_post":"0","trending_post_position":"meta","trending_post_label":"Trending","sponsored_post":"0","sponsored_post_label":"Sponsored by","sponsored_post_name":"","sponsored_post_url":"","sponsored_post_logo_enable":"0","sponsored_post_logo":"","sponsored_post_desc":"","disable_ad":"0"},"jnews_primary_category":{"id":"","hide":""},"jnews_social_meta":{"fb_title":"","fb_description":"","fb_image":"","twitter_title":"","twitter_description":"","twitter_image":""},"footnotes":""},"categories":[40],"tags":[],"class_list":["post-403972","post","type-post","status-publish","format-standard","has-post-thumbnail","hentry","category-industria"],"_links":{"self":[{"href":"https:\/\/dimensionturistica.com\/es\/wp-json\/wp\/v2\/posts\/403972","targetHints":{"allow":["GET"]}}],"collection":[{"href":"https:\/\/dimensionturistica.com\/es\/wp-json\/wp\/v2\/posts"}],"about":[{"href":"https:\/\/dimensionturistica.com\/es\/wp-json\/wp\/v2\/types\/post"}],"author":[{"embeddable":true,"href":"https:\/\/dimensionturistica.com\/es\/wp-json\/wp\/v2\/users\/1"}],"replies":[{"embeddable":true,"href":"https:\/\/dimensionturistica.com\/es\/wp-json\/wp\/v2\/comments?post=403972"}],"version-history":[{"count":0,"href":"https:\/\/dimensionturistica.com\/es\/wp-json\/wp\/v2\/posts\/403972\/revisions"}],"wp:featuredmedia":[{"embeddable":true,"href":"https:\/\/dimensionturistica.com\/es\/wp-json\/wp\/v2\/media\/403973"}],"wp:attachment":[{"href":"https:\/\/dimensionturistica.com\/es\/wp-json\/wp\/v2\/media?parent=403972"}],"wp:term":[{"taxonomy":"category","embeddable":true,"href":"https:\/\/dimensionturistica.com\/es\/wp-json\/wp\/v2\/categories?post=403972"},{"taxonomy":"post_tag","embeddable":true,"href":"https:\/\/dimensionturistica.com\/es\/wp-json\/wp\/v2\/tags?post=403972"}],"curies":[{"name":"wp","href":"https:\/\/api.w.org\/{rel}","templated":true}]}}