{"id":403656,"date":"2022-10-12T15:03:52","date_gmt":"2022-10-12T15:03:52","guid":{"rendered":"https:\/\/dimensionturistica.com\/es\/?p=403656"},"modified":"2022-10-12T15:03:52","modified_gmt":"2022-10-12T15:03:52","slug":"r-d-es-sede-de-feria-de-cruceros-del-caribe-y-florida","status":"publish","type":"post","link":"https:\/\/dimensionturistica.com\/es\/r-d-es-sede-de-feria-de-cruceros-del-caribe-y-florida\/","title":{"rendered":"R.D. es sede de Feria de Cruceros del Caribe y Florida"},"content":{"rendered":"<p> <br \/>\n<\/p>\n<div id=\"ArticleBody\" style=\"margin-top:10px;\">\n<p>La ma\u00f1ana de este mi\u00e9rcoles el presidente de la Rep\u00fablica, <strong>Luis Abinader<\/strong> y el ministro de Turismo,<strong> David Collado<\/strong>, dieron inicio oficial a la edici\u00f3n n\u00famero 28 de la conferencia de Florida <strong>Caribbean Cruise Affiliation (FCCA)<\/strong> que se celebra por segunda ocasi\u00f3n en suelo dominicano.\u00a0<\/p>\n<p>En este evento que se llevar\u00e1 a cabo desde el 11 al 14 de octubre en el <strong>lodge Jaragua<\/strong>, participan 500 representantes de 40 pa\u00edses, 14 empresas navieras de los 23 miembros que conforman la FCCA, y m\u00e1s de 60 ejecutivos de cruceros, entre presidentes, CEO y miembros platinium.<\/p>\n<p>El jefe de estado dominicano agradeci\u00f3 el inter\u00e9s de unir lazos que han demostrado todos los representantes de los pa\u00edses que conforman el Caribe.\u00a0<\/p>\n<p>\u201cComo presidente de la Rep\u00fablica, quiero agradecer el inter\u00e9s y el esfuerzo de todos ustedes para fortalecer nuestros lazos, seguir trabajando juntos y completar esta traves\u00eda de \u00e9xito\u201d, extern\u00f3 Abinader\u00a0.<\/p>\n<p>Destaco que,<strong> Caribbean Cruise Affiliation<\/strong> es una organizaci\u00f3n comercial l\u00edder, sin fines de lucro y est\u00e1 compuesta por 22 Empresas de Cruceros afiliadas, las cuales operan m\u00e1s de cien barcos, por lo cual es \u201csigno de excelencia con una hoja de ruta intachable en favor del turismo\u201d.\u00a0<\/p>\n<p>Asimismo, David Collado destac\u00f3 la importancia de esa &#8220;cumbre de Cruceros&#8221; para fortalecimiento de ese segmento tur\u00edstico en el pa\u00eds, que viene registrando un sostenido crecimiento.<\/p>\n<p>&#8220;Esta reuni\u00f3n de la FCCA en nuestro pa\u00eds de seguro que marcar\u00e1 un antes y un despu\u00e9s en la llegada en la industria de cruceros en la Rep\u00fablica Dominicana, especialmente con la llegada de m\u00e1s turistas por la v\u00eda mar\u00edtima&#8221;, dijo el ministro Collado.<\/p>\n<p>Afirm\u00f3 que cada vez m\u00e1s cruceristas siguen llegando a la Rep\u00fablica Dominicana y se\u00f1al\u00f3 el impacto econ\u00f3mico que tiene su presencia en los distintos destinos.<\/p>\n<\/p><\/div>\n<p><script>\n        !function (f, b, e, v, n, t, s) {\n            if (f.fbq) return; n = f.fbq = function () {\n                n.callMethod ?\n                n.callMethod.apply(n, arguments) : n.queue.push(arguments)\n            }; if (!f._fbq) f._fbq = n;\n            n.push = n; n.loaded = !0; n.version = '2.0'; n.queue = []; t = b.createElement(e); t.async = !0;\n            t.src = v; s = b.getElementsByTagName(e)[0]; s.parentNode.insertBefore(t, s)\n        }(window,\n        document, 'script', 'https:\/\/connect.facebook.net\/en_US\/fbevents.js');\n        fbq('init', '336505603402465', {\n        });\n        fbq('track', 'PageView');\n    <\/script><script>\n        !function (f, b, e, v, n, t, s) {\n            if (f.fbq) return; n = f.fbq = function () {\n                n.callMethod ?\n                n.callMethod.apply(n, arguments) : n.queue.push(arguments)\n            }; if (!f._fbq) f._fbq = n;\n            n.push = n; n.loaded = !0; n.version = '2.0'; n.queue = []; t = b.createElement(e); t.async = !0;\n            t.src = v; s = b.getElementsByTagName(e)[0]; s.parentNode.insertBefore(t, s)\n        }(window,\n        document, 'script', 'https:\/\/connect.facebook.net\/en_US\/fbevents.js');\n        fbq('init', '871551932912625', {\n        });\n        fbq('track', 'PageView');\n    <\/script><script>\n    window.fbAsyncInit = function () {\n        FB.init({\n            appId: '482294438637972',\n            xfbml: true,\n            version: 'v2.7'\n        });\n    };\n    (function (d, s, id) {\n        var js, fjs = d.getElementsByTagName(s)[0];\n        if (d.getElementById(id)) { return; }\n        js = d.createElement(s); js.id = id;\n        js.src = \"https:\/\/connect.facebook.net\/en_US\/sdk.js\";\n        fjs.parentNode.insertBefore(js, fjs);\n    }(document, 'script', 'facebook-jssdk'));\n<\/script><br \/>\n<br \/><\/p>\n<p><em> &#8221; Fuentes listindiario.com &#8221; <\/em><\/p>\n","protected":false},"excerpt":{"rendered":"<p>La ma\u00f1ana de este mi\u00e9rcoles el presidente de la Rep\u00fablica, Luis Abinader y el ministro de Turismo, David Collado, dieron inicio oficial a la edici\u00f3n n\u00famero 28 de la conferencia de Florida Caribbean Cruise Affiliation (FCCA) que se celebra por segunda ocasi\u00f3n en suelo dominicano.\u00a0 En este evento que se llevar\u00e1 a cabo desde el [&hellip;]<\/p>\n","protected":false},"author":4,"featured_media":403657,"comment_status":"open","ping_status":"closed","sticky":false,"template":"","format":"standard","meta":{"om_disable_all_campaigns":false,"jnews-multi-image_gallery":[],"jnews_single_post":[],"jnews_primary_category":[],"jnews_social_meta":[],"footnotes":""},"categories":[41],"tags":[547,1431,1432,1433,229,1427,705,1428,1136,1430,1429],"class_list":["post-403656","post","type-post","status-publish","format-standard","has-post-thumbnail","hentry","category-cruceros","tag-informacion","tag-listin","tag-listin-diario","tag-listin-digital","tag-news","tag-newspaper","tag-noticias","tag-periodicos","tag-prensa","tag-republica-dominicana","tag-santo-domingo"],"_links":{"self":[{"href":"https:\/\/dimensionturistica.com\/es\/wp-json\/wp\/v2\/posts\/403656","targetHints":{"allow":["GET"]}}],"collection":[{"href":"https:\/\/dimensionturistica.com\/es\/wp-json\/wp\/v2\/posts"}],"about":[{"href":"https:\/\/dimensionturistica.com\/es\/wp-json\/wp\/v2\/types\/post"}],"author":[{"embeddable":true,"href":"https:\/\/dimensionturistica.com\/es\/wp-json\/wp\/v2\/users\/4"}],"replies":[{"embeddable":true,"href":"https:\/\/dimensionturistica.com\/es\/wp-json\/wp\/v2\/comments?post=403656"}],"version-history":[{"count":0,"href":"https:\/\/dimensionturistica.com\/es\/wp-json\/wp\/v2\/posts\/403656\/revisions"}],"wp:featuredmedia":[{"embeddable":true,"href":"https:\/\/dimensionturistica.com\/es\/wp-json\/wp\/v2\/media\/403657"}],"wp:attachment":[{"href":"https:\/\/dimensionturistica.com\/es\/wp-json\/wp\/v2\/media?parent=403656"}],"wp:term":[{"taxonomy":"category","embeddable":true,"href":"https:\/\/dimensionturistica.com\/es\/wp-json\/wp\/v2\/categories?post=403656"},{"taxonomy":"post_tag","embeddable":true,"href":"https:\/\/dimensionturistica.com\/es\/wp-json\/wp\/v2\/tags?post=403656"}],"curies":[{"name":"wp","href":"https:\/\/api.w.org\/{rel}","templated":true}]}}