{"id":403613,"date":"2022-10-12T14:11:16","date_gmt":"2022-10-12T14:11:16","guid":{"rendered":"https:\/\/dimensionturistica.com\/es\/?p=403613"},"modified":"2022-10-12T14:11:16","modified_gmt":"2022-10-12T14:11:16","slug":"participa-cuba-en-feria-de-turismo-ttg-en-ciudad-italiana-de-rimini","status":"publish","type":"post","link":"https:\/\/dimensionturistica.com\/es\/participa-cuba-en-feria-de-turismo-ttg-en-ciudad-italiana-de-rimini\/","title":{"rendered":"Participa Cuba en Feria de Turismo TTG en ciudad italiana de R\u00edmini"},"content":{"rendered":"<p> <br \/>\n<\/p>\n<div>\n<p>   Madel\u00e9n Gonz\u00e1lez-Pardo, consejera de turismo de la embajada cubana en este pa\u00eds, se\u00f1al\u00f3 que durante esta feria se desarrollar\u00e1n acciones de promoci\u00f3n con vistas a consolidar el posicionamiento de la isla en el mercado italiano.<\/p>\n<p>   Entre los objetivos se encuentra adem\u00e1s la presentaci\u00f3n de la m\u00e1s reciente campa\u00f1a \u201cCuba \u00danica\u201d y la captaci\u00f3n de nuevos turoperadores que promuevan un incremento de visitantes a esa naci\u00f3n caribe\u00f1a.<\/p>\n<p>   La delegaci\u00f3n del pa\u00eds antillano a ese evento est\u00e1 integrada adem\u00e1s por Alberto Encinoso, especialista principal de comunicaci\u00f3n del Ministerio de Turismo, as\u00ed como por  representantes de cadenas hoteleras como Gran Caribe y Cubanac\u00e1n.<\/p>\n<p>   Tambi\u00e9n participan ejecutivos de otras empresas asociadas como Meli\u00e1 Accommodations Worldwide, Iberostar y Blue Diamond Resorts; y las agencias de viajes: Cubatur, Havanatur Italia y Gaviota Tour Varadero.<\/p>\n<p>   Los especialistas cubanos sostendr\u00e1n encuentros con operadores y agentes de viajes, con el prop\u00f3sito de actualizarlos sobre nuevas atracciones tur\u00edsticas, incluida la reapertura de Cayo Largo del Sur como destino por excelencia para el turista italiano.<\/p>\n<p>   Tambi\u00e9n promocionar\u00e1n los clubes de sol y playa,  actividades como buceo y viajes en circuitos, adem\u00e1s de presentar modalidades espec\u00edficas como las de turismo de familia, de naturaleza, estudiantil y de salud, entre otras<\/p>\n<p>   En esta feria de turismo anual, una de las m\u00e1s importantes del mundo, con un \u00e1rea de m\u00e1s de 90 mil kil\u00f3metros cuadrados, participan m\u00e1s de dos mil 500 expositores y, como promedio, tienen lugar unas 35 mil sesiones de encuentro con m\u00e1s de mil compradores internacionales.<\/p>\n<p>   Est\u00e1n previstos en la misma m\u00e1s de 200 eventos, divididos en siete arenas, con un tema principal: Sin l\u00edmites, sin restricciones, que identifica y resume las nuevas caracter\u00edsticas de la industria tur\u00edstica precise.<\/p>\n<p>mv\/ort<\/p>\n<\/p><\/div>\n\n<p><em> &#8221; Fuentes www.prensa-latina.cu &#8221; <\/em><\/p>\n","protected":false},"excerpt":{"rendered":"<p>Madel\u00e9n Gonz\u00e1lez-Pardo, consejera de turismo de la embajada cubana en este pa\u00eds, se\u00f1al\u00f3 que durante esta feria se desarrollar\u00e1n acciones de promoci\u00f3n con vistas a consolidar el posicionamiento de la isla en el mercado italiano. Entre los objetivos se encuentra adem\u00e1s la presentaci\u00f3n de la m\u00e1s reciente campa\u00f1a \u201cCuba \u00danica\u201d y la captaci\u00f3n de nuevos [&hellip;]<\/p>\n","protected":false},"author":4,"featured_media":403614,"comment_status":"open","ping_status":"closed","sticky":false,"template":"","format":"standard","meta":{"om_disable_all_campaigns":false,"jnews-multi-image_gallery":[],"jnews_single_post":[],"jnews_primary_category":[],"jnews_social_meta":[],"footnotes":""},"categories":[40],"tags":[956,55192,35201,544],"class_list":["post-403613","post","type-post","status-publish","format-standard","has-post-thumbnail","hentry","category-industria","tag-cuba","tag-itialia","tag-nota-informativa","tag-turismo"],"_links":{"self":[{"href":"https:\/\/dimensionturistica.com\/es\/wp-json\/wp\/v2\/posts\/403613","targetHints":{"allow":["GET"]}}],"collection":[{"href":"https:\/\/dimensionturistica.com\/es\/wp-json\/wp\/v2\/posts"}],"about":[{"href":"https:\/\/dimensionturistica.com\/es\/wp-json\/wp\/v2\/types\/post"}],"author":[{"embeddable":true,"href":"https:\/\/dimensionturistica.com\/es\/wp-json\/wp\/v2\/users\/4"}],"replies":[{"embeddable":true,"href":"https:\/\/dimensionturistica.com\/es\/wp-json\/wp\/v2\/comments?post=403613"}],"version-history":[{"count":0,"href":"https:\/\/dimensionturistica.com\/es\/wp-json\/wp\/v2\/posts\/403613\/revisions"}],"wp:featuredmedia":[{"embeddable":true,"href":"https:\/\/dimensionturistica.com\/es\/wp-json\/wp\/v2\/media\/403614"}],"wp:attachment":[{"href":"https:\/\/dimensionturistica.com\/es\/wp-json\/wp\/v2\/media?parent=403613"}],"wp:term":[{"taxonomy":"category","embeddable":true,"href":"https:\/\/dimensionturistica.com\/es\/wp-json\/wp\/v2\/categories?post=403613"},{"taxonomy":"post_tag","embeddable":true,"href":"https:\/\/dimensionturistica.com\/es\/wp-json\/wp\/v2\/tags?post=403613"}],"curies":[{"name":"wp","href":"https:\/\/api.w.org\/{rel}","templated":true}]}}