{"id":403317,"date":"2022-10-11T22:04:05","date_gmt":"2022-10-11T22:04:05","guid":{"rendered":"https:\/\/dimensionturistica.com\/es\/?p=403317"},"modified":"2022-10-11T22:06:53","modified_gmt":"2022-10-11T22:06:53","slug":"sera-guanajuato-epicentro-del-data-center-en-a-l","status":"publish","type":"post","link":"https:\/\/dimensionturistica.com\/es\/sera-guanajuato-epicentro-del-data-center-en-a-l\/","title":{"rendered":"Ser\u00e1 Guanajuato epicentro del Data Center en A.L."},"content":{"rendered":"<p>\u201cHoy Guanajuato est\u00e1 dando un gran salto en su desarrollo con este anuncio hist\u00f3rico de la<img decoding=\"async\" class=\"size-medium wp-image-403329 alignright\" src=\"https:\/\/dimensionturistica.com\/es\/wp-content\/uploads\/2022\/10\/GTO8-190x300.jpg\" alt=\"\" width=\"190\" height=\"300\" srcset=\"https:\/\/dimensionturistica.com\/es\/wp-content\/uploads\/2022\/10\/GTO8-190x300.jpg 190w, https:\/\/dimensionturistica.com\/es\/wp-content\/uploads\/2022\/10\/GTO8.jpg 500w\" sizes=\"(max-width: 190px) 100vw, 190px\" \/> colocaci\u00f3n de la primera piedra del \u2018Data Center\u2019 m\u00e1s grande de Am\u00e9rica Latina\u201d.<br \/>\nAs\u00ed lo dijo el Gobernador, Diego Sinhue Rodr\u00edguez Vallejo, en el inicio de la construcci\u00f3n de la empresa Layer 9 M\u00e9xico; el primer \u201cData Center\u201d en el estado de Guanajuato y que ser\u00e1 el m\u00e1s grande de M\u00e9xico y Am\u00e9rica Latina, instalado en el Parque Industrial Chuy Mar\u00eda.<br \/>\nLayer 9 es una empresa estadunidense dedicada al alojamiento de datos de servidores, de propiedad privada, y equipos de red en un centro de datos de terceros, esto es, que en lugar de mantener servidores internos, en oficinas o en un centro de datos privado, las empresas pueden co-ubicar sus datos alquilando espacio en un centro.<br \/>\nEste espacio de almacenamiento, agreg\u00f3 el Gobernador, coloca a Guanajuato como el<img decoding=\"async\" class=\"size-medium wp-image-403326 alignright\" src=\"https:\/\/dimensionturistica.com\/es\/wp-content\/uploads\/2022\/10\/GTO4-300x170.jpg\" alt=\"\" width=\"300\" height=\"170\" srcset=\"https:\/\/dimensionturistica.com\/es\/wp-content\/uploads\/2022\/10\/GTO4-300x170.jpg 300w, https:\/\/dimensionturistica.com\/es\/wp-content\/uploads\/2022\/10\/GTO4.jpg 500w\" sizes=\"(max-width: 300px) 100vw, 300px\" \/> epicentro en el mapa de la administraci\u00f3n de datos en Latinoam\u00e9rica y que funcionar\u00e1 con energ\u00edas renovables.<br \/>\nLa empresa utilizar\u00e1 una plataforma, con sede en Estados Unidos, para proporcionar soluciones de datos a las empresas asociadas, como gobiernos locales, empresas de servicios p\u00fablicos, urbanizadores y contratistas.<br \/>\n\u201cCada empresa que se instala en nuestro territorio se convierte en una gran aliada del desarrollo de nuestro estado; estoy seguro que Layer 9 M\u00e9xico con todo su \u2018know how\u2019<img decoding=\"async\" class=\"size-medium wp-image-403327 alignright\" src=\"https:\/\/dimensionturistica.com\/es\/wp-content\/uploads\/2022\/10\/GTO5-300x133.jpg\" alt=\"\" width=\"300\" height=\"133\" srcset=\"https:\/\/dimensionturistica.com\/es\/wp-content\/uploads\/2022\/10\/GTO5-300x133.jpg 300w, https:\/\/dimensionturistica.com\/es\/wp-content\/uploads\/2022\/10\/GTO5.jpg 500w\" sizes=\"(max-width: 300px) 100vw, 300px\" \/> vendr\u00e1 a sumarse a la transici\u00f3n que estamos impulsando de la manufactura a la mentefactura. Llegan a un estado donde la innovaci\u00f3n y el emprendimiento, son parte de nuestro ADN\u201d, dijo el Mandatario Estatal.<br \/>\nEn Guanajuato, explic\u00f3 el Gobernador, como epicentro de la mentefactura, se genera un ecosistema para desarrollar el talento local y se reciben inversiones, pero tambi\u00e9n est\u00e1 en fase de conformaci\u00f3n la Agencia de Energ\u00eda del Estado de Guanajuato, para tener energ\u00eda sustentable suficiente en el futuro para las nuevas empresas.<br \/>\n&#8220;Tenemos que ser un estado que provea la energ\u00eda necesaria a las empresas, esta agencia deber\u00e1 generar los planes estrat\u00e9gicos para garantizar la energ\u00eda del futuro para Guanajuato, como la energ\u00eda e\u00f3lica, la fotovoltaica, entre otras. Vamos a trabajar en centrar las bases y ya estamos generando las l\u00edneas estrat\u00e9gicas.<img decoding=\"async\" class=\"size-medium wp-image-403326 alignright\" src=\"https:\/\/dimensionturistica.com\/es\/wp-content\/uploads\/2022\/10\/GTO4-300x170.jpg\" alt=\"\" width=\"300\" height=\"170\" srcset=\"https:\/\/dimensionturistica.com\/es\/wp-content\/uploads\/2022\/10\/GTO4-300x170.jpg 300w, https:\/\/dimensionturistica.com\/es\/wp-content\/uploads\/2022\/10\/GTO4.jpg 500w\" sizes=\"(max-width: 300px) 100vw, 300px\" \/><br \/>\n&#8220;Esta empresa es un parteaguas, es un momento hist\u00f3rico para Guanajuato, porque comenzamos a consolidar el Valle de la Mentefactura. Queremos innovar, dise\u00f1ar, inventar y Layer 9 Data Center, es lo que nos va a traer para Guanajuato&#8221;, dijo el Gobernador.<br \/>\nLa empresa invertir\u00e1 en Guanajuato 800 millones de d\u00f3lares en dos etapas, de los cuales, 400 millones se destinar\u00e1n a la primera etapa, que se prev\u00e9 estar\u00e1 lista a finales del 2023 y se generar\u00e1n hasta 2 mil 500 empleos directos e indirectos.<br \/>\nLayer 9 Data Center, tiene m\u00e1s de 50 a\u00f1os de experiencia en el manejo de informaci\u00f3n y hoy<img decoding=\"async\" class=\"size-medium wp-image-403325 alignleft\" src=\"https:\/\/dimensionturistica.com\/es\/wp-content\/uploads\/2022\/10\/GTO3-253x300.jpg\" alt=\"\" width=\"253\" height=\"300\" srcset=\"https:\/\/dimensionturistica.com\/es\/wp-content\/uploads\/2022\/10\/GTO3-253x300.jpg 253w, https:\/\/dimensionturistica.com\/es\/wp-content\/uploads\/2022\/10\/GTO3.jpg 500w\" sizes=\"(max-width: 253px) 100vw, 253px\" \/> coadyuva a que Guanajuato se ponga a la par de importantes megatendencias de la revoluci\u00f3n digital, como la computaci\u00f3n en la nube y la inteligencia artificial aplicada al \u201cBig Data\u201d.<br \/>\nEn la colocaci\u00f3n de la primera piedra estuvieron presentes Jos\u00e9 Luis Oliveros Usabiaga, Monserrat Mendoza Cano y Francisco Javier Mendoza M\u00e1rquez, Presidentes Municipales de Apaseo El Grande, Apaseo El Alto y Celaya, respectivamente.<br \/>\nAdem\u00e1s de Alejandro Cant\u00fa, CEO de Layer 9 M\u00e9xico Data Center; Miguel Ortiz, CEO de Layer; Marco Alberto Ram\u00f3n Aguirre, director general de los Parques Industriales Amistad; H\u00e9ctor L\u00f3pez Santillana, director general del Parque Industrial Guanajuato Puerto interior y Ram\u00f3n Alfaro G\u00f3mez, Secretario de Desarrollo Econ\u00f3mico Sustentable, entre otros invitados.<\/p>\n","protected":false},"excerpt":{"rendered":"<p>\u201cHoy Guanajuato est\u00e1 dando un gran salto en su desarrollo con este anuncio hist\u00f3rico de la colocaci\u00f3n de la primera piedra del \u2018Data Center\u2019 m\u00e1s grande de Am\u00e9rica Latina\u201d. As\u00ed lo dijo el Gobernador, Diego Sinhue Rodr\u00edguez Vallejo, en el inicio de la construcci\u00f3n de la empresa Layer 9 M\u00e9xico; el primer \u201cData Center\u201d en [&hellip;]<\/p>\n","protected":false},"author":1,"featured_media":403328,"comment_status":"open","ping_status":"closed","sticky":false,"template":"","format":"standard","meta":{"om_disable_all_campaigns":false,"jnews-multi-image_gallery":[],"jnews_single_post":{"source_name":"","source_url":"","via_name":"","via_url":"","override_template":"0","override":[{"template":"1","single_blog_custom":"","parallax":"1","fullscreen":"1","layout":"right-sidebar","sidebar":"default-sidebar","second_sidebar":"default-sidebar","sticky_sidebar":"1","share_position":"top","share_float_style":"share-monocrhome","show_share_counter":"1","show_view_counter":"1","show_featured":"1","show_post_meta":"1","show_post_author":"1","show_post_author_image":"1","show_post_date":"1","post_date_format":"default","post_date_format_custom":"Y\/m\/d","show_post_category":"1","show_post_reading_time":"0","post_reading_time_wpm":"300","show_zoom_button":"0","zoom_button_out_step":"2","zoom_button_in_step":"3","show_post_tag":"1","show_prev_next_post":"1","show_popup_post":"1","number_popup_post":"1","show_author_box":"0","show_post_related":"0","show_inline_post_related":"0"}],"override_image_size":"0","image_override":[{"single_post_thumbnail_size":"crop-500","single_post_gallery_size":"crop-500"}],"trending_post":"0","trending_post_position":"meta","trending_post_label":"Trending","sponsored_post":"0","sponsored_post_label":"Sponsored by","sponsored_post_name":"","sponsored_post_url":"","sponsored_post_logo_enable":"0","sponsored_post_logo":"","sponsored_post_desc":"","disable_ad":"0"},"jnews_primary_category":{"id":""},"jnews_social_meta":{"fb_title":"","fb_description":"","fb_image":"","twitter_title":"","twitter_description":"","twitter_image":""},"footnotes":""},"categories":[40],"tags":[],"class_list":["post-403317","post","type-post","status-publish","format-standard","has-post-thumbnail","hentry","category-industria"],"_links":{"self":[{"href":"https:\/\/dimensionturistica.com\/es\/wp-json\/wp\/v2\/posts\/403317","targetHints":{"allow":["GET"]}}],"collection":[{"href":"https:\/\/dimensionturistica.com\/es\/wp-json\/wp\/v2\/posts"}],"about":[{"href":"https:\/\/dimensionturistica.com\/es\/wp-json\/wp\/v2\/types\/post"}],"author":[{"embeddable":true,"href":"https:\/\/dimensionturistica.com\/es\/wp-json\/wp\/v2\/users\/1"}],"replies":[{"embeddable":true,"href":"https:\/\/dimensionturistica.com\/es\/wp-json\/wp\/v2\/comments?post=403317"}],"version-history":[{"count":0,"href":"https:\/\/dimensionturistica.com\/es\/wp-json\/wp\/v2\/posts\/403317\/revisions"}],"wp:featuredmedia":[{"embeddable":true,"href":"https:\/\/dimensionturistica.com\/es\/wp-json\/wp\/v2\/media\/403328"}],"wp:attachment":[{"href":"https:\/\/dimensionturistica.com\/es\/wp-json\/wp\/v2\/media?parent=403317"}],"wp:term":[{"taxonomy":"category","embeddable":true,"href":"https:\/\/dimensionturistica.com\/es\/wp-json\/wp\/v2\/categories?post=403317"},{"taxonomy":"post_tag","embeddable":true,"href":"https:\/\/dimensionturistica.com\/es\/wp-json\/wp\/v2\/tags?post=403317"}],"curies":[{"name":"wp","href":"https:\/\/api.w.org\/{rel}","templated":true}]}}