{"id":402610,"date":"2022-10-10T18:52:14","date_gmt":"2022-10-10T18:52:14","guid":{"rendered":"https:\/\/dimensionturistica.com\/es\/?p=402610"},"modified":"2022-10-10T18:53:30","modified_gmt":"2022-10-10T18:53:30","slug":"celebro-la-asociacion-mexicana-de-empresas-de-seguridad-privada-su-asamblea-de-socios-en-veracruz","status":"publish","type":"post","link":"https:\/\/dimensionturistica.com\/es\/celebro-la-asociacion-mexicana-de-empresas-de-seguridad-privada-su-asamblea-de-socios-en-veracruz\/","title":{"rendered":"Celebr\u00f3 la Asociaci\u00f3n Mexicana de Empresas de Seguridad Privada su asamblea de socios en Veracruz"},"content":{"rendered":"<p>El robo al autotransporte en las principales carreteras del pa\u00eds se ha disparado en los \u00faltimos a\u00f1os casi un 400 por ciento. Estos asaltos le han costado la vida a muchos elementos de seguridad que viajan en estas unidades, con el fin de protegerlo, ya que, cuando los delincuentes los detectan los bajan y asesinan, denunci\u00f3 el presidente de la Asociaci\u00f3n<img decoding=\"async\" class=\"size-medium wp-image-402616 alignright\" src=\"https:\/\/dimensionturistica.com\/es\/wp-content\/uploads\/2022\/10\/DIRECTIVOS3-300x175.jpg\" alt=\"\" width=\"300\" height=\"175\" srcset=\"https:\/\/dimensionturistica.com\/es\/wp-content\/uploads\/2022\/10\/DIRECTIVOS3-300x175.jpg 300w, https:\/\/dimensionturistica.com\/es\/wp-content\/uploads\/2022\/10\/DIRECTIVOS3.jpg 500w\" sizes=\"(max-width: 300px) 100vw, 300px\" \/> Mexicana de Empresas de Seguridad Privada (AMESP), Salvador L\u00f3pez Contreras.<br \/>\nEntrevistado momento antes de iniciar su Asamblea Ordinaria y el foro \u201cHablemos bien de la Seguridad\u201d de este organismo que se llev\u00f3 a cabo en Boca del R\u00edo, Veracruz, el dirigente de las 200 empresas de seguridad privada m\u00e1s grandes e importantes que act\u00faan en el pa\u00eds y pertenecen a este Asociaci\u00f3n, dijo que cada vez la delincuencia pone en pr\u00e1ctica nuevas y diferentes formas de actuaci\u00f3n, para continuar con su lucrativo negocio de robo a camiones que transportan mercanc\u00edas en diversos caminos del territorio nacional.<br \/>\nPor el incremento en este y otro tipo de delitos, se\u00f1al\u00f3 que la demanda de los servicios que ofrecen las empresas de seguridad privada crece anualmente entre el 10 y el 20 por ciento.<br \/>\nL\u00f3pez Contreras aclar\u00f3 que la seguridad privada trabaja de la mano de la seguridad p\u00fablica, para, en primer lugar, prevenir la comisi\u00f3n de alg\u00fan delito y luego en la investigaci\u00f3n de estos. Por ello se pronunci\u00f3 a favor de apoyarse m\u00e1s con las polic\u00edas locales y en particular con la Guardia Nacional en prevenci\u00f3n de esos delitos.<br \/>\nQueremos ser, dijo: \u201cde alguna forma los ojos y los o\u00eddos de lo que pasa a nivel nacional&#8221;, subray\u00f3.<br \/>\nDestac\u00f3 que los elementos de seguridad privada supera en n\u00famero a la de gobierno, quiz\u00e1s al doble o m\u00e1s, y constantemente renueva y moderniza su equipamiento, que no se limita a<img decoding=\"async\" class=\"size-medium wp-image-402614 alignright\" src=\"https:\/\/dimensionturistica.com\/es\/wp-content\/uploads\/2022\/10\/DIRECTIVO1-300x149.jpg\" alt=\"\" width=\"300\" height=\"149\" srcset=\"https:\/\/dimensionturistica.com\/es\/wp-content\/uploads\/2022\/10\/DIRECTIVO1-300x149.jpg 300w, https:\/\/dimensionturistica.com\/es\/wp-content\/uploads\/2022\/10\/DIRECTIVO1-360x180.jpg 360w, https:\/\/dimensionturistica.com\/es\/wp-content\/uploads\/2022\/10\/DIRECTIVO1.jpg 500w\" sizes=\"(max-width: 300px) 100vw, 300px\" \/> las armas, sino que incluye tecnolog\u00eda diversa.<br \/>\nEl presidente de la AMESP acudi\u00f3 a la Asamblea General Ordinaria de la Asociaci\u00f3n Mexicana de Empresas de Seguridad Privada.<br \/>\nPor su parte, Rafael Abreu, presidente de la Comisi\u00f3n de Relaciones Institucionales y Enlace Gubernamental de AMESP en el estado de Veracruz, destac\u00f3 la importancia de que las empresas de seguridad privada pertenezcan a una asociaci\u00f3n como la AMESP, en donde est\u00e1n s\u00f3lo las compa\u00f1\u00edas que cumplen con todos los requisitos legales a nivel federal y estatal.<br \/>\nDijo que la seguridad privada coadyuva en muchas \u00e1reas o campos, donde la seguridad p\u00fablica no tiene injerencia o no est\u00e1 obligada a hacer, porque las necesidades de seguridad de cada empresa, de cada comercio, de cada familia var\u00eda. La seguridad privada act\u00faa cuando se requiere hacer control de acceso a una instalaci\u00f3n, seguridad f\u00edsica, para darle protecci\u00f3n a quienes est\u00e1n dentro de alg\u00fan local empresarial, comercial o residencial, custodia de mercanc\u00edas, monitoreo de GPSs, alarmas residenciales, blindaje y una gran variedad de tecnolog\u00eda en la materia.<br \/>\nEn el evento, la AMESP, otorg\u00f3 un reconocimiento al secretario de Seguridad P\u00fablica del estado de Veracruz, Hugo Guti\u00e9rrez Maldonado, por la implementaci\u00f3n de la pol\u00edtica estatal para la reducci\u00f3n de delitos de alto impacto.<br \/>\nAl respecto, Rafael Abreu, dijo que \u201cdebemos ser coadyuvantes de este esfuerzo, por ello siempre encontrar\u00e1n aliados en la AMESP. Resalt\u00f3 que es fundamental que se hable de todo lo bueno que ya se est\u00e1 haciendo en la entidad.<br \/>\nPresente estuvo tambi\u00e9n el inspector general de la Guardia Nacional en Veracruz, Rogerio Olgu\u00edn G\u00f3mez.<\/p>\n<p>&nbsp;<\/p>\n","protected":false},"excerpt":{"rendered":"<p>El robo al autotransporte en las principales carreteras del pa\u00eds se ha disparado en los \u00faltimos a\u00f1os casi un 400 por ciento. Estos asaltos le han costado la vida a muchos elementos de seguridad que viajan en estas unidades, con el fin de protegerlo, ya que, cuando los delincuentes los detectan los bajan y asesinan, [&hellip;]<\/p>\n","protected":false},"author":1,"featured_media":402615,"comment_status":"open","ping_status":"closed","sticky":false,"template":"","format":"standard","meta":{"om_disable_all_campaigns":false,"jnews-multi-image_gallery":[],"jnews_single_post":{"source_name":"","source_url":"","via_name":"","via_url":"","override_template":"0","override":[{"template":"1","single_blog_custom":"","parallax":"1","fullscreen":"1","layout":"right-sidebar","sidebar":"default-sidebar","second_sidebar":"default-sidebar","sticky_sidebar":"1","share_position":"top","share_float_style":"share-monocrhome","show_share_counter":"1","show_view_counter":"1","show_featured":"1","show_post_meta":"1","show_post_author":"1","show_post_author_image":"1","show_post_date":"1","post_date_format":"default","post_date_format_custom":"Y\/m\/d","show_post_category":"1","show_post_reading_time":"0","post_reading_time_wpm":"300","show_zoom_button":"0","zoom_button_out_step":"2","zoom_button_in_step":"3","show_post_tag":"1","show_prev_next_post":"1","show_popup_post":"1","number_popup_post":"1","show_author_box":"0","show_post_related":"0","show_inline_post_related":"0"}],"override_image_size":"0","image_override":[{"single_post_thumbnail_size":"crop-500","single_post_gallery_size":"crop-500"}],"trending_post":"0","trending_post_position":"meta","trending_post_label":"Trending","sponsored_post":"0","sponsored_post_label":"Sponsored by","sponsored_post_name":"","sponsored_post_url":"","sponsored_post_logo_enable":"0","sponsored_post_logo":"","sponsored_post_desc":"","disable_ad":"0"},"jnews_primary_category":{"id":""},"jnews_social_meta":{"fb_title":"","fb_description":"","fb_image":"","twitter_title":"","twitter_description":"","twitter_image":""},"footnotes":""},"categories":[40],"tags":[],"class_list":["post-402610","post","type-post","status-publish","format-standard","has-post-thumbnail","hentry","category-industria"],"_links":{"self":[{"href":"https:\/\/dimensionturistica.com\/es\/wp-json\/wp\/v2\/posts\/402610","targetHints":{"allow":["GET"]}}],"collection":[{"href":"https:\/\/dimensionturistica.com\/es\/wp-json\/wp\/v2\/posts"}],"about":[{"href":"https:\/\/dimensionturistica.com\/es\/wp-json\/wp\/v2\/types\/post"}],"author":[{"embeddable":true,"href":"https:\/\/dimensionturistica.com\/es\/wp-json\/wp\/v2\/users\/1"}],"replies":[{"embeddable":true,"href":"https:\/\/dimensionturistica.com\/es\/wp-json\/wp\/v2\/comments?post=402610"}],"version-history":[{"count":0,"href":"https:\/\/dimensionturistica.com\/es\/wp-json\/wp\/v2\/posts\/402610\/revisions"}],"wp:featuredmedia":[{"embeddable":true,"href":"https:\/\/dimensionturistica.com\/es\/wp-json\/wp\/v2\/media\/402615"}],"wp:attachment":[{"href":"https:\/\/dimensionturistica.com\/es\/wp-json\/wp\/v2\/media?parent=402610"}],"wp:term":[{"taxonomy":"category","embeddable":true,"href":"https:\/\/dimensionturistica.com\/es\/wp-json\/wp\/v2\/categories?post=402610"},{"taxonomy":"post_tag","embeddable":true,"href":"https:\/\/dimensionturistica.com\/es\/wp-json\/wp\/v2\/tags?post=402610"}],"curies":[{"name":"wp","href":"https:\/\/api.w.org\/{rel}","templated":true}]}}