{"id":402591,"date":"2022-10-10T18:31:49","date_gmt":"2022-10-10T18:31:49","guid":{"rendered":"https:\/\/dimensionturistica.com\/es\/?p=402591"},"modified":"2022-10-10T18:31:49","modified_gmt":"2022-10-10T18:31:49","slug":"american-airlines-nombra-a-jose-a-freig-como-vicepresidente-de-operaciones-y-comercial-para-mcla","status":"publish","type":"post","link":"https:\/\/dimensionturistica.com\/es\/american-airlines-nombra-a-jose-a-freig-como-vicepresidente-de-operaciones-y-comercial-para-mcla\/","title":{"rendered":"American Airlines nombra a Jos\u00e9 A. Freig como vicepresidente de Operaciones y Comercial para MCLA"},"content":{"rendered":"<p>Jos\u00e9 A. Freig ha sido nombrado como el nuevo Vicepresidente de Operaciones y Comercial para M\u00e9xico, el Caribe y<br \/>\nLatinoam\u00e9rica (MCLA). En su nueva posici\u00f3n, Jos\u00e9 ser\u00e1 el l\u00edder de una regi\u00f3n que incluye m\u00e1s de 1,800 vuelos semanales a m\u00e1s de 90 destinos.<br \/>\nTrabajando cerca junto con los socios de la aerol\u00ednea en la regi\u00f3n, GOL Linhas A\u00e9reas y JetSMART Airlines, as\u00ed como con los m\u00e1s de 4,500<br \/>\nmiembros del equipo de la aerol\u00ednea en |qOperaciones y Ventas, Jos\u00e9 continuar\u00e1 elevando American como la aerol\u00ednea l\u00edder<br \/>\nestadounidense en MCLA.<img decoding=\"async\" class=\"size-medium wp-image-402597 alignright\" src=\"https:\/\/dimensionturistica.com\/es\/wp-content\/uploads\/2022\/10\/Jose-Freig-vicepresidente-de-Operaciones-y-Comercial-para-MCLA-300x196.jpg\" alt=\"\" width=\"300\" height=\"196\" srcset=\"https:\/\/dimensionturistica.com\/es\/wp-content\/uploads\/2022\/10\/Jose-Freig-vicepresidente-de-Operaciones-y-Comercial-para-MCLA-300x196.jpg 300w, https:\/\/dimensionturistica.com\/es\/wp-content\/uploads\/2022\/10\/Jose-Freig-vicepresidente-de-Operaciones-y-Comercial-para-MCLA.jpg 500w\" sizes=\"(max-width: 300px) 100vw, 300px\" \/><br \/>\n\u201cEs un privilegio haber sido elegido para liderar nuestra organizaci\u00f3n de Operaciones y Comercial en M\u00e9xico, el Caribe y Latinoam\u00e9rica, donde American orgullosamente es la aerol\u00ednea estadounidense m\u00e1s grande\u201d, dijo Jos\u00e9. \u201cEsperamos seguir reforzando nuestra marca regional con el relanzamiento de los servicios hacia cinco destinos en Cuba, el lanzamiento de m\u00e1s vuelos hacia M\u00e9xico y la vuelta a Managua, as\u00ed como profundizar nuestra colaboraci\u00f3n con nuestros socios en Sudam\u00e9rica, ofreciendo a los clientes una red inigualable y el m\u00e1s alto nivel de servicio\u201d. Jos\u00e9 se uni\u00f3 a American en 2008 como Director de Seguridad Corporativa, para luego volverse el Director de Asuntos de Gobiernos Internacionales y Jefe de Seguridad. En 2018, Freig fue Director Administrativo de Latinoam\u00e9rica y el Caribe, y m\u00e1s recientemente, fue Vicepresidente Internacional y Presidente Interino de Cargo, supervisando tambi\u00e9n las operaciones de Premium Guest Services.<br \/>\nEl equipo de liderazgo de Jos\u00e9 est\u00e1 conformado por Christine Valls, Directora General de Ventas para Florida, el Caribe y Latinoam\u00e9rica; Jos\u00e9 Mar\u00eda Giraldo, Director General de M\u00e9xico, Centro Am\u00e9rica y el Caribe; y Gonzalo Schames, Director de Sudam\u00e9rica y Alianzas Estrat\u00e9gicas.<br \/>\nM\u00e1s vuelos en MCLA<br \/>\nJos\u00e9 vuelve a unirse al equipo MCLA en un momento de expansi\u00f3n en la regi\u00f3n, que recientemente anunci\u00f3 un aumento de vuelos para este a\u00f1o, incluyendo:<br \/>\nRelanzamiento del servicio hacia cinco destinos en Cuba: Holgu\u00edn (HOG), Santa Clara (SNU), Santiago (SCU), Varadero (VRA) y Camag\u00fcey (CMW), que comenzar\u00e1 la primera semana de noviembre.<br \/>\nLuego de una suspensi\u00f3n de m\u00e1s de dos a\u00f1os, reinicia el servicio desde Miami (MIA) hacia Managua, Nicaragua (MGA), el 30 de noviembre.<br \/>\nLanzamiento de un nuevo servicio desde New York (JFK) hacia Ciudad de M\u00e9xico (MEX) y Monterrey (MTY), desde el 3 de noviembre.<br \/>\nReanudaci\u00f3n del servicio de temporada desde Miami (MIA) hacia Montevideo (MVD), el 30 de octubre.<br \/>\nReanudaci\u00f3n del servicio desde New York (JFK) hacia R\u00edo de Janeiro (GIG), el 30 de octubre.<br \/>\nLanzamiento de una nueva ruta desde Phoenix (PHX) hacia MTY en enero de 2023.<\/p>\n","protected":false},"excerpt":{"rendered":"<p>Jos\u00e9 A. Freig ha sido nombrado como el nuevo Vicepresidente de Operaciones y Comercial para M\u00e9xico, el Caribe y Latinoam\u00e9rica (MCLA). En su nueva posici\u00f3n, Jos\u00e9 ser\u00e1 el l\u00edder de una regi\u00f3n que incluye m\u00e1s de 1,800 vuelos semanales a m\u00e1s de 90 destinos. Trabajando cerca junto con los socios de la aerol\u00ednea en la [&hellip;]<\/p>\n","protected":false},"author":1,"featured_media":402601,"comment_status":"open","ping_status":"closed","sticky":false,"template":"","format":"standard","meta":{"om_disable_all_campaigns":false,"jnews-multi-image_gallery":[],"jnews_single_post":{"source_name":"","source_url":"","via_name":"","via_url":"","override_template":"0","override":[{"template":"1","single_blog_custom":"","parallax":"1","fullscreen":"1","layout":"right-sidebar","sidebar":"default-sidebar","second_sidebar":"default-sidebar","sticky_sidebar":"1","share_position":"top","share_float_style":"share-monocrhome","show_share_counter":"1","show_view_counter":"1","show_featured":"1","show_post_meta":"1","show_post_author":"1","show_post_author_image":"1","show_post_date":"1","post_date_format":"default","post_date_format_custom":"Y\/m\/d","show_post_category":"1","show_post_reading_time":"0","post_reading_time_wpm":"300","show_zoom_button":"0","zoom_button_out_step":"2","zoom_button_in_step":"3","show_post_tag":"1","show_prev_next_post":"1","show_popup_post":"1","number_popup_post":"1","show_author_box":"0","show_post_related":"0","show_inline_post_related":"0"}],"override_image_size":"0","image_override":[{"single_post_thumbnail_size":"crop-500","single_post_gallery_size":"crop-500"}],"trending_post":"0","trending_post_position":"meta","trending_post_label":"Trending","sponsored_post":"0","sponsored_post_label":"Sponsored by","sponsored_post_name":"","sponsored_post_url":"","sponsored_post_logo_enable":"0","sponsored_post_logo":"","sponsored_post_desc":"","disable_ad":"0"},"jnews_primary_category":{"id":""},"jnews_social_meta":{"fb_title":"","fb_description":"","fb_image":"","twitter_title":"","twitter_description":"","twitter_image":""},"footnotes":""},"categories":[40],"tags":[],"class_list":["post-402591","post","type-post","status-publish","format-standard","has-post-thumbnail","hentry","category-industria"],"_links":{"self":[{"href":"https:\/\/dimensionturistica.com\/es\/wp-json\/wp\/v2\/posts\/402591","targetHints":{"allow":["GET"]}}],"collection":[{"href":"https:\/\/dimensionturistica.com\/es\/wp-json\/wp\/v2\/posts"}],"about":[{"href":"https:\/\/dimensionturistica.com\/es\/wp-json\/wp\/v2\/types\/post"}],"author":[{"embeddable":true,"href":"https:\/\/dimensionturistica.com\/es\/wp-json\/wp\/v2\/users\/1"}],"replies":[{"embeddable":true,"href":"https:\/\/dimensionturistica.com\/es\/wp-json\/wp\/v2\/comments?post=402591"}],"version-history":[{"count":0,"href":"https:\/\/dimensionturistica.com\/es\/wp-json\/wp\/v2\/posts\/402591\/revisions"}],"wp:featuredmedia":[{"embeddable":true,"href":"https:\/\/dimensionturistica.com\/es\/wp-json\/wp\/v2\/media\/402601"}],"wp:attachment":[{"href":"https:\/\/dimensionturistica.com\/es\/wp-json\/wp\/v2\/media?parent=402591"}],"wp:term":[{"taxonomy":"category","embeddable":true,"href":"https:\/\/dimensionturistica.com\/es\/wp-json\/wp\/v2\/categories?post=402591"},{"taxonomy":"post_tag","embeddable":true,"href":"https:\/\/dimensionturistica.com\/es\/wp-json\/wp\/v2\/tags?post=402591"}],"curies":[{"name":"wp","href":"https:\/\/api.w.org\/{rel}","templated":true}]}}