{"id":402418,"date":"2022-10-10T14:42:48","date_gmt":"2022-10-10T14:42:48","guid":{"rendered":"https:\/\/dimensionturistica.com\/es\/?p=402418"},"modified":"2022-10-10T14:42:48","modified_gmt":"2022-10-10T14:42:48","slug":"por-tiempo-limitado-regresa-victoria-cempasuchil-una-edicion-especial-para-acompanar-a-los-mexicanos-en-el-dia-de-muertos","status":"publish","type":"post","link":"https:\/\/dimensionturistica.com\/es\/por-tiempo-limitado-regresa-victoria-cempasuchil-una-edicion-especial-para-acompanar-a-los-mexicanos-en-el-dia-de-muertos\/","title":{"rendered":"Por tiempo limitado regresa Victoria Cempas\u00fachil una edici\u00f3n especial, para acompa\u00f1ar a los mexicanos en el d\u00eda de muertos"},"content":{"rendered":"<p>Cerveza Victoria, la marca m\u00e1s representativa del d\u00eda de muertos trae de regreso Victoria Cempas\u00fachil, la edici\u00f3n especial y limitada que lleva el sabor del cempas\u00fachil a todos los<img decoding=\"async\" class=\" wp-image-402430 alignright\" src=\"https:\/\/dimensionturistica.com\/es\/wp-content\/uploads\/2022\/10\/Lata-cempasuchil-escarchada-frente-133x300.png\" alt=\"\" width=\"203\" height=\"458\" srcset=\"https:\/\/dimensionturistica.com\/es\/wp-content\/uploads\/2022\/10\/Lata-cempasuchil-escarchada-frente-133x300.png 133w, https:\/\/dimensionturistica.com\/es\/wp-content\/uploads\/2022\/10\/Lata-cempasuchil-escarchada-frente-455x1024.png 455w, https:\/\/dimensionturistica.com\/es\/wp-content\/uploads\/2022\/10\/Lata-cempasuchil-escarchada-frente.png 500w\" sizes=\"(max-width: 203px) 100vw, 203px\" \/> hogares mexicanos durante la temporada de esta ic\u00f3nica celebraci\u00f3n mexicana.<br \/>\nEl compromiso de Cerveza Victoria, desde 2013, es celebrar la vida de los que ya no est\u00e1n, convirti\u00e9ndose en una marca que acompa\u00f1a las tradiciones alrededor de una de las celebraciones m\u00e1s importantes para los mexicanos; lo mismo en la mesa que en la ofrenda, siempre habr\u00e1 una Victoria para brindar por los que se fueron.<br \/>\nEl regreso de Victoria Cempas\u00fachil confirma el gran \u00e9xito de la edici\u00f3n especial, llenando de sabor las mesas mexicanas, convirti\u00e9ndose en el maridaje perfecto de los antojitos fundamentales en la ofrenda y de las fiestas de temporada: el pan de muerto, los tamales de cerdo o el mole con pollo. Cerveza Victoria busca ser la acompa\u00f1ante perfecta del d\u00eda de muertos y que a trav\u00e9s de su sabor y de las experiencias que ofrece puedas recordar a los tuyos de una forma especial.<br \/>\nEl l\u00edquido ligero de esta edici\u00f3n especial Victoria Cempas\u00fachil, tienen un tono amarillo\/naranja brillante y extracto de cempas\u00fachil, legendaria flor ancestral. Su espuma color beige aflora el<img decoding=\"async\" class=\"size-medium wp-image-402429 alignright\" src=\"https:\/\/dimensionturistica.com\/es\/wp-content\/uploads\/2022\/10\/INFOGRAFIA-VICTORIA-CEMPASUCHIL-200x300.jpg\" alt=\"\" width=\"200\" height=\"300\" srcset=\"https:\/\/dimensionturistica.com\/es\/wp-content\/uploads\/2022\/10\/INFOGRAFIA-VICTORIA-CEMPASUCHIL-200x300.jpg 200w, https:\/\/dimensionturistica.com\/es\/wp-content\/uploads\/2022\/10\/INFOGRAFIA-VICTORIA-CEMPASUCHIL.jpg 500w\" sizes=\"(max-width: 200px) 100vw, 200px\" \/> aroma\u00a0caracter\u00edstico del Cempas\u00fachil, con notas florales y un ligero toque a cereales.<br \/>\nAdem\u00e1s, Cerveza Victoria te invita nuevamente a rendirle un homenaje especial a los seres queridos que ya no est\u00e1n, ya que las latas de esta edici\u00f3n limitada pueden ser personalizadas con su imagen y con un mensaje especial. La personalizaci\u00f3n ser\u00e1 a trav\u00e9s de la nueva plataforma TaDa, solicitando tu paquete especial de 6 pack de Cerveza Victoria Cempas\u00fachil.<br \/>\nVictoria Cempas\u00fachil ya est\u00e1 disponible y lo estar\u00e1 durante toda la temporada de D\u00eda de Muertos a trav\u00e9s de TaDa, Beerhouse.mx, tiendas de autoservicio y tiendas de conveniencia.<br \/>\nEsta es la primera de muchas actividades que tiene preparadas Cerveza Victoria para celebrar y recordar, junto contigo, el d\u00eda de muertos, como lo hace desde hace 10 a\u00f1os.<br \/>\nEspera m\u00e1s noticias que se ir\u00e1n revelando en los pr\u00f3ximos d\u00edas, reafirmando el compromiso que tiene Cer veza Victoria con los mexicanos para recordar y celebrar la vida de los que ya no est\u00e1n.<\/p>\n","protected":false},"excerpt":{"rendered":"<p>Cerveza Victoria, la marca m\u00e1s representativa del d\u00eda de muertos trae de regreso Victoria Cempas\u00fachil, la edici\u00f3n especial y limitada que lleva el sabor del cempas\u00fachil a todos los hogares mexicanos durante la temporada de esta ic\u00f3nica celebraci\u00f3n mexicana. El compromiso de Cerveza Victoria, desde 2013, es celebrar la vida de los que ya no [&hellip;]<\/p>\n","protected":false},"author":1,"featured_media":402427,"comment_status":"open","ping_status":"closed","sticky":false,"template":"","format":"standard","meta":{"om_disable_all_campaigns":false,"jnews-multi-image_gallery":[],"jnews_single_post":{"source_name":"","source_url":"","via_name":"","via_url":"","override_template":"0","override":[{"template":"1","single_blog_custom":"","parallax":"1","fullscreen":"1","layout":"right-sidebar","sidebar":"default-sidebar","second_sidebar":"default-sidebar","sticky_sidebar":"1","share_position":"top","share_float_style":"share-monocrhome","show_share_counter":"1","show_view_counter":"1","show_featured":"1","show_post_meta":"1","show_post_author":"1","show_post_author_image":"1","show_post_date":"1","post_date_format":"default","post_date_format_custom":"Y\/m\/d","show_post_category":"1","show_post_reading_time":"0","post_reading_time_wpm":"300","show_zoom_button":"0","zoom_button_out_step":"2","zoom_button_in_step":"3","show_post_tag":"1","show_prev_next_post":"1","show_popup_post":"1","number_popup_post":"1","show_author_box":"0","show_post_related":"0","show_inline_post_related":"0"}],"override_image_size":"0","image_override":[{"single_post_thumbnail_size":"crop-500","single_post_gallery_size":"crop-500"}],"trending_post":"0","trending_post_position":"meta","trending_post_label":"Trending","sponsored_post":"0","sponsored_post_label":"Sponsored by","sponsored_post_name":"","sponsored_post_url":"","sponsored_post_logo_enable":"0","sponsored_post_logo":"","sponsored_post_desc":"","disable_ad":"0"},"jnews_primary_category":{"id":""},"jnews_social_meta":{"fb_title":"","fb_description":"","fb_image":"","twitter_title":"","twitter_description":"","twitter_image":""},"footnotes":""},"categories":[40],"tags":[],"class_list":["post-402418","post","type-post","status-publish","format-standard","has-post-thumbnail","hentry","category-industria"],"_links":{"self":[{"href":"https:\/\/dimensionturistica.com\/es\/wp-json\/wp\/v2\/posts\/402418","targetHints":{"allow":["GET"]}}],"collection":[{"href":"https:\/\/dimensionturistica.com\/es\/wp-json\/wp\/v2\/posts"}],"about":[{"href":"https:\/\/dimensionturistica.com\/es\/wp-json\/wp\/v2\/types\/post"}],"author":[{"embeddable":true,"href":"https:\/\/dimensionturistica.com\/es\/wp-json\/wp\/v2\/users\/1"}],"replies":[{"embeddable":true,"href":"https:\/\/dimensionturistica.com\/es\/wp-json\/wp\/v2\/comments?post=402418"}],"version-history":[{"count":0,"href":"https:\/\/dimensionturistica.com\/es\/wp-json\/wp\/v2\/posts\/402418\/revisions"}],"wp:featuredmedia":[{"embeddable":true,"href":"https:\/\/dimensionturistica.com\/es\/wp-json\/wp\/v2\/media\/402427"}],"wp:attachment":[{"href":"https:\/\/dimensionturistica.com\/es\/wp-json\/wp\/v2\/media?parent=402418"}],"wp:term":[{"taxonomy":"category","embeddable":true,"href":"https:\/\/dimensionturistica.com\/es\/wp-json\/wp\/v2\/categories?post=402418"},{"taxonomy":"post_tag","embeddable":true,"href":"https:\/\/dimensionturistica.com\/es\/wp-json\/wp\/v2\/tags?post=402418"}],"curies":[{"name":"wp","href":"https:\/\/api.w.org\/{rel}","templated":true}]}}