{"id":402026,"date":"2022-10-10T00:38:47","date_gmt":"2022-10-10T00:38:47","guid":{"rendered":"https:\/\/dimensionturistica.com\/es\/?p=402026"},"modified":"2022-10-10T00:38:47","modified_gmt":"2022-10-10T00:38:47","slug":"todo-listo-para-el-1er-festival-del-vino-sin-fronteras-se-vivira-el-22-de-octubre-en-tijuana","status":"publish","type":"post","link":"https:\/\/dimensionturistica.com\/es\/todo-listo-para-el-1er-festival-del-vino-sin-fronteras-se-vivira-el-22-de-octubre-en-tijuana\/","title":{"rendered":"Todo listo para el 1er. Festival del Vino sin Fronteras se vivir\u00e1 el 22 de octubre en Tijuana"},"content":{"rendered":"<p><img decoding=\"async\" class=\"size-medium wp-image-402033 alignright\" src=\"https:\/\/dimensionturistica.com\/es\/wp-content\/uploads\/2022\/10\/UVAS8-300x199.png\" alt=\"\" width=\"300\" height=\"199\" srcset=\"https:\/\/dimensionturistica.com\/es\/wp-content\/uploads\/2022\/10\/UVAS8-300x199.png 300w, https:\/\/dimensionturistica.com\/es\/wp-content\/uploads\/2022\/10\/UVAS8.png 500w\" sizes=\"(max-width: 300px) 100vw, 300px\" \/>Toda la experiencia de Provino estar\u00e1 enfocada en poder acercar al p\u00fablico a las diferentes propuestas enol\u00f3gicas de los valles vitivin\u00edcolas de Baja California, regi\u00f3n que se ha posicionado no solo a nivel nacional por ser la responsable del 75% del vino que se produce en M\u00e9xico sino tambi\u00e9n por las cualidades \u00f3ptimas del clima y suelo que se ven reflejadas en la calidad de sus vinos, muchos de ellos galardonados en concursos internacionales. Por lo tanto, el Festival del Vino sin Fronteras celebra la cultura del vino a trav\u00e9s de 50 vin\u00edcolas de Baja California participantes, con degustaci\u00f3n y venta de +100 etiquetas de vino.<br \/>\nGracias a la alianza con el Culinary Art School, importante semillero gastron\u00f3mico en nuestra regi\u00f3n, este festival se enriquecer\u00e1 con la participaci\u00f3n de 30 restaurantes de Tijuana incluyendo los establecimientos tradicionales, nuevas propuestas y gastronom\u00eda urbana para complementar la oferta al p\u00fablico asistente, quienes tendr\u00e1n la oportunidad de probar muestras para acompa\u00f1ar los diferentes vinos de su elecci\u00f3n.<br \/>\nEl evento se llevar\u00e1 a cabo en el estacionamiento del Hip\u00f3dromo Caliente de 1:00 PM a 10:00 PM y contar\u00e1 adem\u00e1s con un programa art\u00edstico-musical resaltando el talento local. El costo<img decoding=\"async\" class=\"size-medium wp-image-402030 alignright\" src=\"https:\/\/dimensionturistica.com\/es\/wp-content\/uploads\/2022\/10\/UVAS2-1-300x225.jpg\" alt=\"\" width=\"300\" height=\"225\" srcset=\"https:\/\/dimensionturistica.com\/es\/wp-content\/uploads\/2022\/10\/UVAS2-1-300x225.jpg 300w, https:\/\/dimensionturistica.com\/es\/wp-content\/uploads\/2022\/10\/UVAS2-1.jpg 500w\" sizes=\"(max-width: 300px) 100vw, 300px\" \/> del boleto es de $1,200 MN el cual incluye degustaciones de vino y comida de 1:00 PM a 5:00 o hasta agotar existencia, se recomienda a los asistentes puntualidad para disfrutar de la experiencia gastron\u00f3mica.<br \/>\nCon el objetivo de contribuir al mes de la lucha contra el c\u00e1ncer de mama, Provino Baja California beneficiar\u00e1 con este festival a \u201cMujeres por Mujeres, A.C.\u201d, Asociaci\u00f3n <img decoding=\"async\" class=\"size-medium wp-image-402031 alignleft\" src=\"https:\/\/dimensionturistica.com\/es\/wp-content\/uploads\/2022\/10\/UVAS3-300x225.jpg\" alt=\"\" width=\"300\" height=\"225\" srcset=\"https:\/\/dimensionturistica.com\/es\/wp-content\/uploads\/2022\/10\/UVAS3-300x225.jpg 300w, https:\/\/dimensionturistica.com\/es\/wp-content\/uploads\/2022\/10\/UVAS3.jpg 500w\" sizes=\"(max-width: 300px) 100vw, 300px\" \/>Civil y Grupo de Apoyo para mujeres y hombres que han sido diagnosticados con c\u00e1ncer de seno, brindando atenci\u00f3n en temas de prevenci\u00f3n, en estudios de detecci\u00f3n y de seguimiento e incluso con transporte y nutrici\u00f3n. Independientemente de la aportaci\u00f3n econ\u00f3mica y\/o en especie, este acercamiento representa una importante vinculaci\u00f3n entre ambos organismos para realizar jornadas en los valles vitivin\u00edcolas llevando las unidades de detecci\u00f3n de c\u00e1ncer a los tres poblados de Valle de Guadalupe.<br \/>\nDe la misma forma, se han fortalecido los lazos con la Secretar\u00eda de Turismo de Baja California para hacer m\u00e1s s\u00f3lidos los esfuerzos de promoci\u00f3n del sector vitivin\u00edcola, no solo para este evento en Tijuana, sino de cara al 43\u00ba Congreso Mundial de la Vi\u00f1a y del Vino a realizarse a finales de octubre en nuestro Estado el cual recibir\u00e1 a comitivas y expertos de 48 pa\u00edses.<br \/>\nVenta de boletos y m\u00e1s informaci\u00f3n en: https:\/\/bit.ly\/VinoSinFronteras<\/p>\n<p>&nbsp;<\/p>\n","protected":false},"excerpt":{"rendered":"<p>Toda la experiencia de Provino estar\u00e1 enfocada en poder acercar al p\u00fablico a las diferentes propuestas enol\u00f3gicas de los valles vitivin\u00edcolas de Baja California, regi\u00f3n que se ha posicionado no solo a nivel nacional por ser la responsable del 75% del vino que se produce en M\u00e9xico sino tambi\u00e9n por las cualidades \u00f3ptimas del clima [&hellip;]<\/p>\n","protected":false},"author":1,"featured_media":402032,"comment_status":"open","ping_status":"closed","sticky":false,"template":"","format":"standard","meta":{"om_disable_all_campaigns":false,"jnews-multi-image_gallery":[],"jnews_single_post":{"source_name":"","source_url":"","via_name":"","via_url":"","override_template":"0","override":[{"template":"1","single_blog_custom":"","parallax":"1","fullscreen":"1","layout":"right-sidebar","sidebar":"default-sidebar","second_sidebar":"default-sidebar","sticky_sidebar":"1","share_position":"top","share_float_style":"share-monocrhome","show_share_counter":"1","show_view_counter":"1","show_featured":"1","show_post_meta":"1","show_post_author":"1","show_post_author_image":"1","show_post_date":"1","post_date_format":"default","post_date_format_custom":"Y\/m\/d","show_post_category":"1","show_post_reading_time":"0","post_reading_time_wpm":"300","show_zoom_button":"0","zoom_button_out_step":"2","zoom_button_in_step":"3","show_post_tag":"1","show_prev_next_post":"1","show_popup_post":"1","number_popup_post":"1","show_author_box":"0","show_post_related":"0","show_inline_post_related":"0"}],"override_image_size":"0","image_override":[{"single_post_thumbnail_size":"crop-500","single_post_gallery_size":"crop-500"}],"trending_post":"0","trending_post_position":"meta","trending_post_label":"Trending","sponsored_post":"0","sponsored_post_label":"Sponsored by","sponsored_post_name":"","sponsored_post_url":"","sponsored_post_logo_enable":"0","sponsored_post_logo":"","sponsored_post_desc":"","disable_ad":"0"},"jnews_primary_category":{"id":""},"jnews_social_meta":{"fb_title":"","fb_description":"","fb_image":"","twitter_title":"","twitter_description":"","twitter_image":""},"footnotes":""},"categories":[43],"tags":[],"class_list":["post-402026","post","type-post","status-publish","format-standard","has-post-thumbnail","hentry","category-gourmet"],"_links":{"self":[{"href":"https:\/\/dimensionturistica.com\/es\/wp-json\/wp\/v2\/posts\/402026","targetHints":{"allow":["GET"]}}],"collection":[{"href":"https:\/\/dimensionturistica.com\/es\/wp-json\/wp\/v2\/posts"}],"about":[{"href":"https:\/\/dimensionturistica.com\/es\/wp-json\/wp\/v2\/types\/post"}],"author":[{"embeddable":true,"href":"https:\/\/dimensionturistica.com\/es\/wp-json\/wp\/v2\/users\/1"}],"replies":[{"embeddable":true,"href":"https:\/\/dimensionturistica.com\/es\/wp-json\/wp\/v2\/comments?post=402026"}],"version-history":[{"count":0,"href":"https:\/\/dimensionturistica.com\/es\/wp-json\/wp\/v2\/posts\/402026\/revisions"}],"wp:featuredmedia":[{"embeddable":true,"href":"https:\/\/dimensionturistica.com\/es\/wp-json\/wp\/v2\/media\/402032"}],"wp:attachment":[{"href":"https:\/\/dimensionturistica.com\/es\/wp-json\/wp\/v2\/media?parent=402026"}],"wp:term":[{"taxonomy":"category","embeddable":true,"href":"https:\/\/dimensionturistica.com\/es\/wp-json\/wp\/v2\/categories?post=402026"},{"taxonomy":"post_tag","embeddable":true,"href":"https:\/\/dimensionturistica.com\/es\/wp-json\/wp\/v2\/tags?post=402026"}],"curies":[{"name":"wp","href":"https:\/\/api.w.org\/{rel}","templated":true}]}}