{"id":401965,"date":"2022-10-09T22:34:00","date_gmt":"2022-10-09T22:34:00","guid":{"rendered":"https:\/\/dimensionturistica.com\/es\/?p=401965"},"modified":"2022-10-09T22:34:00","modified_gmt":"2022-10-09T22:34:00","slug":"viva-aerobus-continua-fortaleciendo-la-conectividad-de-yucatan-anunciando-su-nueva-ruta-merida-camaguey","status":"publish","type":"post","link":"https:\/\/dimensionturistica.com\/es\/viva-aerobus-continua-fortaleciendo-la-conectividad-de-yucatan-anunciando-su-nueva-ruta-merida-camaguey\/","title":{"rendered":"Viva Aerobus continua fortaleciendo la conectividad de Yucat\u00e1n anunciando su nueva ruta M\u00e9rida &#8211; Camag\u00fcey"},"content":{"rendered":"<p><img decoding=\"async\" class=\"size-medium wp-image-401973 alignright\" src=\"https:\/\/dimensionturistica.com\/es\/wp-content\/uploads\/2022\/10\/VIVA2-300x169.jpg\" alt=\"\" width=\"300\" height=\"169\" srcset=\"https:\/\/dimensionturistica.com\/es\/wp-content\/uploads\/2022\/10\/VIVA2-300x169.jpg 300w, https:\/\/dimensionturistica.com\/es\/wp-content\/uploads\/2022\/10\/VIVA2.jpg 500w\" sizes=\"(max-width: 300px) 100vw, 300px\" \/> El Gobierno de Yucat\u00e1n, la Secretar\u00eda de Fomento Tur\u00edstico de Yucat\u00e1n (Sefotur) y Viva Aerobus anunciaron la apertura de la nueva ruta desde M\u00e9rida a Camag\u00fcey, Cuba, trat\u00e1ndose del segundo destino internacional de la l\u00ednea a\u00e9rea desde la capital yucateca. M\u00e9rida \u2013 Camag\u00fcey inici\u00f3 operaciones hoy 6 de octubre con un vuelo a la semana (jueves).<br \/>\n\u201cNos entusiasma ver el crecimiento de Viva Aerobus en M\u00e9rida. Con una mayor conectividad, nuestro estado fortalece su competitividad, se generan m\u00e1s oportunidades de negocio y se impulsa el turismo\u201d, afirm\u00f3 la Secretaria de Fomento Tur\u00edstico de Yucat\u00e1n, Michelle Fridman.<br \/>\nEl incremento de la oferta de Viva en el estado ocurre a unas cuantas semanas de que la<img decoding=\"async\" class=\"size-medium wp-image-401966 alignright\" src=\"https:\/\/dimensionturistica.com\/es\/wp-content\/uploads\/2022\/10\/YUCATAN-300x154.jpg\" alt=\"\" width=\"300\" height=\"154\" srcset=\"https:\/\/dimensionturistica.com\/es\/wp-content\/uploads\/2022\/10\/YUCATAN-300x154.jpg 300w, https:\/\/dimensionturistica.com\/es\/wp-content\/uploads\/2022\/10\/YUCATAN.jpg 474w\" sizes=\"(max-width: 300px) 100vw, 300px\" \/> aerol\u00ednea informara que M\u00e9rida se convierte en su sexta base operativa. Al respecto, Viva recuerda que una base operativa es un aeropuerto en donde pernoctan algunas aeronaves y una entidad en donde residen tripulaciones. De esta manera, por temas log\u00edsticos y operacionales, resulta m\u00e1s \u00e1gil y sencillo el aumentar vuelos y rutas.<br \/>\nEn este contexto, bajo un firme compromiso con la conectividad a\u00e9rea de Yucat\u00e1n, el pasado 23 de septiembre Viva tambi\u00e9n inaugur\u00f3 la ruta M\u00e9rida \u2013 Toluca, la cual cuenta con un vuelo diario. Y, recientemente, tambi\u00e9n anunci\u00f3 sus nuevos servicios desde la \u201cciudad blanca\u201d a Quer\u00e9taro y Le\u00f3n, mismos que se inaugurar\u00e1n el 16 y 18 de diciembre, respectivamente, con dos frecuencias a la semana.<br \/>\n\u201cLe deseamos el mejor de los \u00e9xitos a esta serie de nuevas rutas de Viva Aerobus. Estos vuelos, seguramente, favorecer\u00e1n el desarrollo meride\u00f1o dando un fresco impulso al turismo<img decoding=\"async\" class=\"size-medium wp-image-401967 alignleft\" src=\"https:\/\/dimensionturistica.com\/es\/wp-content\/uploads\/2022\/10\/CAMAGUEYY-300x169.jpg\" alt=\"\" width=\"300\" height=\"169\" srcset=\"https:\/\/dimensionturistica.com\/es\/wp-content\/uploads\/2022\/10\/CAMAGUEYY-300x169.jpg 300w, https:\/\/dimensionturistica.com\/es\/wp-content\/uploads\/2022\/10\/CAMAGUEYY-1024x576.jpg 1024w, https:\/\/dimensionturistica.com\/es\/wp-content\/uploads\/2022\/10\/CAMAGUEYY-768x432.jpg 768w, https:\/\/dimensionturistica.com\/es\/wp-content\/uploads\/2022\/10\/CAMAGUEYY-750x422.jpg 750w, https:\/\/dimensionturistica.com\/es\/wp-content\/uploads\/2022\/10\/CAMAGUEYY-1140x641.jpg 1140w, https:\/\/dimensionturistica.com\/es\/wp-content\/uploads\/2022\/10\/CAMAGUEYY.jpg 1280w\" sizes=\"(max-width: 300px) 100vw, 300px\" \/> a nivel nacional e internacional y, por consiguiente, tendr\u00e1 efectos positivos en la derrama econ\u00f3mica local\u201d, agreg\u00f3 la Secretaria Fridman.<br \/>\nViva ya suma 15 a\u00f1os de servicio ininterrumpido en M\u00e9rida y, actualmente, se ha consolidado como la aerol\u00ednea con la oferta m\u00e1s amplia en la ciudad con un portafolio de once rutas con destino a Camag\u00fcey, Ciudad de M\u00e9xico (AICM), Guadalajara, La Habana, Le\u00f3n, Monterrey, Quer\u00e9taro, Toluca, Tuxtla Guti\u00e9rrez, Veracruz y Villahermosa.<br \/>\n\u201cCon todas estas nuevas rutas, estaremos operando m\u00e1s de 400 vuelos mensuales desde\/hacia M\u00e9rida, ciudad que se ha convertido en la nueva casa de Viva Aerobus. As\u00ed, estaremos ofreciendo m\u00e1s de 2 millones de asientos al a\u00f1o a todos quienes deseen visitar esta bella ciudad con los mejores precios y los aviones m\u00e1s nuevos de M\u00e9xico\u201d, dijo Juan Carlos Zuazua, Director General de Viva Aerobus.<br \/>\nEste crecimiento de Viva en el estado cuenta con el firme respaldo de los pasajeros, registrando un destacado aumento en los primeros nueve meses del a\u00f1o. Entre enero y septiembre de 2022, la aerol\u00ednea ha transportado a m\u00e1s 776,000 pasajeros desde\/hacia M\u00e9rida, ello implica un aumento del 49% en comparaci\u00f3n con el mismo periodo del 2021 y un 53% en contraste con el 2019, es decir, se superaron los niveles pre-pandemia.<\/p>\n","protected":false},"excerpt":{"rendered":"<p>El Gobierno de Yucat\u00e1n, la Secretar\u00eda de Fomento Tur\u00edstico de Yucat\u00e1n (Sefotur) y Viva Aerobus anunciaron la apertura de la nueva ruta desde M\u00e9rida a Camag\u00fcey, Cuba, trat\u00e1ndose del segundo destino internacional de la l\u00ednea a\u00e9rea desde la capital yucateca. M\u00e9rida \u2013 Camag\u00fcey inici\u00f3 operaciones hoy 6 de octubre con un vuelo a la semana [&hellip;]<\/p>\n","protected":false},"author":1,"featured_media":401971,"comment_status":"open","ping_status":"closed","sticky":false,"template":"","format":"standard","meta":{"om_disable_all_campaigns":false,"jnews-multi-image_gallery":[],"jnews_single_post":{"source_name":"","source_url":"","via_name":"","via_url":"","override_template":"0","override":[{"template":"1","single_blog_custom":"","parallax":"1","fullscreen":"1","layout":"right-sidebar","sidebar":"default-sidebar","second_sidebar":"default-sidebar","sticky_sidebar":"1","share_position":"top","share_float_style":"share-monocrhome","show_share_counter":"1","show_view_counter":"1","show_featured":"1","show_post_meta":"1","show_post_author":"1","show_post_author_image":"1","show_post_date":"1","post_date_format":"default","post_date_format_custom":"Y\/m\/d","show_post_category":"1","show_post_reading_time":"0","post_reading_time_wpm":"300","show_zoom_button":"0","zoom_button_out_step":"2","zoom_button_in_step":"3","show_post_tag":"1","show_prev_next_post":"1","show_popup_post":"1","number_popup_post":"1","show_author_box":"0","show_post_related":"0","show_inline_post_related":"0"}],"override_image_size":"0","image_override":[{"single_post_thumbnail_size":"crop-500","single_post_gallery_size":"crop-500"}],"trending_post":"0","trending_post_position":"meta","trending_post_label":"Trending","sponsored_post":"0","sponsored_post_label":"Sponsored by","sponsored_post_name":"","sponsored_post_url":"","sponsored_post_logo_enable":"0","sponsored_post_logo":"","sponsored_post_desc":"","disable_ad":"0"},"jnews_primary_category":{"id":""},"jnews_social_meta":{"fb_title":"","fb_description":"","fb_image":"","twitter_title":"","twitter_description":"","twitter_image":""},"footnotes":""},"categories":[39],"tags":[],"class_list":["post-401965","post","type-post","status-publish","format-standard","has-post-thumbnail","hentry","category-viajes"],"_links":{"self":[{"href":"https:\/\/dimensionturistica.com\/es\/wp-json\/wp\/v2\/posts\/401965","targetHints":{"allow":["GET"]}}],"collection":[{"href":"https:\/\/dimensionturistica.com\/es\/wp-json\/wp\/v2\/posts"}],"about":[{"href":"https:\/\/dimensionturistica.com\/es\/wp-json\/wp\/v2\/types\/post"}],"author":[{"embeddable":true,"href":"https:\/\/dimensionturistica.com\/es\/wp-json\/wp\/v2\/users\/1"}],"replies":[{"embeddable":true,"href":"https:\/\/dimensionturistica.com\/es\/wp-json\/wp\/v2\/comments?post=401965"}],"version-history":[{"count":0,"href":"https:\/\/dimensionturistica.com\/es\/wp-json\/wp\/v2\/posts\/401965\/revisions"}],"wp:featuredmedia":[{"embeddable":true,"href":"https:\/\/dimensionturistica.com\/es\/wp-json\/wp\/v2\/media\/401971"}],"wp:attachment":[{"href":"https:\/\/dimensionturistica.com\/es\/wp-json\/wp\/v2\/media?parent=401965"}],"wp:term":[{"taxonomy":"category","embeddable":true,"href":"https:\/\/dimensionturistica.com\/es\/wp-json\/wp\/v2\/categories?post=401965"},{"taxonomy":"post_tag","embeddable":true,"href":"https:\/\/dimensionturistica.com\/es\/wp-json\/wp\/v2\/tags?post=401965"}],"curies":[{"name":"wp","href":"https:\/\/api.w.org\/{rel}","templated":true}]}}