{"id":401589,"date":"2022-10-08T18:55:48","date_gmt":"2022-10-08T18:55:48","guid":{"rendered":"https:\/\/dimensionturistica.com\/es\/?p=401589"},"modified":"2022-10-08T18:55:48","modified_gmt":"2022-10-08T18:55:48","slug":"fue-ratificado-bernardo-cueto-riestra-en-sedetur-un-turismo-con-beneficios-para-todos","status":"publish","type":"post","link":"https:\/\/dimensionturistica.com\/es\/fue-ratificado-bernardo-cueto-riestra-en-sedetur-un-turismo-con-beneficios-para-todos\/","title":{"rendered":"Fue ratificado Bernardo Cueto Riestra en SEDETUR. Un Turismo con beneficios para todos"},"content":{"rendered":"<p><img decoding=\"async\" class=\"size-medium wp-image-401591 alignleft\" src=\"https:\/\/dimensionturistica.com\/es\/wp-content\/uploads\/2022\/10\/Bernardo-Cueto-acude-al-Senado-300x172.jpg\" alt=\"\" width=\"300\" height=\"172\" srcset=\"https:\/\/dimensionturistica.com\/es\/wp-content\/uploads\/2022\/10\/Bernardo-Cueto-acude-al-Senado-300x172.jpg 300w, https:\/\/dimensionturistica.com\/es\/wp-content\/uploads\/2022\/10\/Bernardo-Cueto-acude-al-Senado-1024x587.jpg 1024w, https:\/\/dimensionturistica.com\/es\/wp-content\/uploads\/2022\/10\/Bernardo-Cueto-acude-al-Senado-768x440.jpg 768w, https:\/\/dimensionturistica.com\/es\/wp-content\/uploads\/2022\/10\/Bernardo-Cueto-acude-al-Senado-750x430.jpg 750w, https:\/\/dimensionturistica.com\/es\/wp-content\/uploads\/2022\/10\/Bernardo-Cueto-acude-al-Senado.jpg 1080w\" sizes=\"(max-width: 300px) 100vw, 300px\" \/>Por instrucciones de la gobernadora Mara Lezama, la secretaria de Gobierno, Cristina Torres, ratific\u00f3 este d\u00eda a Bernardo Cueto Riestra como titular de la Secretar\u00eda de Turismo de Quintana Roo (SEDETUR).<br \/>\nAnte colaboradores de la SEDETUR, afirm\u00f3 que el compromiso de la titular del Poder Ejecutivo es lograr que, durante el desarrollo de su administraci\u00f3n, la derrama econ\u00f3mica generada por la actividad tur\u00edstica beneficie a todos los quintanarroenses.<br \/>\nIndudablemente la Secretar\u00eda de Turismo es la que mantiene la econom\u00eda de Quintana Roo aunque, a partir de ahora, el objetivo ser\u00e1 lograr que la prosperidad que genera sea con sentido social y llegue hasta el \u00faltimo rinc\u00f3n del Estado\u201d, dijo.<br \/>\n<img decoding=\"async\" class=\"size-medium wp-image-401592 alignleft\" src=\"https:\/\/dimensionturistica.com\/es\/wp-content\/uploads\/2022\/10\/javier-aranda-e1615752788910-300x261.jpg\" alt=\"\" width=\"300\" height=\"261\" srcset=\"https:\/\/dimensionturistica.com\/es\/wp-content\/uploads\/2022\/10\/javier-aranda-e1615752788910-300x261.jpg 300w, https:\/\/dimensionturistica.com\/es\/wp-content\/uploads\/2022\/10\/javier-aranda-e1615752788910.jpg 640w\" sizes=\"(max-width: 300px) 100vw, 300px\" \/>Cristina Torres dej\u00f3 en claro que la confirmaci\u00f3n de Bernardo Cueto al frente de la SEDETUR es resultado de la exitosa labor que, de manera conjunta, han realizado todos los colaboradores de esta dependencia.\u201c\u201c \u201c\u201cEn este contexto, el Secretario de Turismo resalt\u00f3 que asume el reto, precisamente, de generar condiciones para que la derrama econ\u00f3mica generada en este sector apuntale el desarrollo de toda la geograf\u00eda estatal.<br \/>\nFortaleceremos la actividad tur\u00edstica, con el apoyo de colaboradores y trabajadores de la industria, actuando con profesionalismo, transparencia y vocaci\u00f3n de servicio, se\u00f1al\u00f3 Bernardo Cueto.<br \/>\nHay que destacar que tambi\u00e9n se firmaron las actas de entrega y ratificaci\u00f3n administrativa, acto testificado por la secretaria de la Contralor\u00eda del Estado, Reyna Arceo Rosado y la secretaria t\u00e9cnica de la Auditor\u00eda Superior de Quintana Roo, Pilar Ayala Ram\u00edrez.<\/p>\n","protected":false},"excerpt":{"rendered":"<p>Por instrucciones de la gobernadora Mara Lezama, la secretaria de Gobierno, Cristina Torres, ratific\u00f3 este d\u00eda a Bernardo Cueto Riestra como titular de la Secretar\u00eda de Turismo de Quintana Roo (SEDETUR). Ante colaboradores de la SEDETUR, afirm\u00f3 que el compromiso de la titular del Poder Ejecutivo es lograr que, durante el desarrollo de su administraci\u00f3n, [&hellip;]<\/p>\n","protected":false},"author":1,"featured_media":401590,"comment_status":"open","ping_status":"closed","sticky":false,"template":"","format":"standard","meta":{"om_disable_all_campaigns":false,"jnews-multi-image_gallery":[],"jnews_single_post":{"source_name":"","source_url":"","via_name":"","via_url":"","override_template":"0","override":[{"template":"1","single_blog_custom":"","parallax":"1","fullscreen":"1","layout":"right-sidebar","sidebar":"default-sidebar","second_sidebar":"default-sidebar","sticky_sidebar":"1","share_position":"top","share_float_style":"share-monocrhome","show_share_counter":"1","show_view_counter":"1","show_featured":"1","show_post_meta":"1","show_post_author":"1","show_post_author_image":"1","show_post_date":"1","post_date_format":"default","post_date_format_custom":"Y\/m\/d","show_post_category":"1","show_post_reading_time":"0","post_reading_time_wpm":"300","show_zoom_button":"0","zoom_button_out_step":"2","zoom_button_in_step":"3","show_post_tag":"1","show_prev_next_post":"1","show_popup_post":"1","number_popup_post":"1","show_author_box":"0","show_post_related":"0","show_inline_post_related":"0"}],"override_image_size":"0","image_override":[{"single_post_thumbnail_size":"crop-500","single_post_gallery_size":"crop-500"}],"trending_post":"0","trending_post_position":"meta","trending_post_label":"Trending","sponsored_post":"0","sponsored_post_label":"Sponsored by","sponsored_post_name":"","sponsored_post_url":"","sponsored_post_logo_enable":"0","sponsored_post_logo":"","sponsored_post_desc":"","disable_ad":"0"},"jnews_primary_category":{"id":""},"jnews_social_meta":{"fb_title":"","fb_description":"","fb_image":"","twitter_title":"","twitter_description":"","twitter_image":""},"footnotes":""},"categories":[39],"tags":[],"class_list":["post-401589","post","type-post","status-publish","format-standard","has-post-thumbnail","hentry","category-viajes"],"_links":{"self":[{"href":"https:\/\/dimensionturistica.com\/es\/wp-json\/wp\/v2\/posts\/401589","targetHints":{"allow":["GET"]}}],"collection":[{"href":"https:\/\/dimensionturistica.com\/es\/wp-json\/wp\/v2\/posts"}],"about":[{"href":"https:\/\/dimensionturistica.com\/es\/wp-json\/wp\/v2\/types\/post"}],"author":[{"embeddable":true,"href":"https:\/\/dimensionturistica.com\/es\/wp-json\/wp\/v2\/users\/1"}],"replies":[{"embeddable":true,"href":"https:\/\/dimensionturistica.com\/es\/wp-json\/wp\/v2\/comments?post=401589"}],"version-history":[{"count":0,"href":"https:\/\/dimensionturistica.com\/es\/wp-json\/wp\/v2\/posts\/401589\/revisions"}],"wp:featuredmedia":[{"embeddable":true,"href":"https:\/\/dimensionturistica.com\/es\/wp-json\/wp\/v2\/media\/401590"}],"wp:attachment":[{"href":"https:\/\/dimensionturistica.com\/es\/wp-json\/wp\/v2\/media?parent=401589"}],"wp:term":[{"taxonomy":"category","embeddable":true,"href":"https:\/\/dimensionturistica.com\/es\/wp-json\/wp\/v2\/categories?post=401589"},{"taxonomy":"post_tag","embeddable":true,"href":"https:\/\/dimensionturistica.com\/es\/wp-json\/wp\/v2\/tags?post=401589"}],"curies":[{"name":"wp","href":"https:\/\/api.w.org\/{rel}","templated":true}]}}