{"id":401526,"date":"2022-10-08T15:26:03","date_gmt":"2022-10-08T15:26:03","guid":{"rendered":"https:\/\/dimensionturistica.com\/es\/?p=401526"},"modified":"2022-10-08T15:26:04","modified_gmt":"2022-10-08T15:26:04","slug":"servivuelo-y-latam-airlines-siempre-mas-cerca-de-latinoamerica","status":"publish","type":"post","link":"https:\/\/dimensionturistica.com\/es\/servivuelo-y-latam-airlines-siempre-mas-cerca-de-latinoamerica\/","title":{"rendered":"Servivuelo y Latam Airlines : Siempre m\u00e1s cerca de LatinoAm\u00e9rica"},"content":{"rendered":"<p> <br \/>\n<\/p>\n<div>\n<p>Ayer Servivuelo, consolidador a\u00e9reo l\u00edder en Espa\u00f1a, junto con LATAM Airways, celebraron un evento muy authentic, en un espacio con un encanto \u201cde pel\u00edcula\u201d: el Autocine Race de Madrid.<\/p>\n<p>Al evento asistieron, por parte de Servivuelo, Jorge Zamora, CEO, Elver Villamizar, Director de Operaciones, y Marta Garc\u00eda, Directora de Advertising and marketing. Por parte de LATAM Airways, particip\u00f3 Thibaud Morand, Normal Supervisor Europe and South Pacific, y Arantxa Hern\u00e1ndez, Account Supervisor.<\/p>\n<p>Se convoc\u00f3 a los agentes de viajes para pasar una noche espectacular y donde la aerol\u00edneas hizo una presentaci\u00f3n Con LATAM Airways tienes m\u00e1s Sudam\u00e9rica donde dio a conocer todas sus novedades.<\/p>\n<p>Luego los agentes de viajes pudieron disfrutar de un cocktail para, acto seguido, pasar a sus coches y disfrutar \u201cal estilo americano\u201d de la pel\u00edcula que actualmente es l\u00edder en taquilla: Avatar.<\/p>\n<div class=\"wysiwyg-photo\"><img decoding=\"async\" src=\"https:\/\/static.hosteltur.com\/app\/public\/uploads\/img\/releases\/2022\/10\/06\/L_104104_img-5904.jpg\" alt=\"Imagen nota de prensa Hosteltur\" width=\"2000\" height=\"1379\"\/><\/div>\n<div class=\"wysiwyg-photo\"><img decoding=\"async\" src=\"https:\/\/static.hosteltur.com\/app\/public\/uploads\/img\/releases\/2022\/10\/06\/L_104052_evento-1.jpg\" alt=\"Imagen nota de prensa Hosteltur\" width=\"1024\" height=\"768\"\/><\/div><\/div>\n\n<p><em> &#8221; Fuentes www.hosteltur.com &#8221; <\/em><\/p>\n","protected":false},"excerpt":{"rendered":"<p>Ayer Servivuelo, consolidador a\u00e9reo l\u00edder en Espa\u00f1a, junto con LATAM Airways, celebraron un evento muy authentic, en un espacio con un encanto \u201cde pel\u00edcula\u201d: el Autocine Race de Madrid. Al evento asistieron, por parte de Servivuelo, Jorge Zamora, CEO, Elver Villamizar, Director de Operaciones, y Marta Garc\u00eda, Directora de Advertising and marketing. Por parte de [&hellip;]<\/p>\n","protected":false},"author":4,"featured_media":401527,"comment_status":"open","ping_status":"closed","sticky":false,"template":"","format":"standard","meta":{"om_disable_all_campaigns":false,"jnews-multi-image_gallery":[],"jnews_single_post":[],"jnews_primary_category":[],"jnews_social_meta":[],"footnotes":""},"categories":[40],"tags":[1555],"class_list":["post-401526","post","type-post","status-publish","format-standard","has-post-thumbnail","hentry","category-industria","tag-transportes"],"_links":{"self":[{"href":"https:\/\/dimensionturistica.com\/es\/wp-json\/wp\/v2\/posts\/401526","targetHints":{"allow":["GET"]}}],"collection":[{"href":"https:\/\/dimensionturistica.com\/es\/wp-json\/wp\/v2\/posts"}],"about":[{"href":"https:\/\/dimensionturistica.com\/es\/wp-json\/wp\/v2\/types\/post"}],"author":[{"embeddable":true,"href":"https:\/\/dimensionturistica.com\/es\/wp-json\/wp\/v2\/users\/4"}],"replies":[{"embeddable":true,"href":"https:\/\/dimensionturistica.com\/es\/wp-json\/wp\/v2\/comments?post=401526"}],"version-history":[{"count":0,"href":"https:\/\/dimensionturistica.com\/es\/wp-json\/wp\/v2\/posts\/401526\/revisions"}],"wp:featuredmedia":[{"embeddable":true,"href":"https:\/\/dimensionturistica.com\/es\/wp-json\/wp\/v2\/media\/401527"}],"wp:attachment":[{"href":"https:\/\/dimensionturistica.com\/es\/wp-json\/wp\/v2\/media?parent=401526"}],"wp:term":[{"taxonomy":"category","embeddable":true,"href":"https:\/\/dimensionturistica.com\/es\/wp-json\/wp\/v2\/categories?post=401526"},{"taxonomy":"post_tag","embeddable":true,"href":"https:\/\/dimensionturistica.com\/es\/wp-json\/wp\/v2\/tags?post=401526"}],"curies":[{"name":"wp","href":"https:\/\/api.w.org\/{rel}","templated":true}]}}