{"id":401501,"date":"2022-10-08T14:14:59","date_gmt":"2022-10-08T14:14:59","guid":{"rendered":"https:\/\/dimensionturistica.com\/es\/?p=401501"},"modified":"2022-10-08T14:14:59","modified_gmt":"2022-10-08T14:14:59","slug":"estados-unidos-alerta-por-viajes-a-quintana-roo-por-el-alza-en-la-violencia-y-secuestros","status":"publish","type":"post","link":"https:\/\/dimensionturistica.com\/es\/estados-unidos-alerta-por-viajes-a-quintana-roo-por-el-alza-en-la-violencia-y-secuestros\/","title":{"rendered":"Estados Unidos alerta por viajes a Quintana Roo por el alza en la violencia y secuestros"},"content":{"rendered":"<p> <br \/>\n<\/p>\n<div id=\"cuerpo-nota\">\n<p style=\"text-align: justify;\">El <strong>Gobierno de Estados Unidos<\/strong> pidi\u00f3 a sus connacionales viajar con m\u00e1s precauci\u00f3n a<strong> Quintana Roo<\/strong>, debido a la violencia y los secuestros en la Entidad, de acuerdo con lo publicado en octubre en el <strong>Mexico Journey Advisory<\/strong>; hecho que evidencia que el aumento de la inseguridad sigue afectando la imagen del destino tur\u00edstico a nivel internacional.<\/p>\n<p style=\"text-align: justify;\">El pa\u00eds vecino del Norte advirti\u00f3 a sus ciudadanos que viajen al Caribe Mexicano que incrementen las precauciones, aunque se dirijan a destinos tur\u00edsticos como <strong>Canc\u00fan<\/strong>, <strong>Playa del Carmen<\/strong> y <strong>Tulum<\/strong>; por otra parte, <strong>Campeche<\/strong> y <strong>Yucat\u00e1n <\/strong>permanecen fuera de la lista, por lo que los estadounidenses pueden viajar de forma segura.<\/p>\n<aside class=\"htmlinline\"\/>\n<aside class=\"relacionadas con-foto\">\n<h5>Noticias Relacionadas<\/h5>\n<\/aside>\n<p style=\"text-align: justify;\">\u201cLa actividad criminal y la violencia pueden ocurrir en cualquier lugar del Estado, en cualquier momento, incluso en destinos tur\u00edsticos populares. Los viajeros estadounidenses deben mantener un alto nivel de conocimiento de la situaci\u00f3n y mantenerse seguros\u201d, se lee en el informe.<\/p>\n<p class=\"image-align-center\"><img decoding=\"async\" alt=\"\" height=\"512\" src=\"https:\/\/www.poresto.net\/u\/fotografias\/m\/2022\/10\/8\/f768x1-227767_227894_5050.jpg\" width=\"768\"\/><\/p>\n<aside class=\"htmlinline\"\/>\n<aside class=\"relacionadas con-foto\">\n<h5>Noticias Relacionadas<\/h5>\n<\/aside>\n<h3 style=\"text-align: justify;\"><strong>Destacan tiroteos en Canc\u00fan y Riviera Maya<\/strong><\/h3>\n<p style=\"text-align: justify;\">Pese a que los funcionarios Estatales aseguraron en su momento que los tiroteos registrados en hoteles, playas, y restaurantes de la Entidad no afectaban la imagen tur\u00edstica de Quintana Roo, debido a\u00a0que eran hechos aislados, el informe del Gobierno estadounidense les record\u00f3 a sus connacionales que en el Caribe Mexicano estas situaciones ocurren con frecuencia.<\/p>\n<p style=\"text-align: justify;\">\u201cSi bien no est\u00e1n dirigidos a los turistas, los tiroteos entre bandas rivales han herido a transe\u00fantes inocentes. Adem\u00e1s, los ciudadanos estadounidenses han sido v\u00edctimas de delitos violentos y no violentos en \u00e1reas tur\u00edsticas y no tur\u00edsticas; nuestros connacionales tambi\u00e9n han sido v\u00edctimas de secuestros\u201d, indica.<\/p>\n<p style=\"text-align: justify;\">Aunque no marc\u00f3 una restricci\u00f3n de viaje a los empleados del Gobierno estadounidense, les recomend\u00f3 transitar por calles peatonales y tur\u00edsticas, as\u00ed como evitar estar solos o en \u00e1reas que desconozcan.<\/p>\n<p style=\"text-align: justify;\">\u201cNo hay restricciones de viaje para los empleados del Gobierno de Estados Unidos en el Estado de Quintana Roo, que incluyen \u00e1reas tur\u00edsticas en Canc\u00fan, Cozumel, Isla Mujeres, Playa del Carmen, Tulum y la Riviera Maya. Sin embargo, se recomienda al personal ejercer una mayor conciencia de la situaci\u00f3n despu\u00e9s del anochecer en las \u00e1reas de las ciudades antes mencionadas y permanecer en calles peatonales y zonas tur\u00edsticas bien iluminadas\u201d, finaliza el alerta.\n<\/p>\n<p class=\"image-align-center\"><img decoding=\"async\" alt=\"\" height=\"512\" src=\"https:\/\/www.poresto.net\/u\/fotografias\/m\/2022\/10\/8\/f768x1-227768_227895_15.jpg\" width=\"768\"\/>\n<\/p>\n<h3 style=\"text-align: justify;\"><strong>Los casos de violencia que trascendieron fronteras<\/strong><\/h3>\n<p style=\"text-align: justify;\">El caso que dio la vuelta al mundo, sin duda fue el de Anjali Ryot, una influencer india con residencia en Estados Unidos, quien fue asesinada en una balacera en el bar \u201cLa Malquerida\u201d, de Tulum, cuando celebraba su cumplea\u00f1os el pasado 21 de octubre de 2021, pues lo que ser\u00eda unas vacaciones de celebraci\u00f3n termin\u00f3 con su vida.\n<\/p>\n<p style=\"text-align: justify;\">Otro caso ocurri\u00f3 en junio del mismo a\u00f1o, cuando una turista estadounidense, de nombre Kanya, fue herida de bala en un native de Playa Tortugas, donde recibi\u00f3 dos disparos, uno en la pierna y otro en el stomach, que efectuaron sicarios que mataron a dos vendedores en la Zona Hotelera\n<\/p>\n<p style=\"text-align: justify;\">S\u00edguenos en <a rel=\"nofollow noopener\" target=\"_blank\" href=\"https:\/\/news.google.com\/publications\/CAAqBwgKMMLDmwswhs6zAw?oc=3&amp;ceid=MX:es-419&amp;hl=es-419&amp;gl=MX\">Google News<\/a> y recibe la mejor informaci\u00f3n\n<\/p>\n<p style=\"text-align: justify;\">CC\n<\/p>\n<\/div>\n<p><script>\n      window.fbAsyncInit = function() {\n        FB.init({\n          appId      : '{292213061927134}',\n          status     : true,\n\t\t  version:  'v2.7',\n          xfbml      : true\n        });\nFB.Event.subscribe('comment.create', function (response) {grabacom_compa(354910)});\t\nFB.Event.subscribe('comment.remove',  function (response) {grabacom_compa(354910)});\t\nFB.Event.subscribe('edge.create',  function (response) {grabacom_compa(354910)});\nFB.Event.subscribe('edge.remove',  function (response) {grabacom_compa(354910)});\n      };\n(function(d, s, id) {\n  var js, fjs = d.getElementsByTagName(s)[0];\n  if (d.getElementById(id)) return;\n  js = d.createElement(s); js.id = id;\n  js.src = \"\/\/connect.facebook.net\/es_LA\/sdk.js#xfbml=1&version=v2.7&appId=292213061927134\";\n  fjs.parentNode.insertBefore(js, fjs);\n}(document, 'script', 'facebook-jssdk'));\n    <\/script><br \/>\n<br \/><\/p>\n<p><em> &#8221; Fuentes www.poresto.net &#8221; <\/em><\/p>\n","protected":false},"excerpt":{"rendered":"<p>El Gobierno de Estados Unidos pidi\u00f3 a sus connacionales viajar con m\u00e1s precauci\u00f3n a Quintana Roo, debido a la violencia y los secuestros en la Entidad, de acuerdo con lo publicado en octubre en el Mexico Journey Advisory; hecho que evidencia que el aumento de la inseguridad sigue afectando la imagen del destino tur\u00edstico a [&hellip;]<\/p>\n","protected":false},"author":4,"featured_media":401502,"comment_status":"open","ping_status":"closed","sticky":false,"template":"","format":"standard","meta":{"om_disable_all_campaigns":false,"jnews-multi-image_gallery":[],"jnews_single_post":[],"jnews_primary_category":[],"jnews_social_meta":[],"footnotes":""},"categories":[39],"tags":[1363,1064],"class_list":["post-401501","post","type-post","status-publish","format-standard","has-post-thumbnail","hentry","category-viajes","tag-estados-unidos","tag-quintana-roo"],"_links":{"self":[{"href":"https:\/\/dimensionturistica.com\/es\/wp-json\/wp\/v2\/posts\/401501","targetHints":{"allow":["GET"]}}],"collection":[{"href":"https:\/\/dimensionturistica.com\/es\/wp-json\/wp\/v2\/posts"}],"about":[{"href":"https:\/\/dimensionturistica.com\/es\/wp-json\/wp\/v2\/types\/post"}],"author":[{"embeddable":true,"href":"https:\/\/dimensionturistica.com\/es\/wp-json\/wp\/v2\/users\/4"}],"replies":[{"embeddable":true,"href":"https:\/\/dimensionturistica.com\/es\/wp-json\/wp\/v2\/comments?post=401501"}],"version-history":[{"count":0,"href":"https:\/\/dimensionturistica.com\/es\/wp-json\/wp\/v2\/posts\/401501\/revisions"}],"wp:featuredmedia":[{"embeddable":true,"href":"https:\/\/dimensionturistica.com\/es\/wp-json\/wp\/v2\/media\/401502"}],"wp:attachment":[{"href":"https:\/\/dimensionturistica.com\/es\/wp-json\/wp\/v2\/media?parent=401501"}],"wp:term":[{"taxonomy":"category","embeddable":true,"href":"https:\/\/dimensionturistica.com\/es\/wp-json\/wp\/v2\/categories?post=401501"},{"taxonomy":"post_tag","embeddable":true,"href":"https:\/\/dimensionturistica.com\/es\/wp-json\/wp\/v2\/tags?post=401501"}],"curies":[{"name":"wp","href":"https:\/\/api.w.org\/{rel}","templated":true}]}}