{"id":401053,"date":"2022-10-07T16:33:21","date_gmt":"2022-10-07T16:33:21","guid":{"rendered":"https:\/\/dimensionturistica.com\/es\/?p=401053"},"modified":"2022-10-07T16:33:21","modified_gmt":"2022-10-07T16:33:21","slug":"los-comics-desbordados-conquistan-granada","status":"publish","type":"post","link":"https:\/\/dimensionturistica.com\/es\/los-comics-desbordados-conquistan-granada\/","title":{"rendered":"Los c\u00f3mics desbordados conquistan Granada"},"content":{"rendered":"<p> <br \/>\n<\/p>\n<div>\n<aside class=\"subscription-highlighted\">\n<div class=\"subscription-container\">\n<div class=\"non-subscribed\">\n<p class=\"description\">Somos de rutas, no de rutinas. Descubre Viajes Nationwide Geographic<\/p>\n<p><a rel=\"nofollow noopener\" target=\"_blank\" href=\"https:\/\/tienda.rbarevistas.com\/por-que-viajes-national-geographic.html?rba_source=viajes.nationalgeographic.com.es&amp;rba_medium=referral&amp;rba_campaign=NGMV&amp;rba_content=frase-articulo\" class=\"more-link\">SABER M\u00c1S<\/a><\/div>\n<\/div>\n<\/aside>\n<p style=\"display: none;\"><img decoding=\"async\" id=\"ctl01_ctl00_phMain_phMain_ctl00_ctl02_ctl17_ctl01_imgContent\" src=\"https:\/\/dimensionturistica.com\/es\/wp-content\/uploads\/2022\/10\/Los-comics-desbordados-conquistan-Granada.jpg\" alt=\"Inauguraci\u00f3n  En L\u00ednea. Sergio Garc\u00eda S\u00e1nchez  23 1\" style=\"border-width:0px;\"\/><\/p>\n<aside class=\"add300x250 publi-interior-top ad-container-r1 ad-inline\"\/>\n<h2>El ni\u00f1o que naci\u00f3 con un l\u00e1piz en la mano<\/h2>\n<p dir=\"ltr\"><span id=\"docs-internal-guid-92725eab-7fff-f828-a2c1-5ff75da14291\">Cuenta el propio Sergio Garc\u00eda en ese primer trabajo te\u00f3rico suyo que no recuerda exactamente cu\u00e1ndo, pero que de ni\u00f1o vio a su padre leyendo un c\u00f3mic de \u201cLos cuatro fant\u00e1sticos\u201d, que period un c\u00f3mic guide de tapillas de cart\u00f3n, y que a partir de entonces comenz\u00f3 \u00e9l tambi\u00e9n a leer c\u00f3mics y a dibujarlos de forma instintiva, que period p\u00e1ginas enteras, unas p\u00e1ginas p\u00f3ster sin perspectiva en la que aparec\u00edan miles de mu\u00f1equitos todos del mismo tama\u00f1o. Ese fue el inicio de todo. Luego Sergio Garc\u00eda ha publicado portadas en The New Yorker o El Pa\u00eds, entre otros muchos medios; ha publicado en The New York Instances, Toon Books, Dargaud, Delcourt, Dibbuks\u2026 Su trabajo ha recibido diversos premios y reconocimientos, ha expuesto en diversas ciudades, ha ampliado las fronteras de la narraci\u00f3n gr\u00e1fica, ha seguido experimentando desde aquellos primeros dibujos, ha seguido sorprendiendo. <\/span><\/p>\n<blockquote>\n<p dir=\"ltr\"><span id=\"docs-internal-guid-92725eab-7fff-f828-a2c1-5ff75da14291\">\u201cEsta constante experimentaci\u00f3n gr\u00e1fica, que parte del rechazo de los l\u00edmites acotados del libro, que encorsetan e impiden la expansi\u00f3n del dibujo, ha trascendido y revolucionado tanto los formatos tradicionales del c\u00f3mic como su lenguaje secuencial\u201d (Ricardo Anguita Cantero, comisario de <\/span><em>En L\u00ednea)<\/em><\/p>\n<\/blockquote>\n<h2 dir=\"ltr\"><span id=\"docs-internal-guid-92725eab-7fff-f828-a2c1-5ff75da14291\">Una larga l\u00ednea de c\u00f3mics<\/span><\/h2>\n<p dir=\"ltr\"><span id=\"docs-internal-guid-92725eab-7fff-f828-a2c1-5ff75da14291\">El recorrido por la exposici\u00f3n se inicia en el brazo meridional del crucero, donde se desarrolla la primera secci\u00f3n, la de las<strong> creaciones para el c\u00f3mic europeo y americano<\/strong>. Comienza el visitante con los primeros pasos profesionales en el mundo del c\u00f3mic de Sergio Garc\u00eda, en 1994, con aquel m\u00edtico <em>Amura<\/em>, su primer c\u00f3mic para Glenat, un C\u00f3mic guide en blanco y negro editado en seis n\u00fameros entre 1995 y 1996 que le vali\u00f3<strong> ser nominado como Autor Revelaci\u00f3n en el Sal\u00f3n Internacional del C\u00f3mic de Barcelona<\/strong>, y se acaba con obras de proyectos que todav\u00eda no se han publicado, como <em>Congo<\/em>, una novela gr\u00e1fica con t\u00edtulo provisional realizada en colaboraci\u00f3n con Antonio Altarriba para Norma (previsto para primavera de 2023).<\/span><\/p>\n<figure class=\"thumb zoom\"><img loading=\"lazy\" decoding=\"async\"   src=\"https:\/\/dimensionturistica.com\/es\/wp-content\/uploads\/2022\/10\/1665160397_678_Los-comics-desbordados-conquistan-Granada.jpg\" alt=\"Inauguraci\u00f3n  En L\u00ednea. Sergio Garc\u00eda S\u00e1nchez  20\" class=\"lazyload\" width=\"1200\" height=\"852\" data-aspectratio=\"1200\/852\"\/><noscript><img decoding=\"async\" src=\"https:\/\/dimensionturistica.com\/es\/wp-content\/uploads\/2022\/10\/1665160397_678_Los-comics-desbordados-conquistan-Granada.jpg\" alt=\"Inauguraci\u00f3n  En L\u00ednea. Sergio Garc\u00eda S\u00e1nchez  20\"\/><\/noscript><\/p>\n<p>&#13;<figcaption class=\"by\">&#13;Fotograf\u00eda: Paulina L\u00f3pez L\u00f3pez, Jos\u00e9 Francisco Rodr\u00edguez Mu\u00f1oz y Dana M\u00aa L\u00f3pez-Astilleros Montoza<\/figcaption>&#13;<\/p>\n<\/figure>\n<p dir=\"ltr\"><span id=\"docs-internal-guid-92725eab-7fff-f828-a2c1-5ff75da14291\">A continuaci\u00f3n, a la izquierda del crucero, sigue la segunda secci\u00f3n. Tal vez, la parte en la que se exponen los trabajos m\u00e1s famosos y populares de Sergio Garc\u00eda. <strong>Aqu\u00ed est\u00e1n sus trabajos editoriales para medios de comunicaci\u00f3n escritos, esas tres portadas de The New Yorker que se han convertido en virales en las redes sociales<\/strong> o las fascinantes <em>graphics critiques<\/em> para E-book Overview a modo de rese\u00f1as gr\u00e1ficas que expanden la lectura convencional de cl\u00e1sicos de la literatura common, como <em>Moby Dick<\/em> -Herman Melville volver\u00eda a enloquecer si viera c\u00f3mo Sergio Garc\u00eda es capaz de narrar en tres p\u00e1ginas de dibujos lo que a \u00e9l le cost\u00f3 m\u00e1s de 800 p\u00e1ginas-. <\/span><\/p>\n<p dir=\"ltr\"><span id=\"docs-internal-guid-92725eab-7fff-f828-a2c1-5ff75da14291\">Siguiendo la l\u00ednea, se alcanza el pasillo a la derecha del crucero, en el que aparecen piezas de<strong> diversos formatos concebidas para proyectos expositivos y conmemorativos de car\u00e1cter institucional<\/strong>. Es la tercera secci\u00f3n, la reservada para obras como <em>Ortogonal<\/em>, realizada para la exposici\u00f3n \u201cBeatos, mecachis y percebes. Miles de a\u00f1os de tebeos\u201d de la Biblioteca Nacional de Espa\u00f1a (2018); o <em>Misiones y el Camino Actual<\/em> para la exposici\u00f3n \u201cIllustrating Spain in the U.S\u201d, celebrada en la Antigua Residencia de los Embajadores de Espa\u00f1a en Washington, DC. (2021-2022); tambi\u00e9n el encargo institucional realizado por la Universidad de Granada para el proyecto cultural Horizonte V Centenario (2021).<\/span><\/p>\n<figure class=\"thumb zoom\"><img loading=\"lazy\" decoding=\"async\"   src=\"https:\/\/dimensionturistica.com\/es\/wp-content\/uploads\/2022\/10\/1665160397_35_Los-comics-desbordados-conquistan-Granada.jpg\" alt=\"Inauguraci\u00f3n  En L\u00ednea. Sergio Garc\u00eda S\u00e1nchez  14\" class=\"lazyload\" width=\"1200\" height=\"762\" data-aspectratio=\"1200\/762\"\/><noscript><img decoding=\"async\" src=\"https:\/\/dimensionturistica.com\/es\/wp-content\/uploads\/2022\/10\/1665160397_35_Los-comics-desbordados-conquistan-Granada.jpg\" alt=\"Inauguraci\u00f3n  En L\u00ednea. Sergio Garc\u00eda S\u00e1nchez  14\"\/><\/noscript><\/p>\n<p>&#13;<figcaption class=\"by\">&#13;Fotograf\u00eda: Paulina L\u00f3pez L\u00f3pez, Jos\u00e9 Francisco Rodr\u00edguez Mu\u00f1oz y Dana M\u00aa L\u00f3pez-Astilleros Montoza<\/figcaption>&#13;<\/p>\n<\/figure>\n<p dir=\"ltr\"><span id=\"docs-internal-guid-92725eab-7fff-f828-a2c1-5ff75da14291\">Acaba la exposici\u00f3n en la cuarta secci\u00f3n, la del c\u00f3mic expandido, la traca remaining, el apoteosis definitivo. Como recuerda Ricardo Anguita Cantero, estas son obras art\u00edsticas que se alejan de los originales dibujados expresamente para los formatos cl\u00e1sicos como tiras y p\u00e1ginas de prensa, comics guide, \u00e1lbumes o novelas gr\u00e1ficas, tanto como de los formatos m\u00e1s experimentales utilizados por Sergio Garc\u00eda como paneles, p\u00f3sters plegados y concertinas, sino que los expuestos en esta secci\u00f3n \u201cson c\u00f3mics pensados para expandirse, sin las limitaciones espaciales de la p\u00e1gina del libro, sobre las paredes del espacio expositivo\u201d.<\/span><\/p>\n<p dir=\"ltr\"><span id=\"docs-internal-guid-92725eab-7fff-f828-a2c1-5ff75da14291\">Una de esas obras -seguramente la m\u00e1s especial, la m\u00e1s emotiva- la present\u00f3 en redes sociales el propio Sergio Garc\u00eda as\u00ed: \u201cEsta obra titulada Familia es la pieza original que he dibujado para la exposici\u00f3n En l\u00ednea. Est\u00e1 basada en Las Meninas de Vel\u00e1zquez, y es un retrato de mi familia y nuestro hogar. Quiero agradecer a toda la gente que nos acompa\u00f1\u00f3 anoche, y nos sentimos muy queridos y arropados\u201d. Se trata de una pieza espectacular<strong> con las mismas dimensiones que la obra de Diego de Vel\u00e1zquez<\/strong> en la que aparece el dibujante en el plano espacial de su casa, en el que desarrolla una narrativa multitemporal en la que aparece la vida cotidiana de la familia, con su mujer Lola y sus hijos, Alicia y Pablo.<\/span><\/p>\n<figure class=\"thumb zoom\"><img loading=\"lazy\" decoding=\"async\"   src=\"https:\/\/dimensionturistica.com\/es\/wp-content\/uploads\/2022\/10\/1665160398_771_Los-comics-desbordados-conquistan-Granada.jpg\" alt=\"Inauguraci\u00f3n  En L\u00ednea. Sergio Garc\u00eda S\u00e1nchez  15\" class=\"lazyload\" width=\"1200\" height=\"846\" data-aspectratio=\"1200\/846\"\/><noscript><img decoding=\"async\" src=\"https:\/\/dimensionturistica.com\/es\/wp-content\/uploads\/2022\/10\/1665160398_771_Los-comics-desbordados-conquistan-Granada.jpg\" alt=\"Inauguraci\u00f3n  En L\u00ednea. Sergio Garc\u00eda S\u00e1nchez  15\"\/><\/noscript><\/p>\n<p>&#13;<figcaption class=\"by\">&#13;Fotograf\u00eda: Paulina L\u00f3pez L\u00f3pez, Jos\u00e9 Francisco Rodr\u00edguez Mu\u00f1oz y Dana M\u00aa L\u00f3pez-Astilleros Montoza<\/figcaption>&#13;<\/p>\n<\/figure>\n<p dir=\"ltr\"><span id=\"docs-internal-guid-92725eab-7fff-f828-a2c1-5ff75da14291\">En esta \u00faltima secci\u00f3n, se exhiben piezas que aunque no tienen la misma carga emocional y autobiogr\u00e1fica que la anterior, s\u00ed representan las m\u00e1ximas cuotas de la po\u00e9tica de Sergio Garc\u00eda,<strong> todo est\u00e1 aqu\u00ed a la vez, la multilinealidad, las interconexiones narrativas, el efecto rayos X, los contenedores de historias o el abatimientos de planos<\/strong>. Obras que son como supervi\u00f1etas, las piezas <em>New York<\/em>, creada para la exposici\u00f3n \u201cVi\u00f1etas desbordadas\u201d del <a rel=\"nofollow noopener\" target=\"_blank\" href=\"https:\/\/viajes.nationalgeographic.com.es\/lifestyle\/museo-favorito-de-jorge-carrion-el-moma-es-donde-he-tenido-mas-experiencias-inspiradoras_17835\">Centro de Arte Jos\u00e9 Guerrero<\/a> (2019); <em>Guerra<\/em>, un puzzle inspirado en <a rel=\"nofollow noopener\" target=\"_blank\" href=\"https:\/\/viajes.nationalgeographic.com.es\/lifestyle\/asi-sera-ano-picasso-medio-centenar-exposiciones-2023_18564\">el Guernica<\/a> que realiz\u00f3 durante el 2019 para la exposici\u00f3n \u201cPicasso y el c\u00f3mic\u201d del Mus\u00e9e Nationwide Picasso-Par\u00eds y el Mus\u00e9e de la Bande Dessin\u00e9e de la Cit\u00e9 internationale de la bande dessin\u00e9e et de l\u2019picture d\u2019Angoul\u00eame (2021-2022), pero que la pandemia dej\u00f3 archivada sin poder viajar; o la obra <em>Nastagio.degli Onesti<\/em>, previamente exhibida en la Galer\u00eda Arrabal &amp; C\u00eda (2021).<\/span><\/p>\n<figure class=\"thumb zoom\"><img loading=\"lazy\" decoding=\"async\"   src=\"https:\/\/dimensionturistica.com\/es\/wp-content\/uploads\/2022\/10\/1665160398_207_Los-comics-desbordados-conquistan-Granada.jpg\" alt=\"Inauguraci\u00f3n  En L\u00ednea. Sergio Garc\u00eda S\u00e1nchez  22\" class=\"lazyload\" width=\"1200\" height=\"816\" data-aspectratio=\"1200\/816\"\/><noscript><img decoding=\"async\" src=\"https:\/\/dimensionturistica.com\/es\/wp-content\/uploads\/2022\/10\/1665160398_207_Los-comics-desbordados-conquistan-Granada.jpg\" alt=\"Inauguraci\u00f3n  En L\u00ednea. Sergio Garc\u00eda S\u00e1nchez  22\"\/><\/noscript><\/figure>\n<p dir=\"ltr\"><span id=\"docs-internal-guid-92725eab-7fff-f828-a2c1-5ff75da14291\">Contaba Sergio Garc\u00eda en la dedicatoria con la que habr\u00eda esa S<\/span>infon\u00eda gr\u00e1fica. Variaciones en las unidades estructurales y narrativas del c\u00f3mic que tambi\u00e9n recordaba a sus padres cronometr\u00e1ndole para ver cu\u00e1nto tardaba en hacer sus dibujos. Eso es lo \u00fanico que ha cambiado, ahora sus trabajos ya no se pueden cronometrar. Como bromea Enrique Bordes, &#8220;tebeoarquitecto y museografista&#8221;, en el cat\u00e1logo de la exposici\u00f3n, \u201csu plan de dominaci\u00f3n mundial progresa adecuadamente\u201d.<\/p>\n<div class=\"cuadro-destacado\">\n<p class=\"overtitle\">La exposici\u00f3n de la semana<\/p>\n<h3 class=\"title\">&#8220;En l\u00ednea: Sergio Garc\u00eda S\u00e1nchez&#8221;<\/h3>\n<ol class=\"destacado-list\">\n<li class=\"destacado-list-item\">\n<p class=\"list-item-title\">\u00bfD\u00f3nde?<\/p>\n<p class=\"list-item-text\"><span id=\"docs-internal-guid-7cfe198e-7fff-4133-7c8f-1271c4bac5fa\">Del 3 de octubre al 11 de diciembre de 2022.<\/span><\/p>\n<\/li>\n<li class=\"destacado-list-item\">\n<p class=\"list-item-title\">Fechas y horarios<\/p>\n<p class=\"list-item-text\"><span id=\"docs-internal-guid-a07a546a-7fff-a44a-5605-2f854668b8fe\">De lunes a s\u00e1bados, de 11 h a 14 h y de 17:30 h a 20:30 h. Domingos y festivos, de 11 h a 14 h.<\/span><\/p>\n<\/li>\n<li class=\"destacado-list-item\">\n<p class=\"list-item-title\">Precio<\/p>\n<p class=\"list-item-text\">Entrada libre.<\/p>\n<\/li>\n<\/ol>\n<\/div>\n<p dir=\"ltr\"><em><span id=\"docs-internal-guid-92725eab-7fff-f828-a2c1-5ff75da14291\">Las im\u00e1genes han sido cedidas a Viajes National Geographic por:<\/span><\/em><\/p>\n<p dir=\"ltr\"><em><span id=\"docs-internal-guid-92725eab-7fff-f828-a2c1-5ff75da14291\">\u00c1rea de Recursos Audiovisuales del Vicerrectorado de Extensi\u00f3n Universitaria y Patrimonio (Universidad de Granada)<\/span><\/em><\/p>\n<p dir=\"ltr\"><em><span id=\"docs-internal-guid-92725eab-7fff-f828-a2c1-5ff75da14291\">Responsable del \u00e1rea: Raquel Botubol Rivera.<\/span><\/em><\/p>\n<p dir=\"ltr\"><em><span id=\"docs-internal-guid-92725eab-7fff-f828-a2c1-5ff75da14291\">Fotograf\u00eda: Paulina L\u00f3pez L\u00f3pez, Jos\u00e9 Francisco Rodr\u00edguez Mu\u00f1oz y Dana M\u00aa L\u00f3pez-Astilleros Montoza.<\/span><\/em><\/p>\n<p dir=\"ltr\"><em><span id=\"docs-internal-guid-92725eab-7fff-f828-a2c1-5ff75da14291\">Edici\u00f3n fotogr\u00e1fica: Dana M\u00aa L\u00f3pez-Astilleros Montoza.<\/span><\/em><\/p>\n<aside class=\"add300x600 publi-interior-bot ad-inline ad-container-r2\"\/><\/div>\n\n<p><em> &#8221; Fuentes viajes.nationalgeographic.com.es &#8221; <\/em><\/p>\n","protected":false},"excerpt":{"rendered":"<p>Somos de rutas, no de rutinas. Descubre Viajes Nationwide Geographic SABER M\u00c1S El ni\u00f1o que naci\u00f3 con un l\u00e1piz en la mano Cuenta el propio Sergio Garc\u00eda en ese primer trabajo te\u00f3rico suyo que no recuerda exactamente cu\u00e1ndo, pero que de ni\u00f1o vio a su padre leyendo un c\u00f3mic de \u201cLos cuatro fant\u00e1sticos\u201d, que period [&hellip;]<\/p>\n","protected":false},"author":4,"featured_media":401054,"comment_status":"open","ping_status":"closed","sticky":false,"template":"","format":"standard","meta":{"om_disable_all_campaigns":false,"jnews-multi-image_gallery":[],"jnews_single_post":[],"jnews_primary_category":[],"jnews_social_meta":[],"footnotes":""},"categories":[41],"tags":[47258,47257],"class_list":["post-401053","post","type-post","status-publish","format-standard","has-post-thumbnail","hentry","category-cruceros","tag-cargado-desde-el-fichero-de-recursos","tag-keywords-por-defecto"],"_links":{"self":[{"href":"https:\/\/dimensionturistica.com\/es\/wp-json\/wp\/v2\/posts\/401053","targetHints":{"allow":["GET"]}}],"collection":[{"href":"https:\/\/dimensionturistica.com\/es\/wp-json\/wp\/v2\/posts"}],"about":[{"href":"https:\/\/dimensionturistica.com\/es\/wp-json\/wp\/v2\/types\/post"}],"author":[{"embeddable":true,"href":"https:\/\/dimensionturistica.com\/es\/wp-json\/wp\/v2\/users\/4"}],"replies":[{"embeddable":true,"href":"https:\/\/dimensionturistica.com\/es\/wp-json\/wp\/v2\/comments?post=401053"}],"version-history":[{"count":0,"href":"https:\/\/dimensionturistica.com\/es\/wp-json\/wp\/v2\/posts\/401053\/revisions"}],"wp:featuredmedia":[{"embeddable":true,"href":"https:\/\/dimensionturistica.com\/es\/wp-json\/wp\/v2\/media\/401054"}],"wp:attachment":[{"href":"https:\/\/dimensionturistica.com\/es\/wp-json\/wp\/v2\/media?parent=401053"}],"wp:term":[{"taxonomy":"category","embeddable":true,"href":"https:\/\/dimensionturistica.com\/es\/wp-json\/wp\/v2\/categories?post=401053"},{"taxonomy":"post_tag","embeddable":true,"href":"https:\/\/dimensionturistica.com\/es\/wp-json\/wp\/v2\/tags?post=401053"}],"curies":[{"name":"wp","href":"https:\/\/api.w.org\/{rel}","templated":true}]}}