{"id":400951,"date":"2022-10-07T13:29:14","date_gmt":"2022-10-07T13:29:14","guid":{"rendered":"https:\/\/dimensionturistica.com\/es\/?p=400951"},"modified":"2022-10-07T13:29:14","modified_gmt":"2022-10-07T13:29:14","slug":"fallecio-periodista-enrique-martini-araya-diario-y-radio-universidad-chile","status":"publish","type":"post","link":"https:\/\/dimensionturistica.com\/es\/fallecio-periodista-enrique-martini-araya-diario-y-radio-universidad-chile\/","title":{"rendered":"Falleci\u00f3 periodista Enrique Martini Araya \u00ab Diario y Radio Universidad Chile"},"content":{"rendered":"<p> <br \/>\n<\/p>\n<div id=\"\">\n    <!-- TW META --><br \/>\n            <meta name=\"twitter:card\" content=\"summary_large_image\"\/><br \/>\n            <meta name=\"twitter:site\" content=\"@uchileradio\"\/><br \/>\n            <meta property=\"og:url\" content=\"https:\/\/radio.uchile.cl\/2022\/10\/07\/fallecio-periodista-enrique-martini-araya\/\"\/><br \/>\n            <meta property=\"og:title\" content=\"Falleci\u00f3 periodista Enrique Martini Araya\"\/><br \/>\n            <meta property=\"og:description\" content=\"El profesional fue destacado por su labor durante los a\u00f1os \u201980 contra la dictadura militar, adem\u00e1s de su extensa trayectoria en la prensa escrita y agencias informativas. Como docente form\u00f3 a varias generaciones de periodistas. \"\/><br \/>\n            <meta property=\"og:image\" content=\"Array\"\/><br \/>\n        <!-- \/TW META--><\/p>\n<p>    <!-- meta ogg --><br \/>\n        <!-- FB META --><br \/>\n            <meta property=\"og:url\" content=\"https:\/\/radio.uchile.cl\/2022\/10\/07\/fallecio-periodista-enrique-martini-araya\/\"\/><br \/>\n            <meta property=\"og:type\" content=\"article\"\/><br \/>\n            <meta property=\"og:title\" content=\"Falleci\u00f3 periodista Enrique Martini Araya\"\/><br \/>\n            <meta property=\"og:description\" content=\"El profesional fue destacado por su labor durante los a\u00f1os \u201980 contra la dictadura militar, adem\u00e1s de su extensa trayectoria en la prensa escrita y agencias informativas. Como docente form\u00f3 a varias generaciones de periodistas. \"\/><br \/>\n            <meta property=\"og:image\" content=\"Array\"\/><br \/>\n        <!-- \/FB META--><\/p>\n<p>    <!-- \/meta og --><\/p>\n<p>\t<!-- Epigrafe --><br \/>\n                        <!-- titulo--><\/p>\n<p>        <!--Bajada--><\/p>\n<div class=\"bajada \" style=\"font-family: 'Open Sans', sans-serif;, serif; font-size:12pt;\">\n<p style=\"text-align: justify !important;\">El profesional fue destacado por su labor durante los a\u00f1os \u201980 contra la dictadura militar, adem\u00e1s de su extensa trayectoria en la prensa escrita y agencias informativas. Como docente form\u00f3 a varias generaciones de periodistas. <\/p>\n<\/p><\/div>\n<p>        <!--barra contenido meta--><\/p>\n<div class=\"row\">\n<div class=\"col-md-12\">\n                <!--1--><\/p>\n<p>                <!--2--><\/p>\n<p>\u00a0<br \/>\n                    <span class=\"fecha\" style=\"font-family: 'Open Sans', sans-serif;\"><span content=\"2022-10-07T09:58:19-04:00\" pubdate=\"\">Viernes  7 de octubre 2022<\/span> 9:58 hrs.\u00a0<\/span>\n                <\/p>\n<p>                <!--3--><\/p><\/div><\/div>\n<p>        <!--fin barra contenido meta--><\/p>\n<div class=\"\" style=\"text-align:center; \">\n<p>                    <img decoding=\"async\" width=\"1072\" height=\"715\" src=\"https:\/\/radio.uchile.cl\/wp-content\/uploads\/2022\/10\/Martini-e1665147388175.jpg\" class=\"img-responsive\" alt=\"Martini\"\/>                <\/div>\n<p><\/p>\n<div><a rel=\"nofollow noopener\" target=\"_blank\" href=\"https:\/\/open.spotify.com\/search\/Radio%20universidad%20de%20chile\"><img decoding=\"async\" src=\"https:\/\/radio.uchile.cl\/wp-includes\/images\/RUCHPODCAST.png\" class=\"img-responsive\"\/><\/a><\/div><\/div>\n<div id=\"content-filt\" style=\"font-family: 'Open Sans', sans-serif;   text-align: justify; font-size:18px !important;\">\n<p>A consecuencia del Covid 19 falleci\u00f3 el periodista Enrique Martini Araya, reconocido por su amplia trayectoria en la que tuvo pasos por la prensa escrita como el peri\u00f3dico <em>El Siglo<\/em>\u00a0y agencias de prensa entre ellas UPI y la checoeslovaca HTK.<\/p>\n<p>Martini es recordado por su paso adem\u00e1s por el diario <em>\u00daltima Hora.<\/em><em>\u00a0<\/em><\/p>\n<p>Periodista deportivo en sus inicios, posteriormente salt\u00f3 a los temas pol\u00edticos y en 1957 fue uno de los asistentes al Competition Mundial de la Juventud que se realiz\u00f3 en la entonces capital de la Uni\u00f3n Sovi\u00e9tica, Mosc\u00fa, donde particip\u00f3 con cientos de representantes latinoamericanos y de todo el planeta con motivo adem\u00e1s del 60\u00b0 Aniversario de la Revoluci\u00f3n Bolchevique.<\/p>\n<p>En ese viaje realizado por barco, conoci\u00f3 a su compa\u00f1era de toda la vida: Mar\u00eda Matilde Armengol, quien falleci\u00f3 en abril de 2021.<\/p>\n<p>Como periodista del diario <em>El Siglo, <\/em>Martini fue uno de los trabajadores detenidos por la polic\u00eda pol\u00edtica que en abril de ese mismo a\u00f1o 57 asalt\u00f3 el native de la Imprenta Horizonte donde se imprim\u00eda el peri\u00f3dico, hecho que se convirti\u00f3 en todo un esc\u00e1ndalo luego que el gobierno decretara la denominada \u201cLey de Defensa de la Democracia\u201d a ra\u00edz de una serie de manifestaciones populares. Junto a Martini otras 20 personas fueron detenidas, entre ellas el socialista Elmo Catal\u00e1n. Todos debieron enfrentar 60 horas de vej\u00e1menes, mientras la veintena de polic\u00edas destrozaba o robaba los bienes en la imprenta como devel\u00f3 una investigaci\u00f3n judicial posterior.<\/p>\n<p>Luego del golpe de Estado de septiembre de 1973, Martini sali\u00f3 del pa\u00eds rumbo a Argentina y posteriormente a Checoeslovaquia donde se radic\u00f3 junto a su familia. Ah\u00ed se desempe\u00f1\u00f3 profesionalmente en la agencia de noticias estatal HTK.<\/p>\n<p>A su regreso a Chile promediando los a\u00f1os \u201980, Enrique Martini se involucr\u00f3 como dirigente del Colegio de Periodistas y el C\u00edrculo de Periodistas, posici\u00f3n desde la cual jug\u00f3 un rol importante en la lucha por la libertad de expresi\u00f3n y contra las violaciones a los derechos humanos que aplicaba la dictadura.<\/p>\n<p>Uno de los hechos que marc\u00f3 a muchas personas fue la imagen de Martini siendo golpeado y arrastrado por un grupo de fuerzas especiales de Carabineros que reprimieron brutalmente con lumas y gases lacrim\u00f3genos el funeral del soci\u00f3logo comunista Jos\u00e9 Manuel Parada, asesinado por la Dipolcar de esa misma instituci\u00f3n policial, a quien degollaron junto al profesor Manuel Guerrero Ceballos y el publicista Santiago Nattino Allende el 30 de marzo de 1985.<\/p>\n<p>Enrique Martini fue docente en la Escuela de Periodismo de la Universidad Academia de Humanismo Cristiano donde fue reconocido por su labor acad\u00e9mica como formador de varias generaciones de profesionales.<\/p>\n<p>Adem\u00e1s, en 2014 recibi\u00f3 un reconocimiento del Colegio de Periodistas en el marco de su 58\u00b0 aniversario. Mientras, el C\u00edrculo de Periodistas de Santiago lo hab\u00eda galardonado hace poco m\u00e1s de un mes por su trayectoria. Al momento de su fallecimiento hab\u00eda cumplido 91 a\u00f1os de edad.<\/p>\n<\/p><\/div>\n<div style=\"font-family: 'Open Sans', sans-serif; text-align: justify;\">\n<p>A consecuencia del Covid 19 falleci\u00f3 el periodista Enrique Martini Araya, reconocido por su amplia trayectoria en la que tuvo pasos por la prensa escrita como el peri\u00f3dico <em>El Siglo<\/em>\u00a0y agencias de prensa entre ellas UPI y la checoeslovaca HTK.<\/p>\n<p>Martini es recordado por su paso adem\u00e1s por el diario <em>\u00daltima Hora.<\/em><em>\u00a0<\/em><\/p>\n<p>Periodista deportivo en sus inicios, posteriormente salt\u00f3 a los temas pol\u00edticos y en 1957 fue uno de los asistentes al Competition Mundial de la Juventud que se realiz\u00f3 en la entonces capital de la Uni\u00f3n Sovi\u00e9tica, Mosc\u00fa, donde particip\u00f3 con cientos de representantes latinoamericanos y de todo el planeta con motivo adem\u00e1s del 60\u00b0 Aniversario de la Revoluci\u00f3n Bolchevique.<\/p>\n<p>En ese viaje realizado por barco, conoci\u00f3 a su compa\u00f1era de toda la vida: Mar\u00eda Matilde Armengol, quien falleci\u00f3 en abril de 2021.<\/p>\n<p>Como periodista del diario <em>El Siglo, <\/em>Martini fue uno de los trabajadores detenidos por la polic\u00eda pol\u00edtica que en abril de ese mismo a\u00f1o 57 asalt\u00f3 el native de la Imprenta Horizonte donde se imprim\u00eda el peri\u00f3dico, hecho que se convirti\u00f3 en todo un esc\u00e1ndalo luego que el gobierno decretara la denominada \u201cLey de Defensa de la Democracia\u201d a ra\u00edz de una serie de manifestaciones populares. Junto a Martini otras 20 personas fueron detenidas, entre ellas el socialista Elmo Catal\u00e1n. Todos debieron enfrentar 60 horas de vej\u00e1menes, mientras la veintena de polic\u00edas destrozaba o robaba los bienes en la imprenta como devel\u00f3 una investigaci\u00f3n judicial posterior.<\/p>\n<p>Luego del golpe de Estado de septiembre de 1973, Martini sali\u00f3 del pa\u00eds rumbo a Argentina y posteriormente a Checoeslovaquia donde se radic\u00f3 junto a su familia. Ah\u00ed se desempe\u00f1\u00f3 profesionalmente en la agencia de noticias estatal HTK.<\/p>\n<p>A su regreso a Chile promediando los a\u00f1os \u201980, Enrique Martini se involucr\u00f3 como dirigente del Colegio de Periodistas y el C\u00edrculo de Periodistas, posici\u00f3n desde la cual jug\u00f3 un rol importante en la lucha por la libertad de expresi\u00f3n y contra las violaciones a los derechos humanos que aplicaba la dictadura.<\/p>\n<p>Uno de los hechos que marc\u00f3 a muchas personas fue la imagen de Martini siendo golpeado y arrastrado por un grupo de fuerzas especiales de Carabineros que reprimieron brutalmente con lumas y gases lacrim\u00f3genos el funeral del soci\u00f3logo comunista Jos\u00e9 Manuel Parada, asesinado por la Dipolcar de esa misma instituci\u00f3n policial, a quien degollaron junto al profesor Manuel Guerrero Ceballos y el publicista Santiago Nattino Allende el 30 de marzo de 1985.<\/p>\n<p>Enrique Martini fue docente en la Escuela de Periodismo de la Universidad Academia de Humanismo Cristiano donde fue reconocido por su labor acad\u00e9mica como formador de varias generaciones de profesionales.<\/p>\n<p>Adem\u00e1s, en 2014 recibi\u00f3 un reconocimiento del Colegio de Periodistas en el marco de su 58\u00b0 aniversario. Mientras, el C\u00edrculo de Periodistas de Santiago lo hab\u00eda galardonado hace poco m\u00e1s de un mes por su trayectoria. Al momento de su fallecimiento hab\u00eda cumplido 91 a\u00f1os de edad.<\/p>\n<\/p><\/div>\n<div style=\"font-family: 'Raleway', sans-serif !important; line-height: 1.5em;\">\n<p>A consecuencia del Covid 19 falleci\u00f3 el periodista Enrique Martini Araya, reconocido por su amplia trayectoria en la que tuvo pasos por la prensa escrita como el peri\u00f3dico <em>El Siglo<\/em>\u00a0y agencias de prensa entre ellas UPI y la checoeslovaca HTK.<\/p>\n<p>Martini es recordado por su paso adem\u00e1s por el diario <em>\u00daltima Hora.<\/em><em>\u00a0<\/em><\/p>\n<p>Periodista deportivo en sus inicios, posteriormente salt\u00f3 a los temas pol\u00edticos y en 1957 fue uno de los asistentes al Competition Mundial de la Juventud que se realiz\u00f3 en la entonces capital de la Uni\u00f3n Sovi\u00e9tica, Mosc\u00fa, donde particip\u00f3 con cientos de representantes latinoamericanos y de todo el planeta con motivo adem\u00e1s del 60\u00b0 Aniversario de la Revoluci\u00f3n Bolchevique.<\/p>\n<p>En ese viaje realizado por barco, conoci\u00f3 a su compa\u00f1era de toda la vida: Mar\u00eda Matilde Armengol, quien falleci\u00f3 en abril de 2021.<\/p>\n<p>Como periodista del diario <em>El Siglo, <\/em>Martini fue uno de los trabajadores detenidos por la polic\u00eda pol\u00edtica que en abril de ese mismo a\u00f1o 57 asalt\u00f3 el native de la Imprenta Horizonte donde se imprim\u00eda el peri\u00f3dico, hecho que se convirti\u00f3 en todo un esc\u00e1ndalo luego que el gobierno decretara la denominada \u201cLey de Defensa de la Democracia\u201d a ra\u00edz de una serie de manifestaciones populares. Junto a Martini otras 20 personas fueron detenidas, entre ellas el socialista Elmo Catal\u00e1n. Todos debieron enfrentar 60 horas de vej\u00e1menes, mientras la veintena de polic\u00edas destrozaba o robaba los bienes en la imprenta como devel\u00f3 una investigaci\u00f3n judicial posterior.<\/p>\n<p>Luego del golpe de Estado de septiembre de 1973, Martini sali\u00f3 del pa\u00eds rumbo a Argentina y posteriormente a Checoeslovaquia donde se radic\u00f3 junto a su familia. Ah\u00ed se desempe\u00f1\u00f3 profesionalmente en la agencia de noticias estatal HTK.<\/p>\n<p>A su regreso a Chile promediando los a\u00f1os \u201980, Enrique Martini se involucr\u00f3 como dirigente del Colegio de Periodistas y el C\u00edrculo de Periodistas, posici\u00f3n desde la cual jug\u00f3 un rol importante en la lucha por la libertad de expresi\u00f3n y contra las violaciones a los derechos humanos que aplicaba la dictadura.<\/p>\n<p>Uno de los hechos que marc\u00f3 a muchas personas fue la imagen de Martini siendo golpeado y arrastrado por un grupo de fuerzas especiales de Carabineros que reprimieron brutalmente con lumas y gases lacrim\u00f3genos el funeral del soci\u00f3logo comunista Jos\u00e9 Manuel Parada, asesinado por la Dipolcar de esa misma instituci\u00f3n policial, a quien degollaron junto al profesor Manuel Guerrero Ceballos y el publicista Santiago Nattino Allende el 30 de marzo de 1985.<\/p>\n<p>Enrique Martini fue docente en la Escuela de Periodismo de la Universidad Academia de Humanismo Cristiano donde fue reconocido por su labor acad\u00e9mica como formador de varias generaciones de profesionales.<\/p>\n<p>Adem\u00e1s, en 2014 recibi\u00f3 un reconocimiento del Colegio de Periodistas en el marco de su 58\u00b0 aniversario. Mientras, el C\u00edrculo de Periodistas de Santiago lo hab\u00eda galardonado hace poco m\u00e1s de un mes por su trayectoria. Al momento de su fallecimiento hab\u00eda cumplido 91 a\u00f1os de edad.<\/p>\n<\/p><\/div>\n\n<p><em> &#8221; Fuentes radio.uchile.cl &#8221; <\/em><\/p>\n","protected":false},"excerpt":{"rendered":"<p>El profesional fue destacado por su labor durante los a\u00f1os \u201980 contra la dictadura militar, adem\u00e1s de su extensa trayectoria en la prensa escrita y agencias informativas. Como docente form\u00f3 a varias generaciones de periodistas. \u00a0 Viernes 7 de octubre 2022 9:58 hrs.\u00a0 A consecuencia del Covid 19 falleci\u00f3 el periodista Enrique Martini Araya, reconocido [&hellip;]<\/p>\n","protected":false},"author":4,"featured_media":400952,"comment_status":"open","ping_status":"closed","sticky":false,"template":"","format":"standard","meta":{"om_disable_all_campaigns":false,"jnews-multi-image_gallery":[],"jnews_single_post":[],"jnews_primary_category":[],"jnews_social_meta":[],"footnotes":""},"categories":[40],"tags":[54881,54882,54883,54884,54885,1728,706,54886],"class_list":["post-400951","post","type-post","status-publish","format-standard","has-post-thumbnail","hentry","category-industria","tag-circulo-de-periodistas","tag-colegio-de-periodistas","tag-el-siglo","tag-enrique-martini","tag-imprenta-horizonte","tag-periodismo","tag-ultima-hora","tag-universidad-academia-de-humanismo-cristiano"],"_links":{"self":[{"href":"https:\/\/dimensionturistica.com\/es\/wp-json\/wp\/v2\/posts\/400951","targetHints":{"allow":["GET"]}}],"collection":[{"href":"https:\/\/dimensionturistica.com\/es\/wp-json\/wp\/v2\/posts"}],"about":[{"href":"https:\/\/dimensionturistica.com\/es\/wp-json\/wp\/v2\/types\/post"}],"author":[{"embeddable":true,"href":"https:\/\/dimensionturistica.com\/es\/wp-json\/wp\/v2\/users\/4"}],"replies":[{"embeddable":true,"href":"https:\/\/dimensionturistica.com\/es\/wp-json\/wp\/v2\/comments?post=400951"}],"version-history":[{"count":0,"href":"https:\/\/dimensionturistica.com\/es\/wp-json\/wp\/v2\/posts\/400951\/revisions"}],"wp:featuredmedia":[{"embeddable":true,"href":"https:\/\/dimensionturistica.com\/es\/wp-json\/wp\/v2\/media\/400952"}],"wp:attachment":[{"href":"https:\/\/dimensionturistica.com\/es\/wp-json\/wp\/v2\/media?parent=400951"}],"wp:term":[{"taxonomy":"category","embeddable":true,"href":"https:\/\/dimensionturistica.com\/es\/wp-json\/wp\/v2\/categories?post=400951"},{"taxonomy":"post_tag","embeddable":true,"href":"https:\/\/dimensionturistica.com\/es\/wp-json\/wp\/v2\/tags?post=400951"}],"curies":[{"name":"wp","href":"https:\/\/api.w.org\/{rel}","templated":true}]}}