{"id":400573,"date":"2022-10-06T22:11:52","date_gmt":"2022-10-06T22:11:52","guid":{"rendered":"https:\/\/dimensionturistica.com\/es\/?p=400573"},"modified":"2022-10-06T22:12:58","modified_gmt":"2022-10-06T22:12:58","slug":"el-turismo-con-crecimiento-compartido-y-sustentable","status":"publish","type":"post","link":"https:\/\/dimensionturistica.com\/es\/el-turismo-con-crecimiento-compartido-y-sustentable\/","title":{"rendered":"El Turismo con crecimiento compartido y sustentable"},"content":{"rendered":"<p>Canc\u00fan.- Al inaugurar el foro \u201cRepensar el Turismo\u201d, la gobernadora del estado, Mara Lezama Espinosa, propuso fortalecer el modelo de turismo actual con desarrollo inclusivo, basado en la rentabilidad econ\u00f3mica, la preservaci\u00f3n de los ecosistemas, pero sobre todo, en la equidad social y alinear una agenda enmarcada dentro del Nuevo Acuerdo por el Bienestar y Desarrollo.<br \/>\nDurante el foro que se realiz\u00f3 en el marco del \u201cD\u00eda Mundial de Turismo\u201d, afirm\u00f3 que si bien el turismo ha sido el motor del crecimiento de Quintana Roo, al mismo tiempo nos ha<img decoding=\"async\" class=\"size-medium wp-image-400581 alignleft\" src=\"https:\/\/dimensionturistica.com\/es\/wp-content\/uploads\/2022\/10\/Maraturismo2-300x200.jpg\" alt=\"\" width=\"300\" height=\"200\" srcset=\"https:\/\/dimensionturistica.com\/es\/wp-content\/uploads\/2022\/10\/Maraturismo2-300x200.jpg 300w, https:\/\/dimensionturistica.com\/es\/wp-content\/uploads\/2022\/10\/Maraturismo2-1024x682.jpg 1024w, https:\/\/dimensionturistica.com\/es\/wp-content\/uploads\/2022\/10\/Maraturismo2-768x512.jpg 768w, https:\/\/dimensionturistica.com\/es\/wp-content\/uploads\/2022\/10\/Maraturismo2-750x500.jpg 750w, https:\/\/dimensionturistica.com\/es\/wp-content\/uploads\/2022\/10\/Maraturismo2-1140x760.jpg 1140w, https:\/\/dimensionturistica.com\/es\/wp-content\/uploads\/2022\/10\/Maraturismo2.jpg 1280w\" sizes=\"(max-width: 300px) 100vw, 300px\" \/> dejado muchas desigualdades, por lo que es necesario repensar esta industria para que los beneficios sean compartidos y con una profunda responsabilidad social.<br \/>\n\u201cEl d\u00eda que ese trabajador de un hotel cinco estrellas, llegue a su empleo con mejores condiciones de vida, en un transporte digno y con un bienestar en su entorno familiar, podremos decir que el desarrollo y el crecimiento s\u00ed est\u00e1 reflejado en Quintana Roo\u201d expres\u00f3 la mandataria.<br \/>\nPara lograr este objetivo, se impulsar\u00e1n acciones como mantener el Consejo de Promoci\u00f3n Tur\u00edstica de Quintana Roo (CPTQ), y nivelar las capacidades de las comunidades rurales del estado para convertirlas en organismos gestores, comit\u00e9s de sustentabilidad, con el acompa\u00f1amiento de las estructuras organizadas p\u00fablicas y privadas.<br \/>\n\u201cTenemos una rica zona rural e ind\u00edgena que da origen a lo que somos. Una zona que representa grandes oportunidades para que el mercado del turismo rural se convierta en un gran potencial\u201d a\u00f1adi\u00f3.<br \/>\nQuintana Roo cerrar\u00e1 2022 con cifras hist\u00f3ricas, y las estad\u00edsticas muestran que casi el 5% de todos los turistas internacionales orientan sus viajes al turismo rural, mismo que est\u00e1 experimentando un crecimiento anual de aproximadamente 6%, es decir, dos puntos porcentuales por encima de la tasa promedio de crecimiento global del turismo.<br \/>\nAl dar la bienvenida a las y los asistentes, tambi\u00e9n se\u00f1al\u00f3 que vamos a alinearnos a la Agenda 2030 por un desarrollo tur\u00edstico sostenible y sustentable, a partir de un trabajo conjunto de la iniciativa privada, el empresariado, y el propio gobierno.<br \/>\nAcompa\u00f1aron en el presidium a la gobernadora, la presidenta municipal de Benito Ju\u00e1rez, Ana Patricia Peralta de la Pe\u00f1a; Bernardo Cueto Riestra, secretario estatal de Turismo; Javier Aranda Pedrero, Paola Munayer, directora de Fundaci\u00f3n Oasis; Carlos Trueba, director del Aeropuerto Internacional de Canc\u00fan; el diputado, Juli\u00e1n Ricalde Maga\u00f1a y Jes\u00fas Quirce Andr\u00e9s, rector de la Universidad An\u00e1huac Canc\u00fan.<\/p>\n","protected":false},"excerpt":{"rendered":"<p>Canc\u00fan.- Al inaugurar el foro \u201cRepensar el Turismo\u201d, la gobernadora del estado, Mara Lezama Espinosa, propuso fortalecer el modelo de turismo actual con desarrollo inclusivo, basado en la rentabilidad econ\u00f3mica, la preservaci\u00f3n de los ecosistemas, pero sobre todo, en la equidad social y alinear una agenda enmarcada dentro del Nuevo Acuerdo por el Bienestar y [&hellip;]<\/p>\n","protected":false},"author":1,"featured_media":400580,"comment_status":"open","ping_status":"closed","sticky":false,"template":"","format":"standard","meta":{"om_disable_all_campaigns":false,"jnews-multi-image_gallery":[],"jnews_single_post":{"source_name":"","source_url":"","via_name":"","via_url":"","override_template":"0","override":[{"template":"1","single_blog_custom":"","parallax":"1","fullscreen":"1","layout":"right-sidebar","sidebar":"default-sidebar","second_sidebar":"default-sidebar","sticky_sidebar":"1","share_position":"top","share_float_style":"share-monocrhome","show_share_counter":"1","show_view_counter":"1","show_featured":"1","show_post_meta":"1","show_post_author":"1","show_post_author_image":"1","show_post_date":"1","post_date_format":"default","post_date_format_custom":"Y\/m\/d","show_post_category":"1","show_post_reading_time":"0","post_reading_time_wpm":"300","show_zoom_button":"0","zoom_button_out_step":"2","zoom_button_in_step":"3","show_post_tag":"1","show_prev_next_post":"1","show_popup_post":"1","number_popup_post":"1","show_author_box":"0","show_post_related":"0","show_inline_post_related":"0"}],"override_image_size":"0","image_override":[{"single_post_thumbnail_size":"crop-500","single_post_gallery_size":"crop-500"}],"trending_post":"0","trending_post_position":"meta","trending_post_label":"Trending","sponsored_post":"0","sponsored_post_label":"Sponsored by","sponsored_post_name":"","sponsored_post_url":"","sponsored_post_logo_enable":"0","sponsored_post_logo":"","sponsored_post_desc":"","disable_ad":"0"},"jnews_primary_category":{"id":""},"jnews_social_meta":{"fb_title":"","fb_description":"","fb_image":"","twitter_title":"","twitter_description":"","twitter_image":""},"footnotes":""},"categories":[39],"tags":[],"class_list":["post-400573","post","type-post","status-publish","format-standard","has-post-thumbnail","hentry","category-viajes"],"_links":{"self":[{"href":"https:\/\/dimensionturistica.com\/es\/wp-json\/wp\/v2\/posts\/400573","targetHints":{"allow":["GET"]}}],"collection":[{"href":"https:\/\/dimensionturistica.com\/es\/wp-json\/wp\/v2\/posts"}],"about":[{"href":"https:\/\/dimensionturistica.com\/es\/wp-json\/wp\/v2\/types\/post"}],"author":[{"embeddable":true,"href":"https:\/\/dimensionturistica.com\/es\/wp-json\/wp\/v2\/users\/1"}],"replies":[{"embeddable":true,"href":"https:\/\/dimensionturistica.com\/es\/wp-json\/wp\/v2\/comments?post=400573"}],"version-history":[{"count":0,"href":"https:\/\/dimensionturistica.com\/es\/wp-json\/wp\/v2\/posts\/400573\/revisions"}],"wp:featuredmedia":[{"embeddable":true,"href":"https:\/\/dimensionturistica.com\/es\/wp-json\/wp\/v2\/media\/400580"}],"wp:attachment":[{"href":"https:\/\/dimensionturistica.com\/es\/wp-json\/wp\/v2\/media?parent=400573"}],"wp:term":[{"taxonomy":"category","embeddable":true,"href":"https:\/\/dimensionturistica.com\/es\/wp-json\/wp\/v2\/categories?post=400573"},{"taxonomy":"post_tag","embeddable":true,"href":"https:\/\/dimensionturistica.com\/es\/wp-json\/wp\/v2\/tags?post=400573"}],"curies":[{"name":"wp","href":"https:\/\/api.w.org\/{rel}","templated":true}]}}