{"id":400557,"date":"2022-10-06T21:32:15","date_gmt":"2022-10-06T21:32:15","guid":{"rendered":"https:\/\/dimensionturistica.com\/es\/?p=400557"},"modified":"2022-10-06T21:32:15","modified_gmt":"2022-10-06T21:32:15","slug":"los-industriales-hicieron-entrega-de-un-reconocimiento-a-amraci-conapci-por-su-labor-por-la-prevencion-de-los-incendios","status":"publish","type":"post","link":"https:\/\/dimensionturistica.com\/es\/los-industriales-hicieron-entrega-de-un-reconocimiento-a-amraci-conapci-por-su-labor-por-la-prevencion-de-los-incendios\/","title":{"rendered":"Los industriales hicieron entrega de un reconocimiento a AMRACI &#8211; CONAPCI, por su labor por la prevenci\u00f3n de los incendios"},"content":{"rendered":"<p>Por su iniciativa de la \u201cCampa\u00f1a Nacional de Prevenci\u00f3n Contra Incendios\u201d, que cumple ya,<img decoding=\"async\" class=\"size-medium wp-image-400561 alignright\" src=\"https:\/\/dimensionturistica.com\/es\/wp-content\/uploads\/2022\/10\/JUAN-CAMACHO-DE-AMRACI-Y-VICTOR-ESPINOLA-CONAPCI-225x300.jpg\" alt=\"\" width=\"225\" height=\"300\" srcset=\"https:\/\/dimensionturistica.com\/es\/wp-content\/uploads\/2022\/10\/JUAN-CAMACHO-DE-AMRACI-Y-VICTOR-ESPINOLA-CONAPCI-225x300.jpg 225w, https:\/\/dimensionturistica.com\/es\/wp-content\/uploads\/2022\/10\/JUAN-CAMACHO-DE-AMRACI-Y-VICTOR-ESPINOLA-CONAPCI-768x1024.jpg 768w, https:\/\/dimensionturistica.com\/es\/wp-content\/uploads\/2022\/10\/JUAN-CAMACHO-DE-AMRACI-Y-VICTOR-ESPINOLA-CONAPCI-1152x1536.jpg 1152w, https:\/\/dimensionturistica.com\/es\/wp-content\/uploads\/2022\/10\/JUAN-CAMACHO-DE-AMRACI-Y-VICTOR-ESPINOLA-CONAPCI-750x1000.jpg 750w, https:\/\/dimensionturistica.com\/es\/wp-content\/uploads\/2022\/10\/JUAN-CAMACHO-DE-AMRACI-Y-VICTOR-ESPINOLA-CONAPCI-1140x1520.jpg 1140w, https:\/\/dimensionturistica.com\/es\/wp-content\/uploads\/2022\/10\/JUAN-CAMACHO-DE-AMRACI-Y-VICTOR-ESPINOLA-CONAPCI.jpg 1200w\" sizes=\"(max-width: 225px) 100vw, 225px\" \/> del 3 al 7 de octubre, su 8\u00aa edici\u00f3n, empresarios asistentes a la Reuni\u00f3n Anual de Industriales (RAI) 2022, que se lleva a cabo en Le\u00f3n, Guanajuato, entregaron el premio \u201c\u00c9tica y Valores\u201d a la AMRACI (Asociaci\u00f3n Mexicana de Rociadores Autom\u00e1ticos Contra Incendios) y CONAPCI (Consejo Nacional de Protecci\u00f3n Contra Incendios).<br \/>\nEste reconocimiento pone de manifiesto la importancia de la labor que llevan a cabo en todo el pa\u00eds las instituciones que re\u00fanen a las empresas m\u00e1s importantes del sector contra incendio en M\u00e9xico preocupadas por la creaci\u00f3n de una cultura de prevenci\u00f3n m\u00e1s robusta y participativa.<br \/>\nLa RAI es el evento industrial m\u00e1s importante de M\u00e9xico, que re\u00fane a m\u00e1s de mil l\u00edderes empresariales y en el que tambi\u00e9n participan los personajes m\u00e1s representativos de la vida econ\u00f3mica, pol\u00edtica y social del pa\u00eds, organizada por la CONCAMIN (Confederaci\u00f3n Nacional de C\u00e1maras Industriales).<br \/>\nToco recibir el reconocimiento al presidente de AMRACI, Juan Jos\u00e9 Camacho G\u00f3mez, quien destac\u00f3 la importancia de la prevenci\u00f3n de incendios en la industria, los cuales a diferencia de los sismos o huracanes se presentan con mayor frecuencia de lo que parece.<img decoding=\"async\" class=\"size-medium wp-image-400564 alignright\" src=\"https:\/\/dimensionturistica.com\/es\/wp-content\/uploads\/2022\/10\/PREMIO-ETICA-Y-VALORES-QUE-OTORGA-CONCAMIN-225x300.jpg\" alt=\"\" width=\"225\" height=\"300\" srcset=\"https:\/\/dimensionturistica.com\/es\/wp-content\/uploads\/2022\/10\/PREMIO-ETICA-Y-VALORES-QUE-OTORGA-CONCAMIN-225x300.jpg 225w, https:\/\/dimensionturistica.com\/es\/wp-content\/uploads\/2022\/10\/PREMIO-ETICA-Y-VALORES-QUE-OTORGA-CONCAMIN-768x1024.jpg 768w, https:\/\/dimensionturistica.com\/es\/wp-content\/uploads\/2022\/10\/PREMIO-ETICA-Y-VALORES-QUE-OTORGA-CONCAMIN-1152x1536.jpg 1152w, https:\/\/dimensionturistica.com\/es\/wp-content\/uploads\/2022\/10\/PREMIO-ETICA-Y-VALORES-QUE-OTORGA-CONCAMIN-750x1000.jpg 750w, https:\/\/dimensionturistica.com\/es\/wp-content\/uploads\/2022\/10\/PREMIO-ETICA-Y-VALORES-QUE-OTORGA-CONCAMIN-1140x1520.jpg 1140w, https:\/\/dimensionturistica.com\/es\/wp-content\/uploads\/2022\/10\/PREMIO-ETICA-Y-VALORES-QUE-OTORGA-CONCAMIN.jpg 1200w\" sizes=\"(max-width: 225px) 100vw, 225px\" \/> Anualmente se registran m\u00e1s de 95 mil incendios urbanos y no urbanos, 260 al d\u00eda, seg\u00fan el Instituto Nacional de Estad\u00edstica y Geograf\u00eda (INEGI).<br \/>\nLos incendios son responsables del 31% de los desastres en M\u00e9xico y ocasionan el 26.9% de la totalidad de la mortalidad asociada (humo, gases t\u00f3xicos, etc.), adicionalmente tienen gran impacto en la sociedad, apunt\u00f3.<br \/>\nEn M\u00e9xico en los \u00faltimos 10 a\u00f1os m\u00e1s de 6 mil personas fallecieron por exposici\u00f3n a fuego no controlado en construcci\u00f3n, por exposici\u00f3n de ignici\u00f3n de material altamente inflamable, explosiones o por contacto con l\u00edquidos calientes (bebidas y alimentos), siendo los grupos m\u00e1s vulnerables los m\u00e1s afectados, ni\u00f1os y adultos mayores.<br \/>\nJuan Jos\u00e9 Camacho habl\u00f3 tambi\u00e9n del impacto social, las severas consecuencias para las v\u00edctimas, para sus familias y para la sociedad, que incluyen el costoso cuidado m\u00e9dico, el desempleo temporal o permanente y las secuelas f\u00edsicas o mentales, que de acuerdo a la<img decoding=\"async\" class=\"size-medium wp-image-400562 alignright\" src=\"https:\/\/dimensionturistica.com\/es\/wp-content\/uploads\/2022\/10\/JUAN-JOSE-CAMACHO-GOMEZ-PRESIDENTE-DE-AMRACI-225x300.jpg\" alt=\"\" width=\"225\" height=\"300\" srcset=\"https:\/\/dimensionturistica.com\/es\/wp-content\/uploads\/2022\/10\/JUAN-JOSE-CAMACHO-GOMEZ-PRESIDENTE-DE-AMRACI-225x300.jpg 225w, https:\/\/dimensionturistica.com\/es\/wp-content\/uploads\/2022\/10\/JUAN-JOSE-CAMACHO-GOMEZ-PRESIDENTE-DE-AMRACI-768x1024.jpg 768w, https:\/\/dimensionturistica.com\/es\/wp-content\/uploads\/2022\/10\/JUAN-JOSE-CAMACHO-GOMEZ-PRESIDENTE-DE-AMRACI-1152x1536.jpg 1152w, https:\/\/dimensionturistica.com\/es\/wp-content\/uploads\/2022\/10\/JUAN-JOSE-CAMACHO-GOMEZ-PRESIDENTE-DE-AMRACI-750x1000.jpg 750w, https:\/\/dimensionturistica.com\/es\/wp-content\/uploads\/2022\/10\/JUAN-JOSE-CAMACHO-GOMEZ-PRESIDENTE-DE-AMRACI-1140x1520.jpg 1140w, https:\/\/dimensionturistica.com\/es\/wp-content\/uploads\/2022\/10\/JUAN-JOSE-CAMACHO-GOMEZ-PRESIDENTE-DE-AMRACI.jpg 1200w\" sizes=\"(max-width: 225px) 100vw, 225px\" \/> Fundaci\u00f3n Michou &amp; Mau equivalen a medio mill\u00f3n de d\u00f3lares en lo que a atenci\u00f3n m\u00e9dica de un peque\u00f1o que sufre quemaduras, se refiere.<br \/>\nDe acuerdo con la Encuesta Nacional de Salud y Nutrici\u00f3n (ENSANUT) de 2012, en M\u00e9xico 124 mil personas sufrieron quemaduras no fatales al a\u00f1o, y por cada persona que fallece, 220 personas sobreviven, pero quedan con secuelas que afectan:<br \/>\n&#8211; Su apariencia f\u00edsica.<br \/>\n&#8211; Su estado emocional.<br \/>\n&#8211; Su funcionamiento corporal y su conducta ante la sociedad.<br \/>\nEn materia econ\u00f3mica, en los \u00faltimos 4 a\u00f1os m\u00e1s de 34 mil millones de pesos fueron reportados en p\u00e9rdidas por incendio por las instituciones de seguros.<br \/>\nAdicionalmente el 80 por ciento de las edificaciones que sufren alg\u00fan siniestro pierden el 100 por ciento de su patrimonio interrumpiendo la continuidad de operaciones, p\u00e9rdida de empleos y por tanto la competitividad de las industrias.<br \/>\nEn la ceremonia de premiaci\u00f3n estuvo tambi\u00e9n el director de Conapci y Amraci, V\u00edctor Espinola, as\u00ed como el presidente de Concamin, Jos\u00e9 Abugaber Andonie.<\/p>\n","protected":false},"excerpt":{"rendered":"<p>Por su iniciativa de la \u201cCampa\u00f1a Nacional de Prevenci\u00f3n Contra Incendios\u201d, que cumple ya, del 3 al 7 de octubre, su 8\u00aa edici\u00f3n, empresarios asistentes a la Reuni\u00f3n Anual de Industriales (RAI) 2022, que se lleva a cabo en Le\u00f3n, Guanajuato, entregaron el premio \u201c\u00c9tica y Valores\u201d a la AMRACI (Asociaci\u00f3n Mexicana de Rociadores Autom\u00e1ticos [&hellip;]<\/p>\n","protected":false},"author":1,"featured_media":400565,"comment_status":"open","ping_status":"closed","sticky":false,"template":"","format":"standard","meta":{"om_disable_all_campaigns":false,"jnews-multi-image_gallery":[],"jnews_single_post":{"source_name":"","source_url":"","via_name":"","via_url":"","override_template":"0","override":[{"template":"1","single_blog_custom":"","parallax":"1","fullscreen":"1","layout":"right-sidebar","sidebar":"default-sidebar","second_sidebar":"default-sidebar","sticky_sidebar":"1","share_position":"top","share_float_style":"share-monocrhome","show_share_counter":"1","show_view_counter":"1","show_featured":"1","show_post_meta":"1","show_post_author":"1","show_post_author_image":"1","show_post_date":"1","post_date_format":"default","post_date_format_custom":"Y\/m\/d","show_post_category":"1","show_post_reading_time":"0","post_reading_time_wpm":"300","show_zoom_button":"0","zoom_button_out_step":"2","zoom_button_in_step":"3","show_post_tag":"1","show_prev_next_post":"1","show_popup_post":"1","number_popup_post":"1","show_author_box":"0","show_post_related":"0","show_inline_post_related":"0"}],"override_image_size":"0","image_override":[{"single_post_thumbnail_size":"crop-500","single_post_gallery_size":"crop-500"}],"trending_post":"0","trending_post_position":"meta","trending_post_label":"Trending","sponsored_post":"0","sponsored_post_label":"Sponsored by","sponsored_post_name":"","sponsored_post_url":"","sponsored_post_logo_enable":"0","sponsored_post_logo":"","sponsored_post_desc":"","disable_ad":"0"},"jnews_primary_category":{"id":""},"jnews_social_meta":{"fb_title":"","fb_description":"","fb_image":"","twitter_title":"","twitter_description":"","twitter_image":""},"footnotes":""},"categories":[40],"tags":[],"class_list":["post-400557","post","type-post","status-publish","format-standard","has-post-thumbnail","hentry","category-industria"],"_links":{"self":[{"href":"https:\/\/dimensionturistica.com\/es\/wp-json\/wp\/v2\/posts\/400557","targetHints":{"allow":["GET"]}}],"collection":[{"href":"https:\/\/dimensionturistica.com\/es\/wp-json\/wp\/v2\/posts"}],"about":[{"href":"https:\/\/dimensionturistica.com\/es\/wp-json\/wp\/v2\/types\/post"}],"author":[{"embeddable":true,"href":"https:\/\/dimensionturistica.com\/es\/wp-json\/wp\/v2\/users\/1"}],"replies":[{"embeddable":true,"href":"https:\/\/dimensionturistica.com\/es\/wp-json\/wp\/v2\/comments?post=400557"}],"version-history":[{"count":0,"href":"https:\/\/dimensionturistica.com\/es\/wp-json\/wp\/v2\/posts\/400557\/revisions"}],"wp:featuredmedia":[{"embeddable":true,"href":"https:\/\/dimensionturistica.com\/es\/wp-json\/wp\/v2\/media\/400565"}],"wp:attachment":[{"href":"https:\/\/dimensionturistica.com\/es\/wp-json\/wp\/v2\/media?parent=400557"}],"wp:term":[{"taxonomy":"category","embeddable":true,"href":"https:\/\/dimensionturistica.com\/es\/wp-json\/wp\/v2\/categories?post=400557"},{"taxonomy":"post_tag","embeddable":true,"href":"https:\/\/dimensionturistica.com\/es\/wp-json\/wp\/v2\/tags?post=400557"}],"curies":[{"name":"wp","href":"https:\/\/api.w.org\/{rel}","templated":true}]}}