{"id":400351,"date":"2022-10-06T16:56:14","date_gmt":"2022-10-06T16:56:14","guid":{"rendered":"https:\/\/dimensionturistica.com\/es\/?p=400351"},"modified":"2022-10-06T16:56:14","modified_gmt":"2022-10-06T16:56:14","slug":"japon-abre-su-frontera-y-recibira-visitantes-internacionales-a-partir-del-11-de-octubre","status":"publish","type":"post","link":"https:\/\/dimensionturistica.com\/es\/japon-abre-su-frontera-y-recibira-visitantes-internacionales-a-partir-del-11-de-octubre\/","title":{"rendered":"Jap\u00f3n abre su frontera y recibir\u00e1 visitantes internacionales a partir del 11 de octubre"},"content":{"rendered":"<p>El Gobierno de Jap\u00f3n ha anunciado la pol\u00edtica de reapertura en la entrada de viajeros con fines tur\u00edsticos a partir del pr\u00f3ximo 11 de octubre, que considera la apertura de frontera, extensi\u00f3n de visados y la eliminaci\u00f3n del l\u00edmite de llegadas diarias.<br \/>\n\u201cCelebramos que nuevamente podremos dar la bienvenida a los visitantes extranjeros que desean conocer Jap\u00f3n. Agradecemos la amable paciencia de los turistas que buscaban visitar nuestro pa\u00eds en este periodo de pausa tras la pandemia sanitaria\u201d, se\u00f1al\u00f3 SEINO Satoshi, Presidente de la Organizaci\u00f3n Nacional de Turismo de Jap\u00f3n (JNTO por sus siglas en ingl\u00e9s).<img decoding=\"async\" class=\" wp-image-400362 alignright\" src=\"https:\/\/dimensionturistica.com\/es\/wp-content\/uploads\/2022\/10\/MINISTRO-300x199.jpg\" alt=\"\" width=\"415\" height=\"275\" srcset=\"https:\/\/dimensionturistica.com\/es\/wp-content\/uploads\/2022\/10\/MINISTRO-300x199.jpg 300w, https:\/\/dimensionturistica.com\/es\/wp-content\/uploads\/2022\/10\/MINISTRO-768x510.jpg 768w, https:\/\/dimensionturistica.com\/es\/wp-content\/uploads\/2022\/10\/MINISTRO-750x498.jpg 750w, https:\/\/dimensionturistica.com\/es\/wp-content\/uploads\/2022\/10\/MINISTRO.jpg 800w\" sizes=\"(max-width: 415px) 100vw, 415px\" \/><br \/>\n\u201cEn estos dos a\u00f1os y medio en el que nuestra frontera mantuvo un cierre temporal, hemos reforzado la oferta tur\u00edstica de Jap\u00f3n a partir de desarrollos de turismo sostenible, viajes de aventura y viajes de lujo, que complementan la experiencia de cultura, historia y gastronom\u00eda que brinda el pa\u00eds\u201d, a\u00f1adi\u00f3 SEINO Satoshi.<br \/>\nJap\u00f3n es un mercado altamente atractivo no solo para el turismo de placer, tambi\u00e9n para el turismo de negocios. Con la flexibilizaci\u00f3n de las medidas de viaje, Jap\u00f3n se alista nuevamente para convertirse en el anfitri\u00f3n de eventos de clase mundial.<br \/>\nEn noviembre de 2021, JNTO abri\u00f3 una oficina de representaci\u00f3n en M\u00e9xico como \u00fanica base de promoci\u00f3n en Am\u00e9rica Latina. Antes de la pandemia por Covid-19, Jap\u00f3n recib\u00eda anualmente a 31 millones de turistas internacionales, de los cuales, 71,745 fueron visitantes mexicanos.<\/p>\n","protected":false},"excerpt":{"rendered":"<p>El Gobierno de Jap\u00f3n ha anunciado la pol\u00edtica de reapertura en la entrada de viajeros con fines tur\u00edsticos a partir del pr\u00f3ximo 11 de octubre, que considera la apertura de frontera, extensi\u00f3n de visados y la eliminaci\u00f3n del l\u00edmite de llegadas diarias. \u201cCelebramos que nuevamente podremos dar la bienvenida a los visitantes extranjeros que desean [&hellip;]<\/p>\n","protected":false},"author":1,"featured_media":400358,"comment_status":"open","ping_status":"closed","sticky":false,"template":"","format":"standard","meta":{"om_disable_all_campaigns":false,"jnews-multi-image_gallery":[],"jnews_single_post":{"source_name":"","source_url":"","via_name":"","via_url":"","override_template":"0","override":[{"template":"1","single_blog_custom":"","parallax":"1","fullscreen":"1","layout":"right-sidebar","sidebar":"default-sidebar","second_sidebar":"default-sidebar","sticky_sidebar":"1","share_position":"top","share_float_style":"share-monocrhome","show_share_counter":"1","show_view_counter":"1","show_featured":"1","show_post_meta":"1","show_post_author":"1","show_post_author_image":"1","show_post_date":"1","post_date_format":"default","post_date_format_custom":"Y\/m\/d","show_post_category":"1","show_post_reading_time":"0","post_reading_time_wpm":"300","show_zoom_button":"0","zoom_button_out_step":"2","zoom_button_in_step":"3","show_post_tag":"1","show_prev_next_post":"1","show_popup_post":"1","number_popup_post":"1","show_author_box":"0","show_post_related":"0","show_inline_post_related":"0"}],"override_image_size":"0","image_override":[{"single_post_thumbnail_size":"crop-500","single_post_gallery_size":"crop-500"}],"trending_post":"0","trending_post_position":"meta","trending_post_label":"Trending","sponsored_post":"0","sponsored_post_label":"Sponsored by","sponsored_post_name":"","sponsored_post_url":"","sponsored_post_logo_enable":"0","sponsored_post_logo":"","sponsored_post_desc":"","disable_ad":"0"},"jnews_primary_category":{"id":""},"jnews_social_meta":{"fb_title":"","fb_description":"","fb_image":"","twitter_title":"","twitter_description":"","twitter_image":""},"footnotes":""},"categories":[39],"tags":[],"class_list":["post-400351","post","type-post","status-publish","format-standard","has-post-thumbnail","hentry","category-viajes"],"_links":{"self":[{"href":"https:\/\/dimensionturistica.com\/es\/wp-json\/wp\/v2\/posts\/400351","targetHints":{"allow":["GET"]}}],"collection":[{"href":"https:\/\/dimensionturistica.com\/es\/wp-json\/wp\/v2\/posts"}],"about":[{"href":"https:\/\/dimensionturistica.com\/es\/wp-json\/wp\/v2\/types\/post"}],"author":[{"embeddable":true,"href":"https:\/\/dimensionturistica.com\/es\/wp-json\/wp\/v2\/users\/1"}],"replies":[{"embeddable":true,"href":"https:\/\/dimensionturistica.com\/es\/wp-json\/wp\/v2\/comments?post=400351"}],"version-history":[{"count":0,"href":"https:\/\/dimensionturistica.com\/es\/wp-json\/wp\/v2\/posts\/400351\/revisions"}],"wp:featuredmedia":[{"embeddable":true,"href":"https:\/\/dimensionturistica.com\/es\/wp-json\/wp\/v2\/media\/400358"}],"wp:attachment":[{"href":"https:\/\/dimensionturistica.com\/es\/wp-json\/wp\/v2\/media?parent=400351"}],"wp:term":[{"taxonomy":"category","embeddable":true,"href":"https:\/\/dimensionturistica.com\/es\/wp-json\/wp\/v2\/categories?post=400351"},{"taxonomy":"post_tag","embeddable":true,"href":"https:\/\/dimensionturistica.com\/es\/wp-json\/wp\/v2\/tags?post=400351"}],"curies":[{"name":"wp","href":"https:\/\/api.w.org\/{rel}","templated":true}]}}