{"id":399933,"date":"2022-10-06T06:29:22","date_gmt":"2022-10-06T06:29:22","guid":{"rendered":"https:\/\/dimensionturistica.com\/es\/?p=399933"},"modified":"2022-10-06T06:29:22","modified_gmt":"2022-10-06T06:29:22","slug":"baiona-acoge-el-nacional-de-cruceros","status":"publish","type":"post","link":"https:\/\/dimensionturistica.com\/es\/baiona-acoge-el-nacional-de-cruceros\/","title":{"rendered":"Baiona acoge el nacional de Cruceros"},"content":{"rendered":"<p> <br \/>\n<\/p>\n<div itemprop=\"text\">\n<div class=\"paragraph\" mlnid=\"idcon=6125947;order=2.0\">\n<p class=\"p_1\"><i><b>Vigo.<\/b><\/i> M\u00e1s de 100 regatistas, repartidos en 17 equipos que representar\u00e1n a 12 comunidades aut\u00f3nomas, participar\u00e1n este fin de semana en el Campeonato de Espa\u00f1a de Cruceros \u2013 Trofeo Loter\u00edas y Apuestas del Estado que se disputar\u00e1 en el Monte Actual Membership de Yates de Baiona. El presidente de la Federaci\u00f3n Espa\u00f1ola de Vela (RFEV), Javier Sanz, asegura que la competencia entre tripulaciones de diversos puntos de Espa\u00f1a \u201cen igualdad de condiciones\u201d supone una \u201coportunidad \u00fanica\u201d para esta prueba que aspira a celebrarla con car\u00e1cter anual para \u201ccualquier equipo de cruceros \u201c.<\/p>\n<p class=\"p_2\">La regata comenzar\u00e1 el pr\u00f3ximo viernes y se prolongar\u00e1 hasta el domingo, navegando en la flota de embarcaciones monotipo Benetau Figaro. <span class=\"mln_uppercase_mln\">EFE<\/span><\/p>\n<p> <!-- \/132394897\/DFP_El_Correo_Gallego\/ECG_MLB\/\/SMLB\/\/MP\/\/HP_ATF -->  <\/div><\/div>\n\n<p><em> &#8221; Fuentes www.elcorreogallego.es &#8221; <\/em><\/p>\n","protected":false},"excerpt":{"rendered":"<p>Vigo. M\u00e1s de 100 regatistas, repartidos en 17 equipos que representar\u00e1n a 12 comunidades aut\u00f3nomas, participar\u00e1n este fin de semana en el Campeonato de Espa\u00f1a de Cruceros \u2013 Trofeo Loter\u00edas y Apuestas del Estado que se disputar\u00e1 en el Monte Actual Membership de Yates de Baiona. El presidente de la Federaci\u00f3n Espa\u00f1ola de Vela (RFEV), [&hellip;]<\/p>\n","protected":false},"author":4,"featured_media":399934,"comment_status":"open","ping_status":"closed","sticky":false,"template":"","format":"standard","meta":{"om_disable_all_campaigns":false,"jnews-multi-image_gallery":[],"jnews_single_post":[],"jnews_primary_category":[],"jnews_social_meta":[],"footnotes":""},"categories":[41],"tags":[8082],"class_list":["post-399933","post","type-post","status-publish","format-standard","has-post-thumbnail","hentry","category-cruceros","tag-efe"],"_links":{"self":[{"href":"https:\/\/dimensionturistica.com\/es\/wp-json\/wp\/v2\/posts\/399933","targetHints":{"allow":["GET"]}}],"collection":[{"href":"https:\/\/dimensionturistica.com\/es\/wp-json\/wp\/v2\/posts"}],"about":[{"href":"https:\/\/dimensionturistica.com\/es\/wp-json\/wp\/v2\/types\/post"}],"author":[{"embeddable":true,"href":"https:\/\/dimensionturistica.com\/es\/wp-json\/wp\/v2\/users\/4"}],"replies":[{"embeddable":true,"href":"https:\/\/dimensionturistica.com\/es\/wp-json\/wp\/v2\/comments?post=399933"}],"version-history":[{"count":0,"href":"https:\/\/dimensionturistica.com\/es\/wp-json\/wp\/v2\/posts\/399933\/revisions"}],"wp:featuredmedia":[{"embeddable":true,"href":"https:\/\/dimensionturistica.com\/es\/wp-json\/wp\/v2\/media\/399934"}],"wp:attachment":[{"href":"https:\/\/dimensionturistica.com\/es\/wp-json\/wp\/v2\/media?parent=399933"}],"wp:term":[{"taxonomy":"category","embeddable":true,"href":"https:\/\/dimensionturistica.com\/es\/wp-json\/wp\/v2\/categories?post=399933"},{"taxonomy":"post_tag","embeddable":true,"href":"https:\/\/dimensionturistica.com\/es\/wp-json\/wp\/v2\/tags?post=399933"}],"curies":[{"name":"wp","href":"https:\/\/api.w.org\/{rel}","templated":true}]}}