{"id":399858,"date":"2022-10-06T01:15:24","date_gmt":"2022-10-06T01:15:24","guid":{"rendered":"https:\/\/dimensionturistica.com\/es\/?p=399858"},"modified":"2022-10-06T01:15:24","modified_gmt":"2022-10-06T01:15:24","slug":"la-belleza-del-centro-historico-de-san-luis-potosi-capital","status":"publish","type":"post","link":"https:\/\/dimensionturistica.com\/es\/la-belleza-del-centro-historico-de-san-luis-potosi-capital\/","title":{"rendered":"La belleza del centro hist\u00f3rico de San Lu\u00eds Potos\u00ed, capital"},"content":{"rendered":"<p> <br \/>\n<\/p>\n<div>\n<p><strong>San Lu\u00eds Potos\u00ed, San Lu\u00eds Potos\u00ed. &#8211; Visitamos la capital del arte barroco en <\/strong><a rel=\"nofollow noopener\" target=\"_blank\" href=\"https:\/\/www.debate.com.mx\/seccion\/cdmx\/\">M\u00e9xico<\/a>, <a rel=\"nofollow noopener\" target=\"_blank\" href=\"https:\/\/www.debate.com.mx\/seccion\/estados\/\">San Lu\u00eds Potos\u00ed<\/a>, una ciudad que cuenta con el paseo peatonal m\u00e1s grande de <a rel=\"nofollow noopener\" target=\"_blank\" href=\"https:\/\/www.debate.com.mx\/america\/\">Am\u00e9rica<\/a>, la Calzada de Guadalupe y que, desde hace 400 a\u00f1os, forma parte de la historia de nuestro pa\u00eds.<\/p>\n<p>Este art\u00edculo es un pretexto para visitar la capital potosina y vivir una experiencia art\u00edstica y cultural inolvidable, disfrutando desde sus edificios, gastronom\u00eda, historia y cada una de las an\u00e9cdotas que<strong> encierra tan s\u00f3lo una peque\u00f1a parte de los tres kil\u00f3metros de calzada.<\/strong><\/p>\n<p>Nuestro viaje inicia en la<strong> Bas\u00edlica Santuario de Nuestra Se\u00f1ora de Guadalupe<\/strong>, de la cual toma el nombre la calzada, terminada en 1800, tiene 222 a\u00f1os, de historia, comenzando con una peque\u00f1a ermita hasta crecer con las torres y sus acabados dorados internos, elegante.<\/p>\n<p><strong>Te recomendamos leer:<\/strong><\/p>\n<p><a rel=\"nofollow noopener\" target=\"_blank\" href=\"https:\/\/www.debate.com.mx\/estados\/Alertan-por-llamadas-de-panico-social-en-San-Luis-Potosi-analiza-fiscalia-videos-del-CJNG-20221001-0180.html\">Alertan por llamadas de &#8220;p\u00e1nico social&#8221; en San Lu\u00eds Potos\u00ed<\/a><\/p>\n<p><a rel=\"nofollow noopener\" target=\"_blank\" href=\"https:\/\/www.debate.com.mx\/policiacas\/Bloqueada-carretera-San-Luis-Potosi---Matehuala-por-accidente-volco-trailer-sin-lesionados-20221002-0046.html\">Bloqueada carretera San Lu\u00eds Potos\u00ed &#8211; Matehuala por accidente<\/a><\/p>\n<p><a rel=\"nofollow noopener\" target=\"_blank\" href=\"https:\/\/www.debate.com.mx\/viajes\/Ricardo-Gallardo-anuncia-que-San-Luis-Potosi-es-sede-del-Congreso-del-Dia-Mundial-del-Turismo-2023-20221002-0200.html\">San Luis Potos\u00ed, sede del Congreso del D\u00eda Mundial del Turismo 2023<\/a><\/p>\n<p><a rel=\"nofollow noopener\" target=\"_blank\" href=\"https:\/\/www.debate.com.mx\/estados\/Ademas-de-Yezenia-dos-menores-fueron-desaparecidas-en-San-Luis-Potosi-en-menos-de-una-semana-20221004-0291.html\">Yezenia y dos menores fueron desaparecidas en San Lu\u00eds Potos\u00ed<\/a><\/p>\n<p><a rel=\"nofollow noopener\" target=\"_blank\" href=\"https:\/\/www.debate.com.mx\/policiacas\/Autobus-choca-camioneta-de-lujo-en-San-Luis-Potosi-y-se-da-a-la-fuga-era-del-alcalde-de-Valles-20221004-0321.html\">Autob\u00fas choca camioneta de lujo de alcalde en San Lu\u00eds Potos\u00ed<\/a><\/p>\n<p>Cerca de la bas\u00edlica guadalupana,<strong> El Museo de las Artes<\/strong> es una visita obligatoria. F\u00e1cil de reconocer por la estatua de <strong>Francisco I. Madero<\/strong>, el caudillo revolucionario que estuvo preso en el sitio que en su momento fue una prisi\u00f3n y que ahora guardia diversos museos como el <strong>Museo Leonora Harrington<\/strong>, dedicada a la artista del surrealismo mexicano.<\/p>\n<p>Una vez que conociste las obras surrealistas, viaja al pasado tan s\u00f3lo cruzando la calzada, localizando la Casa de la Cultura del Barrio San Miguelito, un punto infaltable para conocer en San Luis Potos\u00ed, con 400 a\u00f1os de historia, siempre tuvo fama, aunque con la canci\u00f3n de <strong>Jorge Negrete<\/strong>, \u201cSan Lu\u00eds Potos\u00ed\u201d, se dio a conocer m\u00e1s.<\/p>\n<p>\u201cEl barrio de San Miguelito que se fund\u00f3 como barrio le\u00f1ador y barrio carbonero\u2026 en <strong>San Miguelito<\/strong> han vivido de siempre artistas, pol\u00edticos, gente que tiene alguna trascendencia para la ciudad\u201d, explica Fernando L\u00f3pez Garc\u00eda, director de la casa de la cultura.<\/p>\n<p>Las calles peque\u00f1as, te llevan hacia el jard\u00edn del barrio, en donde la iglesia, peque\u00f1a, en comparaci\u00f3n con las grandes torres, no deja de tener historia y arte en honor de <strong>San Miguel Arc\u00e1ngel<\/strong> y, si llegas en septiembre, puedes disfrutar su fiesta patronal en todo su esplendor.<\/p>\n<p>\u201cActualmente es un barrio muy bonito, de unas <strong>construcciones muy bonitas,<\/strong> de caracter\u00edsticas arquitect\u00f3nicas muy bonitas y de mucha fiesta. Y ahorita que tenemos las fiestas de San Miguelito pues con m\u00e1s raz\u00f3n\u201d.<\/p>\n<p>Si contin\u00faas tu camino sobre la calzada Guadalupe, llegas a la <strong>Plaza de Armas<\/strong>, en donde el quiosco, el palacio de gobierno y la catedral te hacen sentir inmerso en un museo de tama\u00f1o pure.<\/p>\n<p>Tan s\u00f3lo la catedral, terminada en 1730, es<strong> considerada como una joya del barroco<\/strong> mexicano, por lo que puedes disfrutar de sus acabados, adem\u00e1s de conocer los otros edificios que forman la plaza central, para despu\u00e9s ir a la Plaza Fundadores.<\/p>\n<p>La Plaza Fundadores, como cada uno de los puntos que mencionamos tiene tanta historia que podr\u00edamos hacer un art\u00edculo profundo para cada una, tan s\u00f3lo imag\u00ednate que en esta plaza est\u00e1 el <strong>edificio Ipi\u00f1a<\/strong>, que imita los arcos de la calle Rivoli de Par\u00eds, Francia.<\/p>\n<p><strong>\u00bfYa fuiste a San Lu\u00eds Potos\u00ed? <\/strong>Cu\u00e9ntanos qu\u00e9 parte del centro hist\u00f3rico te gust\u00f3 m\u00e1s y sobre cu\u00e1l quieres que hablemos. Esto fue una probadita de lo bonito que es viajar por todo M\u00e9xico y que en un poco de su tierra podemos conocer tanta cultura que nos dejaron los que nos heredaron nuestro pa\u00eds.<\/p>\n<div class=\"ck-video-player\"> <amp-iframe width=\"640\" height=\"360\" sandbox=\"allow-scripts allow-same-origin allow-presentation\" allowfullscreen=\"\" frameborder=\"0\" layout=\"responsive\" src=\"https:\/\/iframe.debate.com.mx\/ajax\/get_share_video.html?id=\/videos\/video-flash\/2022\/10\/05\/youtube_san_luis.mp4\" class=\"i-amphtml-layout-responsive i-amphtml-layout-size-defined\" i-amphtml-layout=\"responsive\"><i-amphtml-sizer style=\"display:block;padding-top:56.25%\"\/> <amp-img src=\"https:\/\/www.debate.com.mx\/img\/2022\/10\/05\/slp5_crop1665017135212.jpg\" layout=\"fill\" placeholder=\"\" class=\"i-amphtml-layout-fill i-amphtml-layout-size-defined\" i-amphtml-layout=\"fill\"\/> <\/amp-iframe><figcaption> Centro Hist\u00f3rico de San Lu\u00eds Potos\u00ed <\/figcaption><\/div>\n<\/div>\n\n<p><em> &#8221; Fuentes www.debate.com.mx &#8221; <\/em><\/p>\n","protected":false},"excerpt":{"rendered":"<p>San Lu\u00eds Potos\u00ed, San Lu\u00eds Potos\u00ed. &#8211; Visitamos la capital del arte barroco en M\u00e9xico, San Lu\u00eds Potos\u00ed, una ciudad que cuenta con el paseo peatonal m\u00e1s grande de Am\u00e9rica, la Calzada de Guadalupe y que, desde hace 400 a\u00f1os, forma parte de la historia de nuestro pa\u00eds. Este art\u00edculo es un pretexto para visitar [&hellip;]<\/p>\n","protected":false},"author":4,"featured_media":399859,"comment_status":"open","ping_status":"closed","sticky":false,"template":"","format":"standard","meta":{"om_disable_all_campaigns":false,"jnews-multi-image_gallery":[],"jnews_single_post":[],"jnews_primary_category":[],"jnews_social_meta":[],"footnotes":""},"categories":[39],"tags":[1456,544,545],"class_list":["post-399858","post","type-post","status-publish","format-standard","has-post-thumbnail","hentry","category-viajes","tag-san-luis-potosi","tag-turismo","tag-viajes"],"_links":{"self":[{"href":"https:\/\/dimensionturistica.com\/es\/wp-json\/wp\/v2\/posts\/399858","targetHints":{"allow":["GET"]}}],"collection":[{"href":"https:\/\/dimensionturistica.com\/es\/wp-json\/wp\/v2\/posts"}],"about":[{"href":"https:\/\/dimensionturistica.com\/es\/wp-json\/wp\/v2\/types\/post"}],"author":[{"embeddable":true,"href":"https:\/\/dimensionturistica.com\/es\/wp-json\/wp\/v2\/users\/4"}],"replies":[{"embeddable":true,"href":"https:\/\/dimensionturistica.com\/es\/wp-json\/wp\/v2\/comments?post=399858"}],"version-history":[{"count":0,"href":"https:\/\/dimensionturistica.com\/es\/wp-json\/wp\/v2\/posts\/399858\/revisions"}],"wp:featuredmedia":[{"embeddable":true,"href":"https:\/\/dimensionturistica.com\/es\/wp-json\/wp\/v2\/media\/399859"}],"wp:attachment":[{"href":"https:\/\/dimensionturistica.com\/es\/wp-json\/wp\/v2\/media?parent=399858"}],"wp:term":[{"taxonomy":"category","embeddable":true,"href":"https:\/\/dimensionturistica.com\/es\/wp-json\/wp\/v2\/categories?post=399858"},{"taxonomy":"post_tag","embeddable":true,"href":"https:\/\/dimensionturistica.com\/es\/wp-json\/wp\/v2\/tags?post=399858"}],"curies":[{"name":"wp","href":"https:\/\/api.w.org\/{rel}","templated":true}]}}