{"id":399587,"date":"2022-10-05T17:13:11","date_gmt":"2022-10-05T17:13:11","guid":{"rendered":"https:\/\/dimensionturistica.com\/es\/?p=399587"},"modified":"2022-10-05T17:13:11","modified_gmt":"2022-10-05T17:13:11","slug":"la-delegacion-jalisciense-crea-lazos-de-colaboracion-con-europa","status":"publish","type":"post","link":"https:\/\/dimensionturistica.com\/es\/la-delegacion-jalisciense-crea-lazos-de-colaboracion-con-europa\/","title":{"rendered":"La delegaci\u00f3n jalisciense crea lazos de colaboraci\u00f3n con Europa"},"content":{"rendered":"<p>En el marco de la gira por Italia y Espa\u00f1a que realiz\u00f3 la comitiva de Jalisco encabezada por el<img decoding=\"async\" class=\"size-medium wp-image-399599 alignright\" src=\"https:\/\/dimensionturistica.com\/es\/wp-content\/uploads\/2022\/10\/Foto-Gobierno-de-Jalisco-3-300x200.jpg\" alt=\"\" width=\"300\" height=\"200\" srcset=\"https:\/\/dimensionturistica.com\/es\/wp-content\/uploads\/2022\/10\/Foto-Gobierno-de-Jalisco-3-300x200.jpg 300w, https:\/\/dimensionturistica.com\/es\/wp-content\/uploads\/2022\/10\/Foto-Gobierno-de-Jalisco-3-1024x683.jpg 1024w, https:\/\/dimensionturistica.com\/es\/wp-content\/uploads\/2022\/10\/Foto-Gobierno-de-Jalisco-3-768x512.jpg 768w, https:\/\/dimensionturistica.com\/es\/wp-content\/uploads\/2022\/10\/Foto-Gobierno-de-Jalisco-3-1536x1024.jpg 1536w, https:\/\/dimensionturistica.com\/es\/wp-content\/uploads\/2022\/10\/Foto-Gobierno-de-Jalisco-3-750x500.jpg 750w, https:\/\/dimensionturistica.com\/es\/wp-content\/uploads\/2022\/10\/Foto-Gobierno-de-Jalisco-3-1140x760.jpg 1140w, https:\/\/dimensionturistica.com\/es\/wp-content\/uploads\/2022\/10\/Foto-Gobierno-de-Jalisco-3.jpg 1836w\" sizes=\"(max-width: 300px) 100vw, 300px\" \/> Gobernador del Estado, Enrique Alfaro, se consolidaron diversos acuerdos en materia tur\u00edstica que benefician, promueven y motivan la cooperaci\u00f3n entre Jalisco y Europa.<br \/>\nA trav\u00e9s de cinco cartas de intenci\u00f3n de promoci\u00f3n cooperativa, es como esta comitiva de trabajo concret\u00f3 acuerdos con empresas del sector tur\u00edstico como el Corte Ingl\u00e9s, TUI,AVASA, eDreams y Last Minute, todo ello a partir de la nueva ruta de vuelo directo entre Guadalajara y Madrid, operada por Aerom\u00e9xico.<br \/>\nEstos acuerdos de colaboraci\u00f3n ya empezaron a ejecutarse desde este mes de septiembre y se realizar\u00e1n hasta el mes de enero del a\u00f1o 2023, con lo que se proyecta una derrama econ\u00f3mica cercana a los 3.5 millones de euros.<img decoding=\"async\" class=\"size-medium wp-image-399598 alignright\" src=\"https:\/\/dimensionturistica.com\/es\/wp-content\/uploads\/2022\/10\/Foto-Gobierno-de-Jalisco-2-300x200.jpg\" alt=\"\" width=\"300\" height=\"200\" srcset=\"https:\/\/dimensionturistica.com\/es\/wp-content\/uploads\/2022\/10\/Foto-Gobierno-de-Jalisco-2-300x200.jpg 300w, https:\/\/dimensionturistica.com\/es\/wp-content\/uploads\/2022\/10\/Foto-Gobierno-de-Jalisco-2-1024x683.jpg 1024w, https:\/\/dimensionturistica.com\/es\/wp-content\/uploads\/2022\/10\/Foto-Gobierno-de-Jalisco-2-768x512.jpg 768w, https:\/\/dimensionturistica.com\/es\/wp-content\/uploads\/2022\/10\/Foto-Gobierno-de-Jalisco-2-1536x1024.jpg 1536w, https:\/\/dimensionturistica.com\/es\/wp-content\/uploads\/2022\/10\/Foto-Gobierno-de-Jalisco-2-750x500.jpg 750w, https:\/\/dimensionturistica.com\/es\/wp-content\/uploads\/2022\/10\/Foto-Gobierno-de-Jalisco-2-1140x760.jpg 1140w, https:\/\/dimensionturistica.com\/es\/wp-content\/uploads\/2022\/10\/Foto-Gobierno-de-Jalisco-2.jpg 2048w\" sizes=\"(max-width: 300px) 100vw, 300px\" \/><br \/>\nAdem\u00e1s de realizar intercambios socioculturales y econ\u00f3micos, la construcci\u00f3n de estos acuerdos tiene diversos alcances para distintos rubros como el cine, el turismo, la cultura y la gastronom\u00eda. Prueba de ello es la visita que se realiz\u00f3 en Espa\u00f1a al Madrid Content City, el mayor centro audiovisual de Europa, donde tiene su base Netflix, y la reuni\u00f3n en Italia con Jes\u00fas Garc\u00eda Lambert, documentalista de la misma plataforma de straming con trabajos sobre Caravaggio, Da Vinci y recientemente sobre Kobe Bryant.<br \/>\nEn el ramo tequilero, el Gobernador se reuni\u00f3 con miembros de la Asociaci\u00f3n Espa\u00f1ola de Denominaciones de Origen, Espirituosos Espa\u00f1a, y con miembros del Ministerio de Agricultura de Espa\u00f1a, para hacer de la sustentabilidad una ruta de trabajo que beneficie a ambas partes,<img decoding=\"async\" class=\"size-medium wp-image-399597 alignright\" src=\"https:\/\/dimensionturistica.com\/es\/wp-content\/uploads\/2022\/10\/Foto-Gobierno-de-Jalisco-1-300x200.jpg\" alt=\"\" width=\"300\" height=\"200\" srcset=\"https:\/\/dimensionturistica.com\/es\/wp-content\/uploads\/2022\/10\/Foto-Gobierno-de-Jalisco-1-300x200.jpg 300w, https:\/\/dimensionturistica.com\/es\/wp-content\/uploads\/2022\/10\/Foto-Gobierno-de-Jalisco-1-1024x683.jpg 1024w, https:\/\/dimensionturistica.com\/es\/wp-content\/uploads\/2022\/10\/Foto-Gobierno-de-Jalisco-1-768x512.jpg 768w, https:\/\/dimensionturistica.com\/es\/wp-content\/uploads\/2022\/10\/Foto-Gobierno-de-Jalisco-1-1536x1024.jpg 1536w, https:\/\/dimensionturistica.com\/es\/wp-content\/uploads\/2022\/10\/Foto-Gobierno-de-Jalisco-1-750x500.jpg 750w, https:\/\/dimensionturistica.com\/es\/wp-content\/uploads\/2022\/10\/Foto-Gobierno-de-Jalisco-1-1140x760.jpg 1140w, https:\/\/dimensionturistica.com\/es\/wp-content\/uploads\/2022\/10\/Foto-Gobierno-de-Jalisco-1.jpg 2048w\" sizes=\"(max-width: 300px) 100vw, 300px\" \/> concretando estos acuerdos con una carta intenci\u00f3n de colaboraci\u00f3n.<br \/>\nSobre esta visita, Gustavo Staufert Bucl\u00f3n, Titular de la Oficina de Visitantes y Convenciones de Guadalajara, destac\u00f3 la importancia de la conectividad a\u00e9rea y la colaboraci\u00f3n con Europa, No s\u00f3lo se trata de promover un vuelo entre Guadalajara y Madrid, se trata de las historias de las personas que van dentro de ese vuelo, de las posibilidades que se abren con estas conexiones, de la construcci\u00f3n de una relaci\u00f3n entre Europa y los pa\u00edses de habla hispana.<br \/>\nCabe se\u00f1alar que recientemente se anunci\u00f3 el incremento de tres a cinco vuelos semanales entre Guadalajara y Madrid, considerando que actualmente la oferta es de 11 mil asientos, se prev\u00e9 un aumento de m\u00e1s del 40%.<br \/>\nEsta gira de trabajo se realiz\u00f3 por Espa\u00f1a e Italia del 19 al 26 de septiembre del presente a\u00f1o, y parte de la comitiva que acompa\u00f1\u00f3 al Gobernador de Jalisco, Enrique Alfaro, fueron Xavier<img decoding=\"async\" class=\"size-medium wp-image-399596 alignright\" src=\"https:\/\/dimensionturistica.com\/es\/wp-content\/uploads\/2022\/10\/Foto-Gobierno-de-Jalisco-300x200.jpg\" alt=\"\" width=\"300\" height=\"200\" srcset=\"https:\/\/dimensionturistica.com\/es\/wp-content\/uploads\/2022\/10\/Foto-Gobierno-de-Jalisco-300x200.jpg 300w, https:\/\/dimensionturistica.com\/es\/wp-content\/uploads\/2022\/10\/Foto-Gobierno-de-Jalisco-1024x683.jpg 1024w, https:\/\/dimensionturistica.com\/es\/wp-content\/uploads\/2022\/10\/Foto-Gobierno-de-Jalisco-768x512.jpg 768w, https:\/\/dimensionturistica.com\/es\/wp-content\/uploads\/2022\/10\/Foto-Gobierno-de-Jalisco-1536x1024.jpg 1536w, https:\/\/dimensionturistica.com\/es\/wp-content\/uploads\/2022\/10\/Foto-Gobierno-de-Jalisco-750x500.jpg 750w, https:\/\/dimensionturistica.com\/es\/wp-content\/uploads\/2022\/10\/Foto-Gobierno-de-Jalisco-1140x760.jpg 1140w, https:\/\/dimensionturistica.com\/es\/wp-content\/uploads\/2022\/10\/Foto-Gobierno-de-Jalisco.jpg 2048w\" sizes=\"(max-width: 300px) 100vw, 300px\" \/> Orend\u00e1in de Obeso, Coordinador General Estrat\u00e9gico de Crecimiento y Desarrollo Economico; Abel Salgado, director de la Unidad de Enlace Federal y Asuntos Internacionales (UEFAI); Alberto Esquer, titular de la Secretar\u00eda del Sistema de Asistencia Social (SSAS); Miguel \u00c1ngel Dom\u00ednguez, del Consejo Regulador del Tequila (CRT); Fernando Rodr\u00edguez, director de mercadotecnia del Estadio Akron; Gustavo SAntoscoy, director del torneo WTA 100; y Gustavo Staufert, director de la Oficina de Visitantes y Convenciones de Guadalajara (OFVC).<\/p>\n","protected":false},"excerpt":{"rendered":"<p>En el marco de la gira por Italia y Espa\u00f1a que realiz\u00f3 la comitiva de Jalisco encabezada por el Gobernador del Estado, Enrique Alfaro, se consolidaron diversos acuerdos en materia tur\u00edstica que benefician, promueven y motivan la cooperaci\u00f3n entre Jalisco y Europa. A trav\u00e9s de cinco cartas de intenci\u00f3n de promoci\u00f3n cooperativa, es como esta [&hellip;]<\/p>\n","protected":false},"author":1,"featured_media":399603,"comment_status":"open","ping_status":"closed","sticky":false,"template":"","format":"standard","meta":{"om_disable_all_campaigns":false,"jnews-multi-image_gallery":[],"jnews_single_post":{"source_name":"","source_url":"","via_name":"","via_url":"","override_template":"0","override":[{"template":"1","single_blog_custom":"","parallax":"1","fullscreen":"1","layout":"right-sidebar","sidebar":"default-sidebar","second_sidebar":"default-sidebar","sticky_sidebar":"1","share_position":"top","share_float_style":"share-monocrhome","show_share_counter":"1","show_view_counter":"1","show_featured":"1","show_post_meta":"1","show_post_author":"1","show_post_author_image":"1","show_post_date":"1","post_date_format":"default","post_date_format_custom":"Y\/m\/d","show_post_category":"1","show_post_reading_time":"0","post_reading_time_wpm":"300","show_zoom_button":"0","zoom_button_out_step":"2","zoom_button_in_step":"3","show_post_tag":"1","show_prev_next_post":"1","show_popup_post":"1","number_popup_post":"1","show_author_box":"0","show_post_related":"0","show_inline_post_related":"0"}],"override_image_size":"0","image_override":[{"single_post_thumbnail_size":"crop-500","single_post_gallery_size":"crop-500"}],"trending_post":"0","trending_post_position":"meta","trending_post_label":"Trending","sponsored_post":"0","sponsored_post_label":"Sponsored by","sponsored_post_name":"","sponsored_post_url":"","sponsored_post_logo_enable":"0","sponsored_post_logo":"","sponsored_post_desc":"","disable_ad":"0"},"jnews_primary_category":{"id":""},"jnews_social_meta":{"fb_title":"","fb_description":"","fb_image":"","twitter_title":"","twitter_description":"","twitter_image":""},"footnotes":""},"categories":[39],"tags":[],"class_list":["post-399587","post","type-post","status-publish","format-standard","has-post-thumbnail","hentry","category-viajes"],"_links":{"self":[{"href":"https:\/\/dimensionturistica.com\/es\/wp-json\/wp\/v2\/posts\/399587","targetHints":{"allow":["GET"]}}],"collection":[{"href":"https:\/\/dimensionturistica.com\/es\/wp-json\/wp\/v2\/posts"}],"about":[{"href":"https:\/\/dimensionturistica.com\/es\/wp-json\/wp\/v2\/types\/post"}],"author":[{"embeddable":true,"href":"https:\/\/dimensionturistica.com\/es\/wp-json\/wp\/v2\/users\/1"}],"replies":[{"embeddable":true,"href":"https:\/\/dimensionturistica.com\/es\/wp-json\/wp\/v2\/comments?post=399587"}],"version-history":[{"count":0,"href":"https:\/\/dimensionturistica.com\/es\/wp-json\/wp\/v2\/posts\/399587\/revisions"}],"wp:featuredmedia":[{"embeddable":true,"href":"https:\/\/dimensionturistica.com\/es\/wp-json\/wp\/v2\/media\/399603"}],"wp:attachment":[{"href":"https:\/\/dimensionturistica.com\/es\/wp-json\/wp\/v2\/media?parent=399587"}],"wp:term":[{"taxonomy":"category","embeddable":true,"href":"https:\/\/dimensionturistica.com\/es\/wp-json\/wp\/v2\/categories?post=399587"},{"taxonomy":"post_tag","embeddable":true,"href":"https:\/\/dimensionturistica.com\/es\/wp-json\/wp\/v2\/tags?post=399587"}],"curies":[{"name":"wp","href":"https:\/\/api.w.org\/{rel}","templated":true}]}}