{"id":399559,"date":"2022-10-05T16:42:50","date_gmt":"2022-10-05T16:42:50","guid":{"rendered":"https:\/\/dimensionturistica.com\/es\/?p=399559"},"modified":"2022-10-05T16:42:50","modified_gmt":"2022-10-05T16:42:50","slug":"arajet-aerolinea-low-fare-arriba-a-monterrey-con-su-primer-vuelo-y-dos-frecuencias-para-conectar-con-el-caribe","status":"publish","type":"post","link":"https:\/\/dimensionturistica.com\/es\/arajet-aerolinea-low-fare-arriba-a-monterrey-con-su-primer-vuelo-y-dos-frecuencias-para-conectar-con-el-caribe\/","title":{"rendered":"Arajet, aerol\u00ednea low fare, arriba a Monterrey con su primer vuelo y dos frecuencias para conectar con el Caribe"},"content":{"rendered":"<p>La aerol\u00ednea ofrece dos vuelos semanales con tarifas desde $215 d\u00f3lares, impuestos incluidos en vuelo redondo, para viajar desde Monterrey hacia Rep\u00fablica Dominicana.<br \/>\nMonterrey, Nuevo Le\u00f3n, 30 de septiembre de 2022 \u2013 Arajet, la aerol\u00ednea dominicana Low Fare,<img decoding=\"async\" class=\"size-medium wp-image-399568 alignright\" src=\"https:\/\/dimensionturistica.com\/es\/wp-content\/uploads\/2022\/10\/ARAJET2-300x200.jpg\" alt=\"\" width=\"300\" height=\"200\" srcset=\"https:\/\/dimensionturistica.com\/es\/wp-content\/uploads\/2022\/10\/ARAJET2-300x200.jpg 300w, https:\/\/dimensionturistica.com\/es\/wp-content\/uploads\/2022\/10\/ARAJET2.jpg 600w\" sizes=\"(max-width: 300px) 100vw, 300px\" \/> inicia de manera oficial sus operaciones en la ciudad de Monterrey con la llegada de su primer vuelo directo proveniente del Aeropuerto Internacional Las Am\u00e9ricas en Santo Domingo, Rep\u00fablica Dominicana, el cual despeg\u00f3 hoy a las 07:15 a.m. y aterriz\u00f3 en el Aeropuerto Internacional General Mariano Escobedo a las 11:05 a.m., convirti\u00e9ndose en el primero en conectar al pa\u00eds caribe\u00f1o con la capital del estado de Nuevo Le\u00f3n.<br \/>\nCon dos frecuencias semanales (martes y viernes con salida desde Santo Domingo a las 07:15 a.m. y llegada a las 11:05 a.m., y desde Monterrey con salida a las 12:05 p.m. y llegada a las 17:40 p.m.), el viajero en el estado de Nuevo Le\u00f3n y la regi\u00f3n norte del pa\u00eds tendr\u00e1 la oportunidad de contar con m\u00e1s opciones de vuelo que le permitan viajar y conectar con la regi\u00f3n del Caribe para<img decoding=\"async\" class=\"size-medium wp-image-399566 alignright\" src=\"https:\/\/dimensionturistica.com\/es\/wp-content\/uploads\/2022\/10\/ARAJET1-300x200.jpg\" alt=\"\" width=\"300\" height=\"200\" srcset=\"https:\/\/dimensionturistica.com\/es\/wp-content\/uploads\/2022\/10\/ARAJET1-300x200.jpg 300w, https:\/\/dimensionturistica.com\/es\/wp-content\/uploads\/2022\/10\/ARAJET1.jpg 600w\" sizes=\"(max-width: 300px) 100vw, 300px\" \/> disfrutar de la vasta oferta tur\u00edstica que ofrece Rep\u00fablica Dominicana, con vuelos directos, seguros y a precios que van desde los $215 d\u00f3lares en vuelo redondo, impuestos incluidos, disponibles en www.arajet.com.<br \/>\n\u201cMonterrey es nuestra segunda ruta con la que iniciamos operaciones en el pa\u00eds, seguida de Ciudad de M\u00e9xico, con la cual buscamos dinamizar el tr\u00e1nsito de visitantes en beneficio del desarrollo econ\u00f3mico, tur\u00edstico, comercial y cultural entre ambos destinos\u201d, se\u00f1al\u00f3 V\u00edctor Pacheco, presidente de Arajet. \u201cEsta ruta nos permite alentar a los viajeros regios a que descubran el amplio portafolio de experiencias que ofrece la zona del Caribe, que sabemos es de sus predilectas; estamos seguros de que quedar\u00e1n enamorados de la tierra del merengue y del c\u00e1lido trato de nuestra gente\u201d, a\u00f1adi\u00f3 Pacheco.<br \/>\nEl aeropuerto internacional de Monterrey es considerado uno de los centros de conectividad a\u00e9rea m\u00e1s importantes de M\u00e9xico, al contar con una amplia oferta de vuelos internacionales hacia Europa y Estados Unidos, por lo que para Arajet representa una valiosa oportunidad para conectar a m\u00e1s viajeros de la regi\u00f3n norte del pa\u00eds, robustecer la conectividad a\u00e9rea y tur\u00edstica entre ambas capitales, fortalecer los lazos de cooperaci\u00f3n y crear un puente que permita la comunicaci\u00f3n y transportaci\u00f3n de viajeros nacionales e internacionales.<br \/>\nCabe destacar que la marca brinda a sus pasajeros una oferta diferenciada que se basa en tres pilares: 1.- Una experiencia abordo c\u00e1lida y amable, caracter\u00edstico de la personalidad de los<img decoding=\"async\" class=\"size-medium wp-image-399569 alignright\" src=\"https:\/\/dimensionturistica.com\/es\/wp-content\/uploads\/2022\/10\/ARAJET5-300x200.jpg\" alt=\"\" width=\"300\" height=\"200\" srcset=\"https:\/\/dimensionturistica.com\/es\/wp-content\/uploads\/2022\/10\/ARAJET5-300x200.jpg 300w, https:\/\/dimensionturistica.com\/es\/wp-content\/uploads\/2022\/10\/ARAJET5.jpg 600w\" sizes=\"(max-width: 300px) 100vw, 300px\" \/> dominicanos; 2. Una flota de aviones nuevos y modernos, amigables con el medio ambiente y los m\u00e1s eficientes para comodidad del pasajero, y 3. Precios bajos que permitir\u00e1n a m\u00e1s personas descubrir las maravillas que ofrece la Rep\u00fablica Dominicana y el Caribe.<br \/>\n\u201cEstamos muy contentos con la llegada de Arajet a OMA, para juntos impulsar la conectividad internacional del HUB del norte de M\u00e9xico, enlazando de manera directa a Monterrey con Santo Domingo, un importante destino tur\u00edstico en el Caribe.\u201d coment\u00f3 Ricardo Due\u00f1as, director general de OMA.<br \/>\nEl arribo de Arajet a la ciudad de Monterrey es a trav\u00e9s de una flota inicial de cinco aeronaves nuevas tipo Boeing 737 MAX-8 de \u00faltima generaci\u00f3n, que brinda una experiencia de vuelo confortable y segura, en una cabina de 185 sillas reclinables de m\u00e1ximo confort y suficiente espacio personal. Adem\u00e1s, sus aeronaves son eco-sostenibles, se caracterizan por impactar de menor medida al planeta con la reducci\u00f3n de consumo de combustible en un 14% comparado con la mayor\u00eda de aeronaves de un solo pasillo, lo que permitir\u00e1 a la aerol\u00ednea ahorrar en costos de combustible, mantenimiento y operaciones y, a su vez, transferir esos ahorros a los clientes regiomontanos.<br \/>\nArajet complementa su oferta en M\u00e9xico con dos rutas adicionales: Ciudad de M\u00e9xico con tres frecuencias (lunes, jueves y s\u00e1bado con salida desde Santo Domingo a las 07:15 a.m. y llegada a las 10:40 a.m., y desde CDMX con salida a las 11:40 a.m. y llegada a las 17:05 p.m.) que inici\u00f3 operaciones el 22 de septiembre desde el Aeropuerto Internacional Felipe \u00c1ngeles, y Canc\u00fan con tres frecuencias semanales (martes y viernes con salida desde Santo Domingo a las 18:40 y llegada a las 20:30 horas, y domingo con salida a las 17:20 y llegada a las 19:10 horas; y desde Canc\u00fan, martes y viernes con salida a las 21:30 p.m. y arribo a la 01:25 a.m., y domingo con salida a las 20:10 p.m. y llegada a las 00:00 a.m.) con operaciones a partir del 30 de septiembre desde el Aeropuerto Internacional de Canc\u00fan.<br \/>\nDurante septiembre, Arajet tambi\u00e9n ha iniciado operaciones en Colombia, Per\u00fa, El Salvador, Aruba, San Martin y Guatemala. Para octubre, ampliar\u00e1 su oferta desde dos ciudades m\u00e1s en Colombia y Canad\u00e1, para as\u00ed completar la primera etapa en su red destinos.<\/p>\n","protected":false},"excerpt":{"rendered":"<p>La aerol\u00ednea ofrece dos vuelos semanales con tarifas desde $215 d\u00f3lares, impuestos incluidos en vuelo redondo, para viajar desde Monterrey hacia Rep\u00fablica Dominicana. Monterrey, Nuevo Le\u00f3n, 30 de septiembre de 2022 \u2013 Arajet, la aerol\u00ednea dominicana Low Fare, inicia de manera oficial sus operaciones en la ciudad de Monterrey con la llegada de su primer [&hellip;]<\/p>\n","protected":false},"author":1,"featured_media":399567,"comment_status":"open","ping_status":"closed","sticky":false,"template":"","format":"standard","meta":{"om_disable_all_campaigns":false,"jnews-multi-image_gallery":[],"jnews_single_post":{"source_name":"","source_url":"","via_name":"","via_url":"","override_template":"0","override":[{"template":"1","single_blog_custom":"","parallax":"1","fullscreen":"1","layout":"right-sidebar","sidebar":"default-sidebar","second_sidebar":"default-sidebar","sticky_sidebar":"1","share_position":"top","share_float_style":"share-monocrhome","show_share_counter":"1","show_view_counter":"1","show_featured":"1","show_post_meta":"1","show_post_author":"1","show_post_author_image":"1","show_post_date":"1","post_date_format":"default","post_date_format_custom":"Y\/m\/d","show_post_category":"1","show_post_reading_time":"0","post_reading_time_wpm":"300","show_zoom_button":"0","zoom_button_out_step":"2","zoom_button_in_step":"3","show_post_tag":"1","show_prev_next_post":"1","show_popup_post":"1","number_popup_post":"1","show_author_box":"0","show_post_related":"0","show_inline_post_related":"0"}],"override_image_size":"0","image_override":[{"single_post_thumbnail_size":"crop-500","single_post_gallery_size":"crop-500"}],"trending_post":"0","trending_post_position":"meta","trending_post_label":"Trending","sponsored_post":"0","sponsored_post_label":"Sponsored by","sponsored_post_name":"","sponsored_post_url":"","sponsored_post_logo_enable":"0","sponsored_post_logo":"","sponsored_post_desc":"","disable_ad":"0"},"jnews_primary_category":{"id":""},"jnews_social_meta":{"fb_title":"","fb_description":"","fb_image":"","twitter_title":"","twitter_description":"","twitter_image":""},"footnotes":""},"categories":[39],"tags":[],"class_list":["post-399559","post","type-post","status-publish","format-standard","has-post-thumbnail","hentry","category-viajes"],"_links":{"self":[{"href":"https:\/\/dimensionturistica.com\/es\/wp-json\/wp\/v2\/posts\/399559","targetHints":{"allow":["GET"]}}],"collection":[{"href":"https:\/\/dimensionturistica.com\/es\/wp-json\/wp\/v2\/posts"}],"about":[{"href":"https:\/\/dimensionturistica.com\/es\/wp-json\/wp\/v2\/types\/post"}],"author":[{"embeddable":true,"href":"https:\/\/dimensionturistica.com\/es\/wp-json\/wp\/v2\/users\/1"}],"replies":[{"embeddable":true,"href":"https:\/\/dimensionturistica.com\/es\/wp-json\/wp\/v2\/comments?post=399559"}],"version-history":[{"count":0,"href":"https:\/\/dimensionturistica.com\/es\/wp-json\/wp\/v2\/posts\/399559\/revisions"}],"wp:featuredmedia":[{"embeddable":true,"href":"https:\/\/dimensionturistica.com\/es\/wp-json\/wp\/v2\/media\/399567"}],"wp:attachment":[{"href":"https:\/\/dimensionturistica.com\/es\/wp-json\/wp\/v2\/media?parent=399559"}],"wp:term":[{"taxonomy":"category","embeddable":true,"href":"https:\/\/dimensionturistica.com\/es\/wp-json\/wp\/v2\/categories?post=399559"},{"taxonomy":"post_tag","embeddable":true,"href":"https:\/\/dimensionturistica.com\/es\/wp-json\/wp\/v2\/tags?post=399559"}],"curies":[{"name":"wp","href":"https:\/\/api.w.org\/{rel}","templated":true}]}}