{"id":399423,"date":"2022-10-05T13:56:42","date_gmt":"2022-10-05T13:56:42","guid":{"rendered":"https:\/\/dimensionturistica.com\/es\/?p=399423"},"modified":"2022-10-05T13:56:43","modified_gmt":"2022-10-05T13:56:43","slug":"puedo-hacer-mas-de-un-viaje-me-devuelven-el-dinero-si-se-cancela","status":"publish","type":"post","link":"https:\/\/dimensionturistica.com\/es\/puedo-hacer-mas-de-un-viaje-me-devuelven-el-dinero-si-se-cancela\/","title":{"rendered":"\u00bfpuedo hacer m\u00e1s de un viaje? \u00bfMe devuelven el dinero si se cancela?"},"content":{"rendered":"<p> <br \/>\n<\/p>\n<div>\n<p class=\"paragraph \" id=\"m97-96-98\">Los viajes del Imserso ya est\u00e1n en marcha. La primera fecha de salida tuvo lugar el lunes 3 de octubre, en una edici\u00f3n con 844.471 para jubilados que no ha estado exenta de pol\u00e9mica. Por un lado, los recios<strong>\u00a0<\/strong>que tienen que ofrecer los hoteles del programa provoc\u00f3 que algunos se diesen de bajo: los consideraron demasiado bajos. Por otro lado, se eliminaron los <strong>viajes de 15 d\u00edas<\/strong> de duraci\u00f3n porque, seg\u00fan\u00a0Luis Barriga (director common del Imserso), ten\u00edan muy poca demanda.\u00a0\u00a0<\/p>\n<p class=\"paragraph \" id=\"m102-101-103\">Esto ha creado gran <strong>confusi\u00f3n <\/strong>entre los mayores y en el sector, y son muchos los beneficiarios que se preocupan por el destino de su viaje, pregunt\u00e1ndose que pasar\u00e1 si se cancela u otras dudas c\u00f3mo, por ejemplo, si se puede cambiar de destino cuando ya se seleccion\u00f3 otro.<\/p>\n<article class=\"media media-integrated \" id=\"m107-106-108\">\n<div>\n<figure class=\"figure-100\">\n            <a rel=\"nofollow noopener\" target=\"_blank\" href=\"https:\/\/www.20minutos.es\/noticia\/5065298\/0\/los-hoteleros-se-rebelan-y-salen-del-programa-del-imserso-es-un-diseno-incoherente-con-el-panorama-actual\/\"><br \/>\n                <span class=\"accessTypeIcon withImage\"><em class=\"member boxIcon\"\/><\/span><br \/>\n                <img decoding=\"async\" loading=\"lazy\" width=\"318\" height=\"178\" alt=\"Varias personas mayores piden informaci\u00f3n en una agencia de viajes adherida al programa del Imserso.\" src=\"https:\/\/imagenes.20minutos.es\/files\/image_318_v3\/uploads\/imagenes\/2022\/09\/21\/varias-personas-mayores-piden-informacion-en-una-agencia-de-viajes-adherida-al-programa-del-imserso.jpeg\" data-full-src=\"https:\/\/www.20minutos.es\/uploads\/imagenes\/2022\/09\/21\/varias-personas-mayores-piden-informacion-en-una-agencia-de-viajes-adherida-al-programa-del-imserso.jpeg\"\/><br \/>\n            <\/a><br \/>\n        <\/figure>\n<\/p><\/div>\n<\/article>\n<h2 id=\"m142-141-143\">\u00bfQu\u00e9 ocurre si la empresa cancela el viaje?<\/h2>\n<p class=\"paragraph \" id=\"m147-146-148\">Como se\u00f1ala el portal <em>Viajes-Imserso<\/em>, en el caso de que la empresa cancele o modifique alguno de los viajes los beneficiarios pueden elegir entre <strong>cambiar la fecha o destino<\/strong>, o\u00a0el <strong>reembolso <\/strong>del coste del viaje m\u00e1s una compensaci\u00f3n econ\u00f3mica.\u00a0<\/p>\n<p>[15\/9 15:47] Sandra Moreno Baz\u00e1n<iframe loading=\"lazy\" src=\"https:\/\/www.facebook.com\/plugins\/post.php?href=https%3A%2F%2Fwww.facebook.com%2Flainformacion%2Fposts%2F10159203734447588&amp;width=500\" width=\"100%\" height=\"404\" style=\"border:none;overflow:hidden\" scrolling=\"no\" frameborder=\"0\" allowtransparency=\"true\" allow=\"encrypted-media\"><\/iframe><\/p>\n<p class=\"paragraph \" id=\"m157-156-158\">Seg\u00fan la <strong>Ley Basic para la Defensa de los Consumidores y Usuarios <\/strong>esta compensaci\u00f3n ser\u00e1 de &#8220;un 5% del precio total si la anulaci\u00f3n se produce entre dos meses y 15 d\u00edas antes de la salida; un 10% entre 15 y tres d\u00edas; y un 25% si ocurre 48 horas antes&#8221;.<\/p>\n<p class=\"paragraph \" id=\"m162-161-163\">De igual modo, el solicitante puede <strong>cancelar el viaje<\/strong>, pero no realizar modificaciones. Para ello, es necesario ponerse en contacto con la <strong>agencia de viajes <\/strong>y solicitar la cancelaci\u00f3n, para despu\u00e9s enviar un correo postal al Imserso con el documento de reserva y la <strong>justificaci\u00f3n<\/strong>. Esta es necesaria, ya que de lo contrario se deber\u00e1n de pagar unos<strong> costes de cancelaci\u00f3n<\/strong>, los cuales var\u00edan en funci\u00f3n del tiempo de aviso.\u00a0<\/p>\n<article class=\"media media-integrated \" id=\"m167-166-168\">\n<div>\n<figure class=\"figure-100\">\n            <a rel=\"nofollow noopener\" target=\"_blank\" href=\"https:\/\/www.20minutos.es\/viajes\/imserso-anuncia-novedades-viajes-2022-2023-5064540\/\"><br \/>\n                <span class=\"accessTypeIcon withImage\"><em class=\"member boxIcon\"\/><\/span><br \/>\n                <img decoding=\"async\" loading=\"lazy\" width=\"318\" height=\"178\" alt=\"Viajes senior\" src=\"https:\/\/imagenes.20minutos.es\/files\/image_318_v3\/uploads\/imagenes\/2022\/09\/27\/europapress-2207312-viajes-senior.jpeg\" data-full-src=\"https:\/\/www.20minutos.es\/uploads\/imagenes\/2022\/09\/27\/europapress-2207312-viajes-senior.jpeg\"\/><br \/>\n            <\/a><br \/>\n        <\/figure>\n<\/p><\/div>\n<\/article>\n<h2 id=\"m201-200-202\">\u00bfSe puede realizar un segundo viaje?<\/h2>\n<p class=\"paragraph \" id=\"m206-205-207\">C\u00f3mo ha se\u00f1alado el director common del Imserso,\u00a0Luis Alberto Barriga, esto es posible siempre y cuando<strong> queden vacantes libres <\/strong>en el destino. Eso s\u00ed, la posibilidad de realizar otro viaje depender\u00e1 de los puntos obtenidos de clasificaci\u00f3n hecha por el propio Imserso, a saber la situaci\u00f3n econ\u00f3mica, la edad, participaci\u00f3n en a\u00f1os anteriores en el programa y pertenencia a familia numerosa.\u00a0<\/p>\n<p class=\"paragraph \" id=\"m211-210-212\"><a rel=\"nofollow noopener\" target=\"_blank\" href=\"https:\/\/www.20minutos.es\/estaticos\/newsletter-viajes\/\">Ap\u00fantate a la <em>newsletter <\/em>y recibe en tu correo las mejores propuestas para viajar por el mundo.<\/a><\/p>\n<\/div>\n\n<p><em> &#8221; Fuentes www.20minutos.es &#8221; <\/em><\/p>\n","protected":false},"excerpt":{"rendered":"<p>Los viajes del Imserso ya est\u00e1n en marcha. La primera fecha de salida tuvo lugar el lunes 3 de octubre, en una edici\u00f3n con 844.471 para jubilados que no ha estado exenta de pol\u00e9mica. Por un lado, los recios\u00a0que tienen que ofrecer los hoteles del programa provoc\u00f3 que algunos se diesen de bajo: los consideraron [&hellip;]<\/p>\n","protected":false},"author":4,"featured_media":399424,"comment_status":"open","ping_status":"closed","sticky":false,"template":"","format":"standard","meta":{"om_disable_all_campaigns":false,"jnews-multi-image_gallery":[],"jnews_single_post":[],"jnews_primary_category":[],"jnews_social_meta":[],"footnotes":""},"categories":[39],"tags":[813,545],"class_list":["post-399423","post","type-post","status-publish","format-standard","has-post-thumbnail","hentry","category-viajes","tag-imserso","tag-viajes"],"_links":{"self":[{"href":"https:\/\/dimensionturistica.com\/es\/wp-json\/wp\/v2\/posts\/399423","targetHints":{"allow":["GET"]}}],"collection":[{"href":"https:\/\/dimensionturistica.com\/es\/wp-json\/wp\/v2\/posts"}],"about":[{"href":"https:\/\/dimensionturistica.com\/es\/wp-json\/wp\/v2\/types\/post"}],"author":[{"embeddable":true,"href":"https:\/\/dimensionturistica.com\/es\/wp-json\/wp\/v2\/users\/4"}],"replies":[{"embeddable":true,"href":"https:\/\/dimensionturistica.com\/es\/wp-json\/wp\/v2\/comments?post=399423"}],"version-history":[{"count":0,"href":"https:\/\/dimensionturistica.com\/es\/wp-json\/wp\/v2\/posts\/399423\/revisions"}],"wp:featuredmedia":[{"embeddable":true,"href":"https:\/\/dimensionturistica.com\/es\/wp-json\/wp\/v2\/media\/399424"}],"wp:attachment":[{"href":"https:\/\/dimensionturistica.com\/es\/wp-json\/wp\/v2\/media?parent=399423"}],"wp:term":[{"taxonomy":"category","embeddable":true,"href":"https:\/\/dimensionturistica.com\/es\/wp-json\/wp\/v2\/categories?post=399423"},{"taxonomy":"post_tag","embeddable":true,"href":"https:\/\/dimensionturistica.com\/es\/wp-json\/wp\/v2\/tags?post=399423"}],"curies":[{"name":"wp","href":"https:\/\/api.w.org\/{rel}","templated":true}]}}