{"id":399236,"date":"2022-10-05T04:39:32","date_gmt":"2022-10-05T04:39:32","guid":{"rendered":"https:\/\/dimensionturistica.com\/es\/?p=399236"},"modified":"2022-10-05T04:39:32","modified_gmt":"2022-10-05T04:39:32","slug":"guardia-costera-de-pr-intercepto-a-1705-criollos-en-viajes-ilegales","status":"publish","type":"post","link":"https:\/\/dimensionturistica.com\/es\/guardia-costera-de-pr-intercepto-a-1705-criollos-en-viajes-ilegales\/","title":{"rendered":"Guardia Costera de PR intercept\u00f3 a 1,705 criollos en viajes ilegales"},"content":{"rendered":"<p> <br \/>\n<\/p>\n<div id=\"ArticleBody\" style=\"margin-top:10px;\">\n<p style=\"text-align:justify\">La Guardia Costera estadounidense en Puerto Rico inform\u00f3 que desde el 1 de octubre de 2021 hasta el 30 de septiembre de 2022 ha interceptado 88 embarcaciones, deteniendo un whole de 2,273 migrantes, de los cuales 1,705 han sido dominicanos y unos 444 haitianos.<\/p>\n<p style=\"text-align:justify\">Estos datos salen a la luz luego de que las autoridades costeras emitieran un comunicado notificando la repatriaci\u00f3n de 47 dominicanos, tras interceptar una embarcaci\u00f3n en la que viajaban en aguas cerca de Puerto Rico y arrestar a dos supuestos traficantes de migrantes.<\/p>\n<p style=\"text-align:justify\">\u201cEn la zona del Canal de la Mona se han registrado este a\u00f1o dos naufragios de migrantes haitianos, cuyas embarcaciones salieron de Rep\u00fablica Dominicana, y que terminaron con un saldo de once mujeres y cinco hombres muertos, respectivamente\u201d, informaron. En el primero, donde fallecieron las 11 haitianas, el pasado 12 de mayo, solo 38 sobrevivieron rescatados, sin embargo, en el segundo, qued\u00f3 un n\u00famero indeterminado de desaparecidos.<\/p>\n<p><strong>Embarcaciones fr\u00e1giles<\/strong><\/p>\n<p style=\"text-align:justify\">\u201cEstos viajes se realizan a bordo de embarcaciones improvisadas que a menudo est\u00e1n muy sobrecargadas, son inestables y est\u00e1n mal equipadas para el viaje a Puerto Rico, lo que pone en gran peligro la vida de todos a bordo\u201d, denunci\u00f3 a trav\u00e9s de un comunicado el teniente de la Guardia Costera Charles Chavtur, cuando se produjo la repatriaci\u00f3n de 14 dominicanos en el pasado mes de julio.<\/p>\n<p style=\"text-align:justify\">La m\u00e1s reciente embarcaci\u00f3n interceptada en la que viajaban los migrantes fue detectada la noche del s\u00e1bado al suroeste del islote puertorrique\u00f1o de Desecheo, situado en el Canal de la Mona, que separa Puerto Rico de Rep\u00fablica Dominicana.<\/p>\n<p style=\"text-align:justify\">Mientras los guardacostas persegu\u00edan a la embarcaci\u00f3n sospechosa, observaron a los pasajeros, que eran 46 hombres y tres mujeres, achicando agua.<\/p>\n<p style=\"text-align:justify\"><strong>Sepa m\u00e1s<\/strong><\/p>\n<p style=\"text-align:justify\"><strong>Sobrecarga<\/strong><\/p>\n<p style=\"text-align:justify\">El capit\u00e1n Jos\u00e9 E. D\u00edaz, comandante del sector San Juan de los guardacostas, explic\u00f3 en el comunicado que la embarcaci\u00f3n estaba \u201cmuy sobrecargada\u201d y que las condiciones mar\u00edtimas eran \u201cdesfavorables\u201d.\u00a0<\/p>\n<p style=\"text-align:justify\">D\u00edaz asegur\u00f3 que, si la Guardia Costera no hubiera intervenido \u201ca tiempo\u201d, probablemente se estar\u00eda ante \u201cun caso de b\u00fasqueda y rescate masivo\u201d.<\/p>\n<p style=\"text-align:justify\">\u00a0<\/p>\n<\/p><\/div>\n<p><script>\n        !function (f, b, e, v, n, t, s) {\n            if (f.fbq) return; n = f.fbq = function () {\n                n.callMethod ?\n                n.callMethod.apply(n, arguments) : n.queue.push(arguments)\n            }; if (!f._fbq) f._fbq = n;\n            n.push = n; n.loaded = !0; n.version = '2.0'; n.queue = []; t = b.createElement(e); t.async = !0;\n            t.src = v; s = b.getElementsByTagName(e)[0]; s.parentNode.insertBefore(t, s)\n        }(window,\n        document, 'script', 'https:\/\/connect.facebook.net\/en_US\/fbevents.js');\n        fbq('init', '336505603402465', {\n        });\n        fbq('track', 'PageView');\n    <\/script><script>\n        !function (f, b, e, v, n, t, s) {\n            if (f.fbq) return; n = f.fbq = function () {\n                n.callMethod ?\n                n.callMethod.apply(n, arguments) : n.queue.push(arguments)\n            }; if (!f._fbq) f._fbq = n;\n            n.push = n; n.loaded = !0; n.version = '2.0'; n.queue = []; t = b.createElement(e); t.async = !0;\n            t.src = v; s = b.getElementsByTagName(e)[0]; s.parentNode.insertBefore(t, s)\n        }(window,\n        document, 'script', 'https:\/\/connect.facebook.net\/en_US\/fbevents.js');\n        fbq('init', '871551932912625', {\n        });\n        fbq('track', 'PageView');\n    <\/script><script>\n    window.fbAsyncInit = function () {\n        FB.init({\n            appId: '482294438637972',\n            xfbml: true,\n            version: 'v2.7'\n        });\n    };\n    (function (d, s, id) {\n        var js, fjs = d.getElementsByTagName(s)[0];\n        if (d.getElementById(id)) { return; }\n        js = d.createElement(s); js.id = id;\n        js.src = \"https:\/\/connect.facebook.net\/en_US\/sdk.js\";\n        fjs.parentNode.insertBefore(js, fjs);\n    }(document, 'script', 'facebook-jssdk'));\n<\/script><br \/>\n<br \/><\/p>\n<p><em> &#8221; Fuentes listindiario.com &#8221; <\/em><\/p>\n","protected":false},"excerpt":{"rendered":"<p>La Guardia Costera estadounidense en Puerto Rico inform\u00f3 que desde el 1 de octubre de 2021 hasta el 30 de septiembre de 2022 ha interceptado 88 embarcaciones, deteniendo un whole de 2,273 migrantes, de los cuales 1,705 han sido dominicanos y unos 444 haitianos. Estos datos salen a la luz luego de que las autoridades [&hellip;]<\/p>\n","protected":false},"author":4,"featured_media":399237,"comment_status":"open","ping_status":"closed","sticky":false,"template":"","format":"standard","meta":{"om_disable_all_campaigns":false,"jnews-multi-image_gallery":[],"jnews_single_post":[],"jnews_primary_category":[],"jnews_social_meta":[],"footnotes":""},"categories":[39],"tags":[547,1431,1432,1433,229,1427,705,1428,1136,1430,1429],"class_list":["post-399236","post","type-post","status-publish","format-standard","has-post-thumbnail","hentry","category-viajes","tag-informacion","tag-listin","tag-listin-diario","tag-listin-digital","tag-news","tag-newspaper","tag-noticias","tag-periodicos","tag-prensa","tag-republica-dominicana","tag-santo-domingo"],"_links":{"self":[{"href":"https:\/\/dimensionturistica.com\/es\/wp-json\/wp\/v2\/posts\/399236","targetHints":{"allow":["GET"]}}],"collection":[{"href":"https:\/\/dimensionturistica.com\/es\/wp-json\/wp\/v2\/posts"}],"about":[{"href":"https:\/\/dimensionturistica.com\/es\/wp-json\/wp\/v2\/types\/post"}],"author":[{"embeddable":true,"href":"https:\/\/dimensionturistica.com\/es\/wp-json\/wp\/v2\/users\/4"}],"replies":[{"embeddable":true,"href":"https:\/\/dimensionturistica.com\/es\/wp-json\/wp\/v2\/comments?post=399236"}],"version-history":[{"count":0,"href":"https:\/\/dimensionturistica.com\/es\/wp-json\/wp\/v2\/posts\/399236\/revisions"}],"wp:featuredmedia":[{"embeddable":true,"href":"https:\/\/dimensionturistica.com\/es\/wp-json\/wp\/v2\/media\/399237"}],"wp:attachment":[{"href":"https:\/\/dimensionturistica.com\/es\/wp-json\/wp\/v2\/media?parent=399236"}],"wp:term":[{"taxonomy":"category","embeddable":true,"href":"https:\/\/dimensionturistica.com\/es\/wp-json\/wp\/v2\/categories?post=399236"},{"taxonomy":"post_tag","embeddable":true,"href":"https:\/\/dimensionturistica.com\/es\/wp-json\/wp\/v2\/tags?post=399236"}],"curies":[{"name":"wp","href":"https:\/\/api.w.org\/{rel}","templated":true}]}}