{"id":399124,"date":"2022-10-04T23:55:45","date_gmt":"2022-10-04T23:55:45","guid":{"rendered":"https:\/\/dimensionturistica.com\/es\/?p=399124"},"modified":"2022-10-04T23:55:45","modified_gmt":"2022-10-04T23:55:45","slug":"celebrara-mexicali-la-feria-del-datil-te-invitamos-a-que-veas-de-que-se-trata","status":"publish","type":"post","link":"https:\/\/dimensionturistica.com\/es\/celebrara-mexicali-la-feria-del-datil-te-invitamos-a-que-veas-de-que-se-trata\/","title":{"rendered":"Celebrara Mexicali la Feria del D\u00e1til, te invitamos a que veas de que se trata"},"content":{"rendered":"<p>Este pr\u00f3ximo 12 y 13 de noviembre prep\u00e1rate para vivir la Feria del D\u00e1til del Valle de Mexicali, un evento familiar \u00fanico en su especie, que re\u00fane gastronom\u00eda, m\u00fasica, danza, shows especiales y encuentro de negocios, que nace con el fin de promover y fomentar el consumo del d\u00e1til<img decoding=\"async\" class=\"size-medium wp-image-399133 alignright\" src=\"https:\/\/dimensionturistica.com\/es\/wp-content\/uploads\/2022\/10\/jujube-ga17aca1d6_1920-300x150.jpg\" alt=\"\" width=\"300\" height=\"150\" srcset=\"https:\/\/dimensionturistica.com\/es\/wp-content\/uploads\/2022\/10\/jujube-ga17aca1d6_1920-300x150.jpg 300w, https:\/\/dimensionturistica.com\/es\/wp-content\/uploads\/2022\/10\/jujube-ga17aca1d6_1920-1024x512.jpg 1024w, https:\/\/dimensionturistica.com\/es\/wp-content\/uploads\/2022\/10\/jujube-ga17aca1d6_1920-768x384.jpg 768w, https:\/\/dimensionturistica.com\/es\/wp-content\/uploads\/2022\/10\/jujube-ga17aca1d6_1920-1536x768.jpg 1536w, https:\/\/dimensionturistica.com\/es\/wp-content\/uploads\/2022\/10\/jujube-ga17aca1d6_1920-360x180.jpg 360w, https:\/\/dimensionturistica.com\/es\/wp-content\/uploads\/2022\/10\/jujube-ga17aca1d6_1920-750x375.jpg 750w, https:\/\/dimensionturistica.com\/es\/wp-content\/uploads\/2022\/10\/jujube-ga17aca1d6_1920-1140x570.jpg 1140w, https:\/\/dimensionturistica.com\/es\/wp-content\/uploads\/2022\/10\/jujube-ga17aca1d6_1920.jpg 1920w\" sizes=\"(max-width: 300px) 100vw, 300px\" \/> cachanilla.<br \/>\nPara su edici\u00f3n 2022 la programaci\u00f3n se compone de exposiciones culturales, juegos mec\u00e1nicos, m\u00fasica en vivo, danza folkl\u00f3rica, jaripeo, show de caballos bailadores, pabellones de exhibici\u00f3n de diversos productos como el fruto, mermeladas, cerveza artesanal, quesos, vinos, superfoods, artesan\u00edas, y \u00e1rea gastron\u00f3mica cachanilla y muchas m\u00e1s.<br \/>\nMientras que, en la parte de industria, esta feria reunir\u00e1 productores locales, nacionales e internacionales que se congregar\u00e1n en mesas de negocios con el fin de impulsar las oportunidades comerciales y as\u00ed favorecer al sector agroalimentario ya que el d\u00e1til es un alimento de alto costo y demanda, que hoy se exporta a California y Arizona, as\u00ed como a pa\u00edses de Europa y Ocean\u00eda.<img decoding=\"async\" class=\"size-medium wp-image-399132 alignright\" src=\"https:\/\/dimensionturistica.com\/es\/wp-content\/uploads\/2022\/10\/Feria-del-Datil-2-300x300.jpg\" alt=\"\" width=\"300\" height=\"300\" srcset=\"https:\/\/dimensionturistica.com\/es\/wp-content\/uploads\/2022\/10\/Feria-del-Datil-2-300x300.jpg 300w, https:\/\/dimensionturistica.com\/es\/wp-content\/uploads\/2022\/10\/Feria-del-Datil-2-1024x1024.jpg 1024w, https:\/\/dimensionturistica.com\/es\/wp-content\/uploads\/2022\/10\/Feria-del-Datil-2-150x150.jpg 150w, https:\/\/dimensionturistica.com\/es\/wp-content\/uploads\/2022\/10\/Feria-del-Datil-2-768x767.jpg 768w, https:\/\/dimensionturistica.com\/es\/wp-content\/uploads\/2022\/10\/Feria-del-Datil-2-75x75.jpg 75w, https:\/\/dimensionturistica.com\/es\/wp-content\/uploads\/2022\/10\/Feria-del-Datil-2-350x350.jpg 350w, https:\/\/dimensionturistica.com\/es\/wp-content\/uploads\/2022\/10\/Feria-del-Datil-2-750x749.jpg 750w, https:\/\/dimensionturistica.com\/es\/wp-content\/uploads\/2022\/10\/Feria-del-Datil-2.jpg 1081w\" sizes=\"(max-width: 300px) 100vw, 300px\" \/><br \/>\nTras siete a\u00f1os de celebraci\u00f3n la llegada de su 8va. Edici\u00f3n ser\u00e1 en grande ya que se incrementar\u00e1 tres veces m\u00e1s el espacio del festejo de otras ediciones, por lo que su sede ser\u00e1 en Campos de Expo AgroBaja, un complejo al aire libre que contar\u00e1 con atracciones para grandes y chicos; y actividades para honrar a la temporada de cosecha del d\u00e1til, adem\u00e1s de acercar al p\u00fablico a conocer de manera divertida la cultura datilera de la regi\u00f3n, la importancia de este producto y sus usos.<br \/>\nEn este sentido el Secretario de Turismo del Estado de Baja California, Miguel Agu\u00ed\u00f1iga Rodr\u00edguez se\u00f1al\u00f3 \u201cestamos contentos de ser sede de este evento y as\u00ed poder ofrecerle a todos los visitantes un poco de la oferta tur\u00edstica de esta entidad y que mejor que con un producto que emana del Valle de Mexicali y nos pone en alto a nivel nacional\u201d.<br \/>\n\u201cMexicali es uno de los dos principales l\u00edderes en la producci\u00f3n de este rico fruto en M\u00e9xico y<img decoding=\"async\" class=\"size-medium wp-image-399134 alignright\" src=\"https:\/\/dimensionturistica.com\/es\/wp-content\/uploads\/2022\/10\/red-dates-gf318f04bb_1920-300x200.jpg\" alt=\"\" width=\"300\" height=\"200\" srcset=\"https:\/\/dimensionturistica.com\/es\/wp-content\/uploads\/2022\/10\/red-dates-gf318f04bb_1920-300x200.jpg 300w, https:\/\/dimensionturistica.com\/es\/wp-content\/uploads\/2022\/10\/red-dates-gf318f04bb_1920-1024x683.jpg 1024w, https:\/\/dimensionturistica.com\/es\/wp-content\/uploads\/2022\/10\/red-dates-gf318f04bb_1920-768x512.jpg 768w, https:\/\/dimensionturistica.com\/es\/wp-content\/uploads\/2022\/10\/red-dates-gf318f04bb_1920-1536x1024.jpg 1536w, https:\/\/dimensionturistica.com\/es\/wp-content\/uploads\/2022\/10\/red-dates-gf318f04bb_1920-750x500.jpg 750w, https:\/\/dimensionturistica.com\/es\/wp-content\/uploads\/2022\/10\/red-dates-gf318f04bb_1920-1140x760.jpg 1140w, https:\/\/dimensionturistica.com\/es\/wp-content\/uploads\/2022\/10\/red-dates-gf318f04bb_1920.jpg 1920w\" sizes=\"(max-width: 300px) 100vw, 300px\" \/> vale la pena mostrar su relevancia, as\u00ed como honrar a los productores con un evento para toda la familia\u201d, indic\u00f3.<br \/>\nEl d\u00e1til mexicalense es hoy un producto muy especial, ya que las condiciones des\u00e9rticas con clima c\u00e1lido seco de esta zona propician un suelo \u00fanico para las palmas datileras, pero si buscas una actividad diferente este oto\u00f1o te sugerimos visitar la capital bajacaliforniana.<br \/>\nPara conocer m\u00e1s informaci\u00f3n visita www.facebook.com\/FERIADELDATIL<\/p>\n","protected":false},"excerpt":{"rendered":"<p>Este pr\u00f3ximo 12 y 13 de noviembre prep\u00e1rate para vivir la Feria del D\u00e1til del Valle de Mexicali, un evento familiar \u00fanico en su especie, que re\u00fane gastronom\u00eda, m\u00fasica, danza, shows especiales y encuentro de negocios, que nace con el fin de promover y fomentar el consumo del d\u00e1til cachanilla. Para su edici\u00f3n 2022 la [&hellip;]<\/p>\n","protected":false},"author":1,"featured_media":399131,"comment_status":"open","ping_status":"closed","sticky":false,"template":"","format":"standard","meta":{"om_disable_all_campaigns":false,"jnews-multi-image_gallery":[],"jnews_single_post":{"source_name":"","source_url":"","via_name":"","via_url":"","override_template":"0","override":[{"template":"1","single_blog_custom":"","parallax":"1","fullscreen":"1","layout":"right-sidebar","sidebar":"default-sidebar","second_sidebar":"default-sidebar","sticky_sidebar":"1","share_position":"top","share_float_style":"share-monocrhome","show_share_counter":"1","show_view_counter":"1","show_featured":"1","show_post_meta":"1","show_post_author":"1","show_post_author_image":"1","show_post_date":"1","post_date_format":"default","post_date_format_custom":"Y\/m\/d","show_post_category":"1","show_post_reading_time":"0","post_reading_time_wpm":"300","show_zoom_button":"0","zoom_button_out_step":"2","zoom_button_in_step":"3","show_post_tag":"1","show_prev_next_post":"1","show_popup_post":"1","number_popup_post":"1","show_author_box":"0","show_post_related":"0","show_inline_post_related":"0"}],"override_image_size":"0","image_override":[{"single_post_thumbnail_size":"crop-500","single_post_gallery_size":"crop-500"}],"trending_post":"0","trending_post_position":"meta","trending_post_label":"Trending","sponsored_post":"0","sponsored_post_label":"Sponsored by","sponsored_post_name":"","sponsored_post_url":"","sponsored_post_logo_enable":"0","sponsored_post_logo":"","sponsored_post_desc":"","disable_ad":"0"},"jnews_primary_category":{"id":""},"jnews_social_meta":{"fb_title":"","fb_description":"","fb_image":"","twitter_title":"","twitter_description":"","twitter_image":""},"footnotes":""},"categories":[43],"tags":[],"class_list":["post-399124","post","type-post","status-publish","format-standard","has-post-thumbnail","hentry","category-gourmet"],"_links":{"self":[{"href":"https:\/\/dimensionturistica.com\/es\/wp-json\/wp\/v2\/posts\/399124","targetHints":{"allow":["GET"]}}],"collection":[{"href":"https:\/\/dimensionturistica.com\/es\/wp-json\/wp\/v2\/posts"}],"about":[{"href":"https:\/\/dimensionturistica.com\/es\/wp-json\/wp\/v2\/types\/post"}],"author":[{"embeddable":true,"href":"https:\/\/dimensionturistica.com\/es\/wp-json\/wp\/v2\/users\/1"}],"replies":[{"embeddable":true,"href":"https:\/\/dimensionturistica.com\/es\/wp-json\/wp\/v2\/comments?post=399124"}],"version-history":[{"count":0,"href":"https:\/\/dimensionturistica.com\/es\/wp-json\/wp\/v2\/posts\/399124\/revisions"}],"wp:featuredmedia":[{"embeddable":true,"href":"https:\/\/dimensionturistica.com\/es\/wp-json\/wp\/v2\/media\/399131"}],"wp:attachment":[{"href":"https:\/\/dimensionturistica.com\/es\/wp-json\/wp\/v2\/media?parent=399124"}],"wp:term":[{"taxonomy":"category","embeddable":true,"href":"https:\/\/dimensionturistica.com\/es\/wp-json\/wp\/v2\/categories?post=399124"},{"taxonomy":"post_tag","embeddable":true,"href":"https:\/\/dimensionturistica.com\/es\/wp-json\/wp\/v2\/tags?post=399124"}],"curies":[{"name":"wp","href":"https:\/\/api.w.org\/{rel}","templated":true}]}}