{"id":399101,"date":"2022-10-04T23:21:59","date_gmt":"2022-10-04T23:21:59","guid":{"rendered":"https:\/\/dimensionturistica.com\/es\/?p=399101"},"modified":"2022-10-04T23:21:59","modified_gmt":"2022-10-04T23:21:59","slug":"emirates-skycargo-y-united-cargo-anuncian-un-acuerdo-historico","status":"publish","type":"post","link":"https:\/\/dimensionturistica.com\/es\/emirates-skycargo-y-united-cargo-anuncian-un-acuerdo-historico\/","title":{"rendered":"Emirates SkyCargo y United Cargo anuncian un acuerdo hist\u00f3rico"},"content":{"rendered":"<p>Emirates SkyCargo y United Cargo firmaron un Memorando de Entendimiento (MoU) que dio lugar a un nuevo acuerdo comercial hist\u00f3rico entre dos de las aerol\u00edneas m\u00e1s grandes del mundo. Esta coordinaci\u00f3n aportar\u00e1 beneficios a los clientes de carga a\u00e9rea tanto de Emirates Skycargo<img decoding=\"async\" class=\"size-medium wp-image-399105 alignright\" src=\"https:\/\/dimensionturistica.com\/es\/wp-content\/uploads\/2022\/10\/EMIRATOS3-300x175.jpg\" alt=\"\" width=\"300\" height=\"175\" srcset=\"https:\/\/dimensionturistica.com\/es\/wp-content\/uploads\/2022\/10\/EMIRATOS3-300x175.jpg 300w, https:\/\/dimensionturistica.com\/es\/wp-content\/uploads\/2022\/10\/EMIRATOS3.jpg 400w\" sizes=\"(max-width: 300px) 100vw, 300px\" \/> como de United Cargo en todo el mundo.<br \/>\nEl Memorando de Entendimiento fue firmado en el Simposio Mundial de Carga (WCS) &#8211; evento de la IATA en Londres, Reino Unido, por Nabil Sult\u00e1n, vicepresidente senior de la Divisi\u00f3n de Carga de Emirates y Jan Krems, presidente de United Cargo.<br \/>\nSeg\u00fan los t\u00e9rminos del Memorando de Entendimiento, Emirates SkyCargo y United Cargo trabajar\u00e1n estrechamente en una serie de aspectos, que incluyen la ampliaci\u00f3n de las opciones de interl\u00ednea de carga y los acuerdos de <img decoding=\"async\" class=\"size-medium wp-image-399106 alignleft\" src=\"https:\/\/dimensionturistica.com\/es\/wp-content\/uploads\/2022\/10\/EMIRATOS7-300x169.jpg\" alt=\"\" width=\"300\" height=\"169\" srcset=\"https:\/\/dimensionturistica.com\/es\/wp-content\/uploads\/2022\/10\/EMIRATOS7-300x169.jpg 300w, https:\/\/dimensionturistica.com\/es\/wp-content\/uploads\/2022\/10\/EMIRATOS7.jpg 400w\" sizes=\"(max-width: 300px) 100vw, 300px\" \/>espacio bloqueado, a la espera de las aprobaciones regulatorias. Esto se basar\u00e1 en los acuerdos de interl\u00ednea de carga existentes entre ambos operadores de carga a\u00e9rea y ofrecer\u00e1 a los clientes de carga acceso a m\u00e1s capacidad en una red global combinada m\u00e1s grande.<br \/>\n&#8220;Emirates SkyCargo se ha comprometido a ser la empresa l\u00edder en el sector de la carga a\u00e9rea mundial, proporcionando a nuestros clientes los m\u00e1s altos est\u00e1ndares de productos y servicios. Cooperar con United, que es una aerol\u00ednea l\u00edder por derecho propio con puntos fuertes y una red que complementa la nuestra, nos permitir\u00e1 a\u00f1adir valor para nuestros clientes y ayudarles a llegar a nuevos mercados m\u00e1s r\u00e1pidamente&#8221;, dijo Nabil Sult\u00e1n, vicepresidente senior de la Divisi\u00f3n de Carga de Emirates.<br \/>\n&#8220;United se complace de trabajar con Emirates SkyCargo en este MoU. Como una de las<img decoding=\"async\" class=\"size-medium wp-image-399104 alignright\" src=\"https:\/\/dimensionturistica.com\/es\/wp-content\/uploads\/2022\/10\/EMIRATOS1-300x197.jpg\" alt=\"\" width=\"300\" height=\"197\" srcset=\"https:\/\/dimensionturistica.com\/es\/wp-content\/uploads\/2022\/10\/EMIRATOS1-300x197.jpg 300w, https:\/\/dimensionturistica.com\/es\/wp-content\/uploads\/2022\/10\/EMIRATOS1.jpg 500w\" sizes=\"(max-width: 300px) 100vw, 300px\" \/> compa\u00f1\u00edas a\u00e9reas l\u00edderes del mundo, Emirates SkyCargo es un actor importante en la industria, y nuestras capacidades complementarias nos permiten proporcionar nuevas ofertas de servicios a nuestros clientes en todo el mundo. Compartimos el compromiso de ofrecer soluciones l\u00edderes en el sector a nuestros clientes y estamos deseando trabajar juntos en el futuro&#8221;, declar\u00f3 Jan Krems, presidente de United Cargo.<br \/>\nUnited Cargo tendr\u00e1 acceso a la red de distribuci\u00f3n de alta frecuencia de Emirates SkyCargo a trav\u00e9s de la cartera de los vuelos de pasajeros a m\u00e1s de 100 destinos mundiales y 11 cargueros, mientras que Emirates SkyCargo tendr\u00e1 acceso a m\u00e1s de 200 ciudades en los Estados Unidos y 300 ciudades en los cinco continentes a trav\u00e9s de United Cargo.<\/p>\n","protected":false},"excerpt":{"rendered":"<p>Emirates SkyCargo y United Cargo firmaron un Memorando de Entendimiento (MoU) que dio lugar a un nuevo acuerdo comercial hist\u00f3rico entre dos de las aerol\u00edneas m\u00e1s grandes del mundo. Esta coordinaci\u00f3n aportar\u00e1 beneficios a los clientes de carga a\u00e9rea tanto de Emirates Skycargo como de United Cargo en todo el mundo. El Memorando de Entendimiento [&hellip;]<\/p>\n","protected":false},"author":1,"featured_media":399102,"comment_status":"open","ping_status":"closed","sticky":false,"template":"","format":"standard","meta":{"om_disable_all_campaigns":false,"jnews-multi-image_gallery":[],"jnews_single_post":{"source_name":"","source_url":"","via_name":"","via_url":"","override_template":"0","override":[{"template":"1","single_blog_custom":"","parallax":"1","fullscreen":"1","layout":"right-sidebar","sidebar":"default-sidebar","second_sidebar":"default-sidebar","sticky_sidebar":"1","share_position":"top","share_float_style":"share-monocrhome","show_share_counter":"1","show_view_counter":"1","show_featured":"1","show_post_meta":"1","show_post_author":"1","show_post_author_image":"1","show_post_date":"1","post_date_format":"default","post_date_format_custom":"Y\/m\/d","show_post_category":"1","show_post_reading_time":"0","post_reading_time_wpm":"300","show_zoom_button":"0","zoom_button_out_step":"2","zoom_button_in_step":"3","show_post_tag":"1","show_prev_next_post":"1","show_popup_post":"1","number_popup_post":"1","show_author_box":"0","show_post_related":"0","show_inline_post_related":"0"}],"override_image_size":"0","image_override":[{"single_post_thumbnail_size":"crop-500","single_post_gallery_size":"crop-500"}],"trending_post":"0","trending_post_position":"meta","trending_post_label":"Trending","sponsored_post":"0","sponsored_post_label":"Sponsored by","sponsored_post_name":"","sponsored_post_url":"","sponsored_post_logo_enable":"0","sponsored_post_logo":"","sponsored_post_desc":"","disable_ad":"0"},"jnews_primary_category":{"id":""},"jnews_social_meta":{"fb_title":"","fb_description":"","fb_image":"","twitter_title":"","twitter_description":"","twitter_image":""},"footnotes":""},"categories":[40],"tags":[],"class_list":["post-399101","post","type-post","status-publish","format-standard","has-post-thumbnail","hentry","category-industria"],"_links":{"self":[{"href":"https:\/\/dimensionturistica.com\/es\/wp-json\/wp\/v2\/posts\/399101","targetHints":{"allow":["GET"]}}],"collection":[{"href":"https:\/\/dimensionturistica.com\/es\/wp-json\/wp\/v2\/posts"}],"about":[{"href":"https:\/\/dimensionturistica.com\/es\/wp-json\/wp\/v2\/types\/post"}],"author":[{"embeddable":true,"href":"https:\/\/dimensionturistica.com\/es\/wp-json\/wp\/v2\/users\/1"}],"replies":[{"embeddable":true,"href":"https:\/\/dimensionturistica.com\/es\/wp-json\/wp\/v2\/comments?post=399101"}],"version-history":[{"count":0,"href":"https:\/\/dimensionturistica.com\/es\/wp-json\/wp\/v2\/posts\/399101\/revisions"}],"wp:featuredmedia":[{"embeddable":true,"href":"https:\/\/dimensionturistica.com\/es\/wp-json\/wp\/v2\/media\/399102"}],"wp:attachment":[{"href":"https:\/\/dimensionturistica.com\/es\/wp-json\/wp\/v2\/media?parent=399101"}],"wp:term":[{"taxonomy":"category","embeddable":true,"href":"https:\/\/dimensionturistica.com\/es\/wp-json\/wp\/v2\/categories?post=399101"},{"taxonomy":"post_tag","embeddable":true,"href":"https:\/\/dimensionturistica.com\/es\/wp-json\/wp\/v2\/tags?post=399101"}],"curies":[{"name":"wp","href":"https:\/\/api.w.org\/{rel}","templated":true}]}}