{"id":398988,"date":"2022-10-04T20:31:39","date_gmt":"2022-10-04T20:31:39","guid":{"rendered":"https:\/\/dimensionturistica.com\/es\/?p=398988"},"modified":"2022-10-04T20:31:39","modified_gmt":"2022-10-04T20:31:39","slug":"el-camino-de-san-benedetto-la-ruta-de-peregrinacion-mas-asombrosa-de-italia","status":"publish","type":"post","link":"https:\/\/dimensionturistica.com\/es\/el-camino-de-san-benedetto-la-ruta-de-peregrinacion-mas-asombrosa-de-italia\/","title":{"rendered":"El Camino de San Benedetto, la ruta de peregrinaci\u00f3n m\u00e1s asombrosa de Italia"},"content":{"rendered":"<p> <br \/>\n<\/p>\n<div>\n<p class=\"date\"> <time itemprop=\"dateModified\" datetime=\"2022-10-04T09:15:00+02:00\" data-timestamp=\"1664874900\">&#13;04 de octubre de 2022 \u00b7 09:15<\/time>&#13;<\/p>\n<\/div>\n<div id=\"article-sumary\">\n<div class=\"article-txt ad-mobile-top\">\n<p>El <a rel=\"nofollow noopener\" target=\"_blank\" href=\"https:\/\/www.camminodibenedetto.it\/\">Camino de San Benedetto<\/a> es una de las mejores rutas para conocer algunos de los m\u00e1s bellos rincones naturales e interesantes conjuntos arquitect\u00f3nicos de las regiones de Umbr\u00eda y Lacio, en <a rel=\"nofollow noopener\" target=\"_blank\" href=\"http:\/\/www.italia.it\/es\">Italia<\/a>. Un complete de 300 km discurren desde Norcia, a los pies del monte Sibillini, a lo largo de 16 etapas de senderos y caminos que finalizan su recorrido en Montecassino. San Benedetto, patr\u00f3n de Europa, tiene en este su explicit Camino de Santiago italiano, una mezcla de recorrido espiritual que atraviesa pueblos y valles y permite descubrir la cultura, la gastronom\u00eda y la naturaleza del coraz\u00f3n del pa\u00eds.<\/p>\n<\/div>\n<\/div>\n\n<p><em> &#8221; Fuentes viajes.nationalgeographic.com.es &#8221; <\/em><\/p>\n","protected":false},"excerpt":{"rendered":"<p>&#13;04 de octubre de 2022 \u00b7 09:15&#13; El Camino de San Benedetto es una de las mejores rutas para conocer algunos de los m\u00e1s bellos rincones naturales e interesantes conjuntos arquitect\u00f3nicos de las regiones de Umbr\u00eda y Lacio, en Italia. Un complete de 300 km discurren desde Norcia, a los pies del monte Sibillini, a [&hellip;]<\/p>\n","protected":false},"author":4,"featured_media":398989,"comment_status":"open","ping_status":"closed","sticky":false,"template":"","format":"standard","meta":{"om_disable_all_campaigns":false,"jnews-multi-image_gallery":[],"jnews_single_post":[],"jnews_primary_category":[],"jnews_social_meta":[],"footnotes":""},"categories":[39],"tags":[47258,47257],"class_list":["post-398988","post","type-post","status-publish","format-standard","has-post-thumbnail","hentry","category-viajes","tag-cargado-desde-el-fichero-de-recursos","tag-keywords-por-defecto"],"_links":{"self":[{"href":"https:\/\/dimensionturistica.com\/es\/wp-json\/wp\/v2\/posts\/398988","targetHints":{"allow":["GET"]}}],"collection":[{"href":"https:\/\/dimensionturistica.com\/es\/wp-json\/wp\/v2\/posts"}],"about":[{"href":"https:\/\/dimensionturistica.com\/es\/wp-json\/wp\/v2\/types\/post"}],"author":[{"embeddable":true,"href":"https:\/\/dimensionturistica.com\/es\/wp-json\/wp\/v2\/users\/4"}],"replies":[{"embeddable":true,"href":"https:\/\/dimensionturistica.com\/es\/wp-json\/wp\/v2\/comments?post=398988"}],"version-history":[{"count":0,"href":"https:\/\/dimensionturistica.com\/es\/wp-json\/wp\/v2\/posts\/398988\/revisions"}],"wp:featuredmedia":[{"embeddable":true,"href":"https:\/\/dimensionturistica.com\/es\/wp-json\/wp\/v2\/media\/398989"}],"wp:attachment":[{"href":"https:\/\/dimensionturistica.com\/es\/wp-json\/wp\/v2\/media?parent=398988"}],"wp:term":[{"taxonomy":"category","embeddable":true,"href":"https:\/\/dimensionturistica.com\/es\/wp-json\/wp\/v2\/categories?post=398988"},{"taxonomy":"post_tag","embeddable":true,"href":"https:\/\/dimensionturistica.com\/es\/wp-json\/wp\/v2\/tags?post=398988"}],"curies":[{"name":"wp","href":"https:\/\/api.w.org\/{rel}","templated":true}]}}