{"id":398933,"date":"2022-10-04T18:46:39","date_gmt":"2022-10-04T18:46:39","guid":{"rendered":"https:\/\/dimensionturistica.com\/es\/?p=398933"},"modified":"2022-10-04T18:46:39","modified_gmt":"2022-10-04T18:46:39","slug":"costa-rica-es-el-mejor-destino-para-viajes-de-larga-distancia-segun-revista-alemana-travelbook","status":"publish","type":"post","link":"https:\/\/dimensionturistica.com\/es\/costa-rica-es-el-mejor-destino-para-viajes-de-larga-distancia-segun-revista-alemana-travelbook\/","title":{"rendered":"Costa Rica es el mejor destino para viajes de larga distancia, seg\u00fan revista alemana Travelbook"},"content":{"rendered":"<p> <br \/>\n<\/p>\n<div>\n<p><b>Por estrategiaynegocios.internet<\/b><\/p>\n<p>El compromiso con el cuidado del ambiente y la naturaleza, as\u00ed como su modelo tur\u00edstico sostenible, unido a la relaci\u00f3n calidad-precio de sus productos y servicios tur\u00edsticos, le permitieron a Costa Rica obtener el premio en la categor\u00eda, \u201cMejor Destino para Viajes de larga distancia\u201d, entregado por la revista de viajes alemana <a rel=\"nofollow noopener\" target=\"_blank\" href=\"https:\/\/www.travelbook.de\/travelbook-award\/die-gewinner-des-travelbook-awards?fbclid=IwAR2YSImf0dN6hNvRP-eI5DlfAD7-6vP8o1nJAvnmnMi6P9HQd-ywwUUES3k\">Travelbook<\/a>.<\/p>\n<p>\u201cCosta Rica fue el primer pa\u00eds del mundo en ser reconocido por su pol\u00edtica ambiental, lo que lo convierte en un digno ganador de esta categor\u00eda en los Travelbook Awards\u201d, se\u00f1al\u00f3 precisamente, el sitio net de la revista.<\/p>\n<p><i><b>Costa Rica:<\/b><\/i><i><a rel=\"nofollow noopener\" target=\"_blank\" href=\"https:\/\/www.estrategiaynegocios.net\/centroamericaymundo\/costa-rica-ingreso-de-divisas-por-turismo-igualaran-este-ano-las-cifras-de-2019-LD10208164\"> Ingreso de divisas por turismo igualar\u00e1n este a\u00f1o las cifras de 2019<\/a><\/i><\/p>\n<p>Costa Rica super\u00f3 en esta categor\u00eda a Australia, Sud\u00e1frica, Estados Unidos e Indonesia; la selecci\u00f3n del ganador la realiz\u00f3 un jurado de nueve expertos que respondieron un cat\u00e1logo detallado de criterios para cada destino y categor\u00eda.<\/p>\n<p>\u201cEste galard\u00f3n nos permite seguir posicionado al pa\u00eds como uno de los destinos m\u00e1s comprometidos con la sostenibilidad, con el cuido del ambiente y el lugar ideal para reconectarse con la naturaleza. Un destino que permite dentro de su amplia y variada oferta tur\u00edstica conocer acerca de la cultura, la gastronom\u00eda y las tradiciones que le permiten a los turistas sentirse como un tico m\u00e1s mientras vacacionan en Costa Rica\u201d, expres\u00f3 Ireth Rodr\u00edguez, jefa de Promoci\u00f3n del ICT.<\/p>\n<p><b>De inter\u00e9s:<\/b><a rel=\"nofollow noopener\" target=\"_blank\" href=\"https:\/\/www.estrategiaynegocios.net\/especiales\/pyme-emprende\/tendencias\/ventas-de-mipymes-turisticas-de-costa-rica-crecen-casi-un-50-en-2022-AF10155371\"> Ventas de mipymes tur\u00edsticas de Costa Rica crecen casi un 50% en 2022<\/a><\/p>\n<p>Los criterios aplicados a cada destino nominado fueron: relaci\u00f3n calidad-precio, sostenibilidad (sostenibiliad social, ecolog\u00eda, derechos humanos), seguridad, variedad de actividades, accesibilidad, limpieza, calidad de transporte p\u00fablico y calidad del agua.<\/p>\n<p>Actualmente, Alemania se afianza como el segundo mercado emisor de turistas provenientes de Europa, solamente superado por el Reino Unido. Seg\u00fan datos del ICT se registr\u00f3 el ingreso de 43.505 alemanes de enero a agosto por la v\u00eda a\u00e9rea.<\/p>\n<\/p><\/div>\n<p><script async defer crossorigin=\"anonymous\" src=\"https:\/\/connect.facebook.net\/es_LA\/sdk.js#xfbml=1&amp;version=v12.0&amp;appId=190267334339162\" nonce=\"IIjSytZH\"><\/script><script async defer crossorigin=\"anonymous\" src=\"https:\/\/connect.facebook.net\/es_LA\/sdk.js#xfbml=1&amp;version=v11.0\" nonce=\"hlrCGhrz\"><\/script><br \/>\n<br \/><\/p>\n<p><em> &#8221; Fuentes www.estrategiaynegocios.net &#8221; <\/em><\/p>\n","protected":false},"excerpt":{"rendered":"<p>Por estrategiaynegocios.internet El compromiso con el cuidado del ambiente y la naturaleza, as\u00ed como su modelo tur\u00edstico sostenible, unido a la relaci\u00f3n calidad-precio de sus productos y servicios tur\u00edsticos, le permitieron a Costa Rica obtener el premio en la categor\u00eda, \u201cMejor Destino para Viajes de larga distancia\u201d, entregado por la revista de viajes alemana Travelbook. [&hellip;]<\/p>\n","protected":false},"author":4,"featured_media":398934,"comment_status":"open","ping_status":"closed","sticky":false,"template":"","format":"standard","meta":{"om_disable_all_campaigns":false,"jnews-multi-image_gallery":[],"jnews_single_post":[],"jnews_primary_category":[],"jnews_social_meta":[],"footnotes":""},"categories":[39],"tags":[1228],"class_list":["post-398933","post","type-post","status-publish","format-standard","has-post-thumbnail","hentry","category-viajes","tag-destinos"],"_links":{"self":[{"href":"https:\/\/dimensionturistica.com\/es\/wp-json\/wp\/v2\/posts\/398933","targetHints":{"allow":["GET"]}}],"collection":[{"href":"https:\/\/dimensionturistica.com\/es\/wp-json\/wp\/v2\/posts"}],"about":[{"href":"https:\/\/dimensionturistica.com\/es\/wp-json\/wp\/v2\/types\/post"}],"author":[{"embeddable":true,"href":"https:\/\/dimensionturistica.com\/es\/wp-json\/wp\/v2\/users\/4"}],"replies":[{"embeddable":true,"href":"https:\/\/dimensionturistica.com\/es\/wp-json\/wp\/v2\/comments?post=398933"}],"version-history":[{"count":0,"href":"https:\/\/dimensionturistica.com\/es\/wp-json\/wp\/v2\/posts\/398933\/revisions"}],"wp:featuredmedia":[{"embeddable":true,"href":"https:\/\/dimensionturistica.com\/es\/wp-json\/wp\/v2\/media\/398934"}],"wp:attachment":[{"href":"https:\/\/dimensionturistica.com\/es\/wp-json\/wp\/v2\/media?parent=398933"}],"wp:term":[{"taxonomy":"category","embeddable":true,"href":"https:\/\/dimensionturistica.com\/es\/wp-json\/wp\/v2\/categories?post=398933"},{"taxonomy":"post_tag","embeddable":true,"href":"https:\/\/dimensionturistica.com\/es\/wp-json\/wp\/v2\/tags?post=398933"}],"curies":[{"name":"wp","href":"https:\/\/api.w.org\/{rel}","templated":true}]}}