{"id":398738,"date":"2022-10-04T13:18:55","date_gmt":"2022-10-04T13:18:55","guid":{"rendered":"https:\/\/dimensionturistica.com\/es\/?p=398738"},"modified":"2022-10-04T13:20:19","modified_gmt":"2022-10-04T13:20:19","slug":"encuentro-profesional-de-turismo-2022","status":"publish","type":"post","link":"https:\/\/dimensionturistica.com\/es\/encuentro-profesional-de-turismo-2022\/","title":{"rendered":"Encuentro Profesional de Turismo 2022"},"content":{"rendered":"<p>La Asociaci\u00f3n Metropolitana de Agencias de Viajes, A.C. llev\u00f3 a cabo el 1er. Encuentro Profesional de Turismo, de la mano de Ladevi Medios y Soluciones. Se trat\u00f3 de una reuni\u00f3n donde se dieron cita m\u00e1s de 80 expositores entre agencias de viajes, operadores mayoristas, hoteles, l\u00edneas a\u00e9reas y navieras, entre otros; qui\u00e9nes mostraron el producto tur\u00edstico que<img decoding=\"async\" class=\"size-medium wp-image-398745 alignright\" src=\"https:\/\/dimensionturistica.com\/es\/wp-content\/uploads\/2022\/10\/EPURE-300x199.jpg\" alt=\"\" width=\"300\" height=\"199\" srcset=\"https:\/\/dimensionturistica.com\/es\/wp-content\/uploads\/2022\/10\/EPURE-300x199.jpg 300w, https:\/\/dimensionturistica.com\/es\/wp-content\/uploads\/2022\/10\/EPURE.jpg 500w\" sizes=\"(max-width: 300px) 100vw, 300px\" \/> manejan, a m\u00e1s de 600 agencias de viajes, durante la ma\u00f1ana de hoy en el Hotel Presidente Intercontinental.<br \/>\nEl evento fue inaugurado por el Lic. Miguel Torruco Marqu\u00e9s, acompa\u00f1ado por Jos\u00e9 Luis Medina, Presidente de la Metro; Nathalie Desplas, Secretaria de Turismo de la Ciudad de M\u00e9xico; Judith Guerra, Presidenta de GMA; Diana Olivares, Presidenta de CANAERO; Arturo Javier Galicia, Director del Comit\u00e9 Organizador de EPTUR y Director de Operadora Concierge; y Rafael Garc\u00eda, Presidente de la Asociaci\u00f3n de Hoteles de la Ciudad de M\u00e9xico.<br \/>\n\u201cEPTUR, es un evento enfocado de lleno a buscar apoyar a los agentes de viajes profesionales, un evento para acompa\u00f1ar a la industria en esta reactivaci\u00f3n, es la apuesta por un nuevo y<\/p>\n<p><img decoding=\"async\" class=\"size-medium wp-image-398746 alignright\" src=\"https:\/\/dimensionturistica.com\/es\/wp-content\/uploads\/2022\/10\/EPURESA-300x231.jpg\" alt=\"\" width=\"300\" height=\"231\" srcset=\"https:\/\/dimensionturistica.com\/es\/wp-content\/uploads\/2022\/10\/EPURESA-300x231.jpg 300w, https:\/\/dimensionturistica.com\/es\/wp-content\/uploads\/2022\/10\/EPURESA.jpg 500w\" sizes=\"(max-width: 300px) 100vw, 300px\" \/><\/p>\n<p>renovado esquema de comercializaci\u00f3n. Es un evento que busca conjuntar la mayor oferta posible en un solo lugar y en un solo d\u00eda\u201d, declar\u00f3 Jose Luis Medina, Presidente de la Asociaci\u00f3n Metropolitana de Agencias de Viajes, A.C.<br \/>\nEl programa del encuentro incluyo 3 seminarios, \u201cEl turismo en M\u00e9xico, una visi\u00f3n hacia el futuro\u201d, a cargo de ADNOVA; \u201cResiliencia, adaptaci\u00f3n y trabajo en equipo\u201d, de Operadora Concierge y Bon Jour Qu\u00e9bec; y \u201cEl reto de ser agente de viajes\u201d, por Punta del Este Operadora.<\/p>\n<p>&nbsp;<\/p>\n","protected":false},"excerpt":{"rendered":"<p>La Asociaci\u00f3n Metropolitana de Agencias de Viajes, A.C. llev\u00f3 a cabo el 1er. Encuentro Profesional de Turismo, de la mano de Ladevi Medios y Soluciones. Se trat\u00f3 de una reuni\u00f3n donde se dieron cita m\u00e1s de 80 expositores entre agencias de viajes, operadores mayoristas, hoteles, l\u00edneas a\u00e9reas y navieras, entre otros; qui\u00e9nes mostraron el producto [&hellip;]<\/p>\n","protected":false},"author":1,"featured_media":398744,"comment_status":"open","ping_status":"closed","sticky":false,"template":"","format":"standard","meta":{"om_disable_all_campaigns":false,"jnews-multi-image_gallery":[],"jnews_single_post":{"source_name":"","source_url":"","via_name":"","via_url":"","override_template":"0","override":[{"template":"1","single_blog_custom":"","parallax":"1","fullscreen":"1","layout":"right-sidebar","sidebar":"default-sidebar","second_sidebar":"default-sidebar","sticky_sidebar":"1","share_position":"top","share_float_style":"share-monocrhome","show_share_counter":"1","show_view_counter":"1","show_featured":"1","show_post_meta":"1","show_post_author":"1","show_post_author_image":"1","show_post_date":"1","post_date_format":"default","post_date_format_custom":"Y\/m\/d","show_post_category":"1","show_post_reading_time":"0","post_reading_time_wpm":"300","show_zoom_button":"0","zoom_button_out_step":"2","zoom_button_in_step":"3","show_post_tag":"1","show_prev_next_post":"1","show_popup_post":"1","number_popup_post":"1","show_author_box":"0","show_post_related":"0","show_inline_post_related":"0"}],"override_image_size":"0","image_override":[{"single_post_thumbnail_size":"crop-500","single_post_gallery_size":"crop-500"}],"trending_post":"0","trending_post_position":"meta","trending_post_label":"Trending","sponsored_post":"0","sponsored_post_label":"Sponsored by","sponsored_post_name":"","sponsored_post_url":"","sponsored_post_logo_enable":"0","sponsored_post_logo":"","sponsored_post_desc":"","disable_ad":"0"},"jnews_primary_category":{"id":""},"jnews_social_meta":{"fb_title":"","fb_description":"","fb_image":"","twitter_title":"","twitter_description":"","twitter_image":""},"footnotes":""},"categories":[39],"tags":[],"class_list":["post-398738","post","type-post","status-publish","format-standard","has-post-thumbnail","hentry","category-viajes"],"_links":{"self":[{"href":"https:\/\/dimensionturistica.com\/es\/wp-json\/wp\/v2\/posts\/398738","targetHints":{"allow":["GET"]}}],"collection":[{"href":"https:\/\/dimensionturistica.com\/es\/wp-json\/wp\/v2\/posts"}],"about":[{"href":"https:\/\/dimensionturistica.com\/es\/wp-json\/wp\/v2\/types\/post"}],"author":[{"embeddable":true,"href":"https:\/\/dimensionturistica.com\/es\/wp-json\/wp\/v2\/users\/1"}],"replies":[{"embeddable":true,"href":"https:\/\/dimensionturistica.com\/es\/wp-json\/wp\/v2\/comments?post=398738"}],"version-history":[{"count":0,"href":"https:\/\/dimensionturistica.com\/es\/wp-json\/wp\/v2\/posts\/398738\/revisions"}],"wp:featuredmedia":[{"embeddable":true,"href":"https:\/\/dimensionturistica.com\/es\/wp-json\/wp\/v2\/media\/398744"}],"wp:attachment":[{"href":"https:\/\/dimensionturistica.com\/es\/wp-json\/wp\/v2\/media?parent=398738"}],"wp:term":[{"taxonomy":"category","embeddable":true,"href":"https:\/\/dimensionturistica.com\/es\/wp-json\/wp\/v2\/categories?post=398738"},{"taxonomy":"post_tag","embeddable":true,"href":"https:\/\/dimensionturistica.com\/es\/wp-json\/wp\/v2\/tags?post=398738"}],"curies":[{"name":"wp","href":"https:\/\/api.w.org\/{rel}","templated":true}]}}