{"id":398718,"date":"2022-10-04T12:31:40","date_gmt":"2022-10-04T12:31:40","guid":{"rendered":"https:\/\/dimensionturistica.com\/es\/?p=398718"},"modified":"2022-10-04T12:31:40","modified_gmt":"2022-10-04T12:31:40","slug":"cordoba-presento-su-oferta-turistica-en-la-fit-con-un-show-de-la-mona-cordoba","status":"publish","type":"post","link":"https:\/\/dimensionturistica.com\/es\/cordoba-presento-su-oferta-turistica-en-la-fit-con-un-show-de-la-mona-cordoba\/","title":{"rendered":"C\u00f3rdoba present\u00f3 su oferta tur\u00edstica en la FIT con un show de La Mona &#8211; C\u00f3rdoba"},"content":{"rendered":"<p> <br \/>\n<\/p>\n<div id=\"cuerpo-nota\">\n<p>Del <b>1 al 4 de octubre se llev\u00f3 adelante la\u00a0<\/b><b>26\u00b0 Feria Internacional de Turismo en el predio de La Rural en Buenos Aires<\/b>. En ese contexto, C\u00f3rdoba vivi\u00f3<b> dos exitosas jornadas<\/b> en el <b>evento <\/b>de turismo<b> m\u00e1s importante de Latinoam\u00e9rica<\/b>. En ese marco, la <b>Agencia C\u00f3rdoba Turismo <\/b>present\u00f3 la campa\u00f1a de <b>verano 2023 <\/b>bajo el concepto <b>\u201cEleg\u00ed C\u00f3rdoba y su verano fant\u00e1stico\u201d<\/b>.<\/p>\n<p>De cara a la temporada estival, la cartera provincial de turismo present\u00f3 la <b>Campa\u00f1a de Verano 2023<\/b> en el auditorio del Consejo Federal de Turismo (CFT). Ante <b>operadores, agentes de viaje, gestores tur\u00edsticos p\u00fablicos, privados y medios de prensa de todo el pa\u00eds<\/b>, el presidente y el director de promoci\u00f3n de la Agencia C\u00f3rdoba Turismo, Esteban Avil\u00e9s; el presidente de la C\u00e1mara de Turismo de C\u00f3rdoba, Jos\u00e9 Gonz\u00e1lez; el presidente de la Asociaci\u00f3n Cordobesa de Agentes de Viajes, Jorge Sartori y la titular de FEHGRA R\u00edo Cuarto, Laura Rivero,<b> presentaron la innovadora campa\u00f1a de promoci\u00f3n para el pr\u00f3ximo verano<\/b>.\u00a0<\/p>\n<p><img decoding=\"async\" src=\"https:\/\/www.cadena3.com\/admin\/playerswf\/fotos\/ARCHI_950217.jpg\"\/><\/p>\n<p><b>\u201cEste verano regalate un descanso \u00e9pico, hist\u00f3rico, panor\u00e1mico, gastron\u00f3mico\u201d <\/b>son las palabras que resuenan en la <b>nueva campa\u00f1a<\/b>, invitando al turista a vivir <b>\u201cun verano fant\u00e1stico\u201d <\/b>en C\u00f3rdoba y a disfrutar de sus <b>paisajes<\/b>, de sus <b>fiestas <\/b>y <b>festivales <\/b>y de la amabilidad de su gente. La invitaci\u00f3n tambi\u00e9n es a disfrutar los <b>parques nacionales <\/b>y sorprenderse con sus <b>nuevos productos tur\u00edsticos<\/b> como: <b>Astroturismo, Cicloturismo, Senderismo y Deportes Extremos<\/b>, son algunas de las opciones.<\/p>\n<p>\u201cTenemos<b> productos ic\u00f3nicos<\/b> como el <b>turismo religioso, el turismo cultural, el turismo urbano,<\/b> tenemos una excelente gastronom\u00eda con los <b>Sabores de C\u00f3rdoba<\/b> y un <b>enoturismo<\/b> de primer nivel en nuestros <b>Caminos del Vino<\/b>. Tenemos los m\u00e1s innovadores productos de turismo alternativo en circuitos de<b> cicloturismo, senderismo y turismo rural<\/b>. Tenemos el <b>turismo deportivo<\/b> con una vigencia \u00fanica en el interior del pa\u00eds. Por todo estos productos y atractivos <b>C\u00f3rdoba es protagonista<\/b>, y nuestros equipos t\u00e9cnicos han trabajado muy bien para aprovechar esta feria como un espacio para comunicar la nueva campa\u00f1a de cara al verano\u201d, destac\u00f3 Esteban Avil\u00e9s.\u00a0<\/p>\n<p><img decoding=\"async\" src=\"https:\/\/www.cadena3.com\/admin\/playerswf\/fotos\/ARCHI_950222.jpg\"\/><\/p>\n<p>Paralelamente al stand de la provincia<b>, Villa Carlos Paz se present\u00f3 con un stand propio<\/b> augurando una temporada exitosa tambi\u00e9n para este punto tur\u00edstico.<\/p>\n<p>&#8220;Vamos a tener una temporada muy buena, porque los fines de semana largo vienen muy bien. Ya tenemos n\u00fameros para el fin de semana largo que va a ser con muy buenos \u00edndices de ocupaci\u00f3n. Obviamente la cuesti\u00f3n cambiaria nos ha favorecido a todo el sector&#8221;, dijo a <b>Cadena 3<\/b> Sebasti\u00e1n Boldrini, secretario de Turismo, Deporte y Cultura de Carlos Paz.<\/p>\n<p><span class=\"hide\">\/Inicio C\u00f3digo Embebido\/<\/span><\/p>\n<p><span class=\"hide\">\/Fin C\u00f3digo Embebido\/<\/span><\/p>\n<p>La provincia tambi\u00e9n anunci\u00f3 un acuerdo con San Juan para establecer vuelos semanales con esta provincia.<\/p>\n<p>&#8220;Son vuelos de jueves y domingo a partir de noviembre. Son importantes para profundizar nuestra relaci\u00f3n con la provincia tanto en lo social como en lo econ\u00f3mico&#8221;, dijo a<b> Cadena 3<\/b> Esteban Avil\u00e9s.<\/p>\n<p><b>Algunos momentos destacados<\/b><\/p>\n<p>En la  jornada inaugural hubo de las m\u00e1s <b>variadas actividades en el stand de C\u00f3rdoba<\/b>, donde todos los destinos cordobeses exhiben su oferta tur\u00edstica. Todos los aplausos se los llev\u00f3 la <b>Mona Jim\u00e9nez<\/b>, que se hizo presente para <b>presentar su competition del Bum Bum<\/b> e invitar a todos a visitar C\u00f3rdoba y disfrutarla. Tambi\u00e9n estuvo presente <b>\u201cLa Bicho\u201d, mostrando lo mejor del humor cordob\u00e9s<\/b>.\u00a0<\/p>\n<p>La <b>Fiesta del Cordero Serrano de Tanti <\/b>fue reconocida como <b>Fiesta Nacional<\/b>. La secretaria de promoci\u00f3n tur\u00edstica nacional, y la directora de Fiestas y Festivales de la naci\u00f3n, Fernanda Rodr\u00edguez otorgaron la distinci\u00f3n al <b>intendente de Tanti, Luis Azar<\/b>. Esteban Avil\u00e9s y el equipo de promoci\u00f3n de C\u00f3rdoba participaron de la ceremonia de entrega llevada a cabo en el <b>patio principal <\/b>de La Rural de Palermo.<\/p>\n<p><img decoding=\"async\" src=\"https:\/\/www.cadena3.com\/admin\/playerswf\/fotos\/ARCHI_950223.jpg\"\/><\/p>\n<p>En el<b> escenario principal,<\/b> brillaron las presentaciones de <b>Cosqu\u00edn con el 63\u00b0 Pageant Nacional de Folklore<\/b>,<b> La Falda con la Fiesta Nacional del Alfajor,<\/b> <b>Villa Mar\u00eda con \u201cNi\u00f1o Rey y los Super Campeones\u201d,<\/b> el \u00e1rea <b>Noroeste<\/b> invitando a \u201c<b>Vivir la Experiencia Noroeste\u201d, Traslasierra presentando el Pageant de la Jota Cordobesa y Alta Gracia con su variada grilla de festivales<\/b>.<\/p>\n<p>En la<b> Cocina Present<\/b> deleitaron al p\u00fablico los<b> sabores de C\u00f3rdoba<\/b> con <b>Cura Brochero <\/b>presentando <b>Fiesta del Pastelitero <\/b>m\u00e1s una degustaci\u00f3n de <b>colaciones brocherianas<\/b>. El corredor <b>Noroeste <\/b>present\u00f3 Recetas de <b>productos biodin\u00e1micos y org\u00e1nicos<\/b>. Luego pas\u00f3 <b>R\u00edo Ceballos <\/b>mostrando su <b>\u201cCocina de Autor Serrana\u201d <\/b>con el chef Bruno Gaudo para luego darle lugar a <b>La Falda<\/b> con Silvia Carabajal (patisserie) deleitando al p\u00fablico con una <b>masterclass <\/b>de <b>alfajores y colaciones<\/b>. Seguidamente <b>La Cumbre<\/b> present\u00f3 al chef Santiago Blondel con<b> \u201cAlta cocina de productos de estaci\u00f3n\u201d<\/b>. Finalmente <b>Quilino <\/b>cocin\u00f3 <b>delicias norte\u00f1as <\/b>como antesala del <b>Pageant del Cabrito<\/b>.<\/p>\n<p>En el escenario exterior <b>Jes\u00fas Mar\u00eda anticip\u00f3 lo que se vivir\u00e1 en el Pageant Nacional de Doma y Folklore de Jes\u00fas Mar\u00eda 2023<\/b>.<\/p>\n<p><span class=\"hide\">\/Inicio C\u00f3digo Embebido\/<\/span><iframe src=\"https:\/\/www.google.com\/maps\/embed?pb=!1m18!1m12!1m3!1d3284.963880338096!2d-58.423121385021645!3d-34.579780480465644!2m3!1f0!2f0!3f0!3m2!1i1024!2i768!4f13.1!3m3!1m2!1s0x95bcb59cd6452553%3A0x6b521307d135059a!2sLa%20Rural!5e0!3m2!1sen!2sar!4v1664804455380!5m2!1sen!2sar\" width=\"600\" height=\"450\" allowfullscreen=\"\" loading=\"lazy\" referrerpolicy=\"no-referrer-when-downgrade\"><\/iframe><span class=\"hide\">\/Fin C\u00f3digo Embebido\/<\/span><\/p>\n<\/p><\/div>\n<p><script async defer crossorigin=\"anonymous\" src=\"https:\/\/connect.facebook.net\/es_ES\/sdk.js#xfbml=1&#038;version=v12.0&#038;appId=281903015191988&#038;autoLogAppEvents=1\" nonce=\"dWRy2MHR\"><\/script><br \/>\n<br \/><\/p>\n<p><em> &#8221; Fuentes www.cadena3.com &#8221; <\/em><\/p>\n","protected":false},"excerpt":{"rendered":"<p>Del 1 al 4 de octubre se llev\u00f3 adelante la\u00a026\u00b0 Feria Internacional de Turismo en el predio de La Rural en Buenos Aires. En ese contexto, C\u00f3rdoba vivi\u00f3 dos exitosas jornadas en el evento de turismo m\u00e1s importante de Latinoam\u00e9rica. En ese marco, la Agencia C\u00f3rdoba Turismo present\u00f3 la campa\u00f1a de verano 2023 bajo el [&hellip;]<\/p>\n","protected":false},"author":4,"featured_media":398719,"comment_status":"open","ping_status":"closed","sticky":false,"template":"","format":"standard","meta":{"om_disable_all_campaigns":false,"jnews-multi-image_gallery":[],"jnews_single_post":[],"jnews_primary_category":[],"jnews_social_meta":[],"footnotes":""},"categories":[40],"tags":[557,558,54665,1061,544],"class_list":["post-398718","post","type-post","status-publish","format-standard","has-post-thumbnail","hentry","category-industria","tag-buenos-aires","tag-cordoba","tag-cordoba-fantastica","tag-feria","tag-turismo"],"_links":{"self":[{"href":"https:\/\/dimensionturistica.com\/es\/wp-json\/wp\/v2\/posts\/398718","targetHints":{"allow":["GET"]}}],"collection":[{"href":"https:\/\/dimensionturistica.com\/es\/wp-json\/wp\/v2\/posts"}],"about":[{"href":"https:\/\/dimensionturistica.com\/es\/wp-json\/wp\/v2\/types\/post"}],"author":[{"embeddable":true,"href":"https:\/\/dimensionturistica.com\/es\/wp-json\/wp\/v2\/users\/4"}],"replies":[{"embeddable":true,"href":"https:\/\/dimensionturistica.com\/es\/wp-json\/wp\/v2\/comments?post=398718"}],"version-history":[{"count":0,"href":"https:\/\/dimensionturistica.com\/es\/wp-json\/wp\/v2\/posts\/398718\/revisions"}],"wp:featuredmedia":[{"embeddable":true,"href":"https:\/\/dimensionturistica.com\/es\/wp-json\/wp\/v2\/media\/398719"}],"wp:attachment":[{"href":"https:\/\/dimensionturistica.com\/es\/wp-json\/wp\/v2\/media?parent=398718"}],"wp:term":[{"taxonomy":"category","embeddable":true,"href":"https:\/\/dimensionturistica.com\/es\/wp-json\/wp\/v2\/categories?post=398718"},{"taxonomy":"post_tag","embeddable":true,"href":"https:\/\/dimensionturistica.com\/es\/wp-json\/wp\/v2\/tags?post=398718"}],"curies":[{"name":"wp","href":"https:\/\/api.w.org\/{rel}","templated":true}]}}