{"id":398520,"date":"2022-10-04T06:25:02","date_gmt":"2022-10-04T06:25:02","guid":{"rendered":"https:\/\/dimensionturistica.com\/es\/?p=398520"},"modified":"2022-10-04T06:25:02","modified_gmt":"2022-10-04T06:25:02","slug":"la-congelada-puerta-al-infierno","status":"publish","type":"post","link":"https:\/\/dimensionturistica.com\/es\/la-congelada-puerta-al-infierno\/","title":{"rendered":"La congelada puerta al infierno"},"content":{"rendered":"<p> <br \/>\n<\/p>\n<div>\n<div id=\"involveds\" class=\"involveds wrap\">\n<div class=\"involved-authors only-author\">\n<div class=\"first-author\">\n<figure class=\"thumb col-xs-3\">&#13;<img loading=\"lazy\" decoding=\"async\" src=\"https:\/\/viajes.nationalgeographic.com.es\/medio\/2021\/12\/15\/xell_b48658f1_600x600.png\" alt=\"Xell\" class=\"lazyload\" width=\"600\" height=\"600\" data-aspectratio=\"600\/600\"\/><noscript><img decoding=\"async\" src=\"https:\/\/viajes.nationalgeographic.com.es\/medio\/2021\/12\/15\/xell_b48658f1_600x600.png\" alt=\"Xell\"\/><\/noscript>&#13;<\/figure>\n<\/div>\n<\/div>\n<\/div>\n<p class=\"date\"> <time itemprop=\"dateModified\" datetime=\"2022-10-04T07:00:00+02:00\" data-timestamp=\"1664866800\">&#13;04 de octubre de 2022 \u00b7 07:00<\/time>&#13;<\/p>\n<\/div>\n<div id=\"article-text\">\n<div class=\"txt\">\n<aside class=\"subscription-highlighted\">\n<div class=\"subscription-container\">\n<div class=\"non-subscribed\">\n<p class=\"description\">Somos de rutas, no de rutinas. Descubre Viajes Nationwide Geographic<\/p>\n<p><a rel=\"nofollow noopener\" target=\"_blank\" href=\"https:\/\/tienda.rbarevistas.com\/por-que-viajes-national-geographic.html?rba_source=viajes.nationalgeographic.com.es&amp;rba_medium=referral&amp;rba_campaign=NGMV&amp;rba_content=frase-articulo\" class=\"more-link\">SABER M\u00c1S<\/a><\/div>\n<\/div>\n<\/aside>\n<p style=\"display: none;\"><img decoding=\"async\" id=\"ctl01_ctl00_phMain_phMain_ctl00_ctl02_ctl17_ctl01_imgContent\" src=\"https:\/\/viajes.nationalgeographic.com.es\/medio\/2022\/10\/03\/hekla_8fa43754_800x800.jpg\" alt=\"Hekla\" style=\"border-width:0px;\"\/><\/p>\n<aside class=\"add300x250 publi-interior-top ad-container-r1 ad-inline\"\/>\n<p>El volc\u00e1n Hekla aparece imponente en muchos de los paisajes de las tierras altas del sur de <a rel=\"nofollow noopener\" target=\"_blank\" href=\"https:\/\/viajes.nationalgeographic.com.es\/p\/islandia\">Islandia<\/a>: desde Hjalparfoss, al norte o el impresionante Landmannalaugar, al este. Sus 1.491 metros de altura emergen entre campos de lava, a veces cubiertos de vegetaci\u00f3n y otras de nieve. Ubicado en la regi\u00f3n de Su\u00f0urland, durante la Edad Media se le conoc\u00eda como la puerta del infierno debido a su aspecto y a su actividad volc\u00e1nica, que ha registrado una veintena de erupciones desde el a\u00f1o 874 d.C. La \u00faltima en el mes de febrero del a\u00f1o 2000.<\/p>\n<p>Este estratovolc\u00e1n forma parte de una cadena volc\u00e1nica de 40 kil\u00f3metros de largo, cuya zona m\u00e1s activa se corresponde a los 5,5 km del Heklugj\u00e1, el volc\u00e1n Hekla propiamente dicho. A diferencia de la mayor\u00eda de los estratovolcanes, el Hekla no tiene un \u00fanico cr\u00e1ter, y erupciona a trav\u00e9s de una fisura que transcurre a lo largo de su cresta o &#8220;quilla&#8221;, algo que tambi\u00e9n ocurre en el Callaqui de los Andes chilenos.<\/p>\n<section class=\"related-article-content relacionado\">\n<p class=\"relatedTitle\">Art\u00edculo relacionado<\/p>\n<p><a rel=\"nofollow noopener\" target=\"_blank\" href=\"https:\/\/viajes.nationalgeographic.com.es\/a\/islandia-viaje-a-isla-agua-fuego-y-hielo_18510\" class=\"rel\"><\/p>\n<article class=\"article\">&#13;<\/p>\n<figure class=\"thumb\">&#13;<img decoding=\"async\" src=\"https:\/\/viajes.nationalgeographic.com.es\/medio\/2022\/08\/25\/islandia_b576c51d_1280x720.jpg\" alt=\"Islandia\" class=\"imagenRelacionado lazyload\"\/><noscript><img decoding=\"async\" src=\"https:\/\/viajes.nationalgeographic.com.es\/medio\/2022\/08\/25\/islandia_b576c51d_1280x720.jpg\" alt=\"Islandia\"\/><\/noscript>&#13;<\/figure>\n<p>&#13;<\/p>\n<div class=\"relacionadoTxt\">\n<p>&#13;<\/p>\n<h4 class=\"supertitle\">&#13;\u00a1Naturaleza en estado puro!<\/h4>\n<h4 class=\"title\">&#13;Islandia: viaje a la isla del agua, el fuego y el hielo<\/h4>\n<p>&#13;<\/p>\n<\/div>\n<\/article>\n<p><\/a><\/section>\n<p>Una de las formas de disfrutar del Hekla es desde Landmannalaugar, uno de los paisajes m\u00e1s espectaculares de Islandia al que se accede por una pista de 100 km con vistas al volc\u00e1n Hekla desde la ciudad de Hella. En invierno, el blanco lo ti\u00f1e todo, mientras que cuando empieza a deshelarse, las monta\u00f1as de riolita sacan a relucir su gama de ocres.<\/p>\n<aside class=\"add300x600 publi-interior-bot ad-inline ad-container-r2\"\/><\/div>\n<p><!-- START: tags-rel  --><!-- END: tags-rel   --><br \/>\n<!-- START:toolbar --><!-- END:toolbar --><\/div>\n\n<p><em> &#8221; Fuentes viajes.nationalgeographic.com.es &#8221; <\/em><\/p>\n","protected":false},"excerpt":{"rendered":"<p>&#13;&#13; &#13;04 de octubre de 2022 \u00b7 07:00&#13; Somos de rutas, no de rutinas. Descubre Viajes Nationwide Geographic SABER M\u00c1S El volc\u00e1n Hekla aparece imponente en muchos de los paisajes de las tierras altas del sur de Islandia: desde Hjalparfoss, al norte o el impresionante Landmannalaugar, al este. Sus 1.491 metros de altura emergen entre [&hellip;]<\/p>\n","protected":false},"author":4,"featured_media":358657,"comment_status":"open","ping_status":"closed","sticky":false,"template":"","format":"standard","meta":{"om_disable_all_campaigns":false,"jnews-multi-image_gallery":[],"jnews_single_post":[],"jnews_primary_category":[],"jnews_social_meta":[],"footnotes":""},"categories":[39],"tags":[47258,47257],"class_list":["post-398520","post","type-post","status-publish","format-standard","has-post-thumbnail","hentry","category-viajes","tag-cargado-desde-el-fichero-de-recursos","tag-keywords-por-defecto"],"_links":{"self":[{"href":"https:\/\/dimensionturistica.com\/es\/wp-json\/wp\/v2\/posts\/398520","targetHints":{"allow":["GET"]}}],"collection":[{"href":"https:\/\/dimensionturistica.com\/es\/wp-json\/wp\/v2\/posts"}],"about":[{"href":"https:\/\/dimensionturistica.com\/es\/wp-json\/wp\/v2\/types\/post"}],"author":[{"embeddable":true,"href":"https:\/\/dimensionturistica.com\/es\/wp-json\/wp\/v2\/users\/4"}],"replies":[{"embeddable":true,"href":"https:\/\/dimensionturistica.com\/es\/wp-json\/wp\/v2\/comments?post=398520"}],"version-history":[{"count":0,"href":"https:\/\/dimensionturistica.com\/es\/wp-json\/wp\/v2\/posts\/398520\/revisions"}],"wp:featuredmedia":[{"embeddable":true,"href":"https:\/\/dimensionturistica.com\/es\/wp-json\/wp\/v2\/media\/358657"}],"wp:attachment":[{"href":"https:\/\/dimensionturistica.com\/es\/wp-json\/wp\/v2\/media?parent=398520"}],"wp:term":[{"taxonomy":"category","embeddable":true,"href":"https:\/\/dimensionturistica.com\/es\/wp-json\/wp\/v2\/categories?post=398520"},{"taxonomy":"post_tag","embeddable":true,"href":"https:\/\/dimensionturistica.com\/es\/wp-json\/wp\/v2\/tags?post=398520"}],"curies":[{"name":"wp","href":"https:\/\/api.w.org\/{rel}","templated":true}]}}