{"id":398509,"date":"2022-10-04T05:31:43","date_gmt":"2022-10-04T05:31:43","guid":{"rendered":"https:\/\/dimensionturistica.com\/es\/?p=398509"},"modified":"2022-10-04T05:31:43","modified_gmt":"2022-10-04T05:31:43","slug":"asi-afecta-una-situacion-concreta-a-las-relaciones-personales","status":"publish","type":"post","link":"https:\/\/dimensionturistica.com\/es\/asi-afecta-una-situacion-concreta-a-las-relaciones-personales\/","title":{"rendered":"as\u00ed afecta una situaci\u00f3n concreta a las relaciones personales"},"content":{"rendered":"<p> <br \/>\n<\/p>\n<div>\n<p class=\"paragraph \" id=\"m97-96-98\">Ciertos<strong> miedos <\/strong>pueden volverse omnipresentes en nuestra vida, afectando seriamente a nuestras experiencias e incluso a nuestras relaciones con quienes tenemos alrededor.\u00a0<\/p>\n<p class=\"paragraph \" id=\"m102-101-103\">A ello se refiere la &#8220;exf\u00f3bica a volar&#8221; y coach profesional Silvia Carr\u00e9 en su libro <em><a rel=\"nofollow noopener\" target=\"_blank\" href=\"https:\/\/es.bookshop.org\/books\/vuela-9788448029845\/9788448029845\">Vuela &#8211; Pilota tu propia vida<\/a>. <\/em>En dicho texto, la experta tambi\u00e9n narra que ella pas\u00f3 de tener un <strong>miedo incapacitante a volar<\/strong> a ser piloto privada de avi\u00f3n.<\/p>\n<h2 id=\"m107-106-108\">&#8220;El miedo arrastra a todo un sistema&#8221;<\/h2>\n<p class=\"paragraph \" id=\"m112-111-113\">As\u00ed, Carr\u00e9 habla del &#8220;efecto expansivo del miedo&#8221;: &#8220;El miedo limitante <strong>suele tener un efecto expansivo<\/strong> que se va ampliando [&#8230;]. Lo primero que queda afectado por el miedo es la situaci\u00f3n espec\u00edfica que tienes delante. Un viaje, una conferencia, una decisi\u00f3n personal, un cambio laboral&#8230; Seg\u00fan el bucle en el que entres, o no lo vas a disfrutar o directamente, si la evitas o huyes, no la vas a vivir&#8221;.<\/p>\n<article class=\"media media-integrated \" id=\"m117-116-118\">\n<div>\n<figure class=\"figure-100\">\n            <a rel=\"nofollow noopener\" target=\"_blank\" href=\"https:\/\/www.20minutos.es\/salud\/medicina\/bucle-del-escape-circulo-vicioso-miedo-tomar-decisiones-5063822\/\"><br \/>\n                <span class=\"accessTypeIcon withImage\"><em class=\"member boxIcon\"\/><\/span><br \/>\n                <img decoding=\"async\" loading=\"lazy\" width=\"656\" height=\"370\" alt=\"Seg\u00fan el \u00faltimo informe de Unicef, la ansiedad y la depresi\u00f3n son las dolencias mentales m\u00e1s .comunes entre los adolescentes europeos\" src=\"https:\/\/imagenes.20minutos.es\/files\/image_656_370\/files\/fp\/uploads\/imagenes\/2022\/02\/09\/adolescentes-salud-mental.r_d.927-287.jpeg\" data-full-src=\"https:\/\/www.20minutos.es\/uploads\/imagenes\/2022\/02\/09\/adolescentes-salud-mental.jpeg\"\/><br \/>\n            <\/a><br \/>\n        <\/figure>\n<\/p><\/div>\n<\/article>\n<p class=\"paragraph \" id=\"m152-151-153\">Y prosigue: &#8220;En mi otra vida, cog\u00ed unos cuantos vuelos, a pesar de mi miedo a volar. No los disfrutaba, pero es que adem\u00e1s, cuando llegaba al destino <strong>pensaba insistentemente en la vuelta<\/strong>. Por lo que la vivencia de la nueva experiencia se ve\u00eda empa\u00f1ada por esta visi\u00f3n futura, que yo imaginaba como algo infernal.<\/p>\n<p class=\"paragraph \" id=\"m157-156-158\">A continuaci\u00f3n, desarrolla, los efectos de ese mismo miedo se extienden a otras situaciones semejantes a la que lo desencadena: &#8220;Lo segundo que queda afectado es <strong>la relaci\u00f3n con otras experiencias<\/strong> o con situaciones similares a la vivida. Otros vuelos, otras presentaciones en p\u00fablico, otras decisiones similares que requieran que me ponga ante una persona y comunique lo que quiero para m\u00ed&#8230;&#8221;<\/p>\n<p class=\"paragraph \" id=\"m162-161-163\">&#8220;Yo, para protegerme, <strong>acab\u00e9 diciendo que no a otros vuelos<\/strong>, a otros destinos y a otras situaciones: viajes en familia, viajes con amigos, viajes de trabajo&#8230; Los imaginaba como una experiencia desagradable y no quer\u00eda revivir lo mismo&#8221;, a\u00f1ade.<\/p>\n<article class=\"media media-integrated \" id=\"m167-166-168\">\n<div>\n<figure class=\"figure-100\">\n            <a rel=\"nofollow noopener\" target=\"_blank\" href=\"https:\/\/www.20minutos.es\/salud\/que-es-el-ikigai-secreto-japones-para-ser-feliz-5059864\/\"><br \/>\n                <span class=\"accessTypeIcon withImage\"><em class=\"member boxIcon\"\/><\/span><br \/>\n                <img decoding=\"async\" loading=\"lazy\" width=\"656\" height=\"370\" alt=\"El objetivo de un viaje es que sea lo m\u00e1s parecido a la felicidad.\" src=\"https:\/\/imagenes.20minutos.es\/files\/image_656_370\/uploads\/imagenes\/2022\/07\/18\/istock-1168484595.jpeg\" data-full-src=\"https:\/\/www.20minutos.es\/uploads\/imagenes\/2022\/07\/18\/istock-1168484595.jpeg\"\/><br \/>\n            <\/a><br \/>\n        <\/figure>\n<\/p><\/div>\n<\/article>\n<p class=\"paragraph \" id=\"m201-200-202\">Esto, como es l\u00f3gico, termina por repercutir en aquellas personas <strong>implicadas en estas situaciones<\/strong>: &#8220;Lo tercero que queda afectado son las relaciones con el entorno: amigos, familia, pareja. Surgen momentos de tensi\u00f3n que pueden desembocar en aut\u00e9nticas crisis, a no ser que la otra parte renuncie o ceda (que muchas veces es lo que acaba pasando). As\u00ed pues, el miedo arrastra a todo un sistema que sufre las consecuencias m\u00e1s all\u00e1 de la persona en s\u00ed&#8221;.<\/p>\n<p class=\"paragraph \" id=\"m206-205-207\">Carr\u00e9 lo ejemplifica de esta manera: &#8220;Hablando del miedo a volar, recuerdo algunas parejas a las que he acompa\u00f1ado que ten\u00edan un viaje de ensue\u00f1o contratado. En uno de los casos, uno de los miembros se qued\u00f3 y el otro se fue de viaje durante tres semanas. En el segundo caso, acabaron cambiando el viaje a Costa Rica por un viaje al sur de Francia en coche. Ambos casos conllevaron <strong>efectos colaterales <\/strong>en la pareja hasta que, tiempo despu\u00e9s, los miembros con miedo a volar decidieron dar el paso para superar su temor. Esta misma situaci\u00f3n la he visto con viajes de familia irrepetibles para celebrar fechas especiales. Y en viajes de negocios, donde una persona del equipo arrastra a todo un departamento a un pesado viaje de largas horas en tren&#8221;.<\/p>\n<h2 id=\"m211-210-212\">&#8220;Deja su marca en el fondo&#8221;<\/h2>\n<p class=\"paragraph \" id=\"m216-215-217\">El \u00faltimo paso, argumenta la <em>coach, <\/em>es el m\u00e1s duradero para nosotros: &#8220;M\u00e1s all\u00e1 de las ondas en el agua, que es lo m\u00e1s visible a simple vista, la piedrecilla va siguiendo, invisible, su recorrido. Y cae hasta depositarse en tierra arenosa, donde <strong>deja su marca en el fondo&#8221;.<\/strong><\/p>\n<article class=\"media media-integrated \" id=\"m221-220-222\">\n<div>\n<figure class=\"figure-100\">\n            <a rel=\"nofollow noopener\" target=\"_blank\" href=\"https:\/\/www.20minutos.es\/salud\/motivo-psicologico-permanecer-encadenado-amor-no-correspondido-5064773\/\"><br \/>\n                <span class=\"accessTypeIcon withImage\"><em class=\"member boxIcon\"\/><\/span><br \/>\n                <img decoding=\"async\" loading=\"lazy\" width=\"656\" height=\"370\" alt=\"No son relaciones de iguales sino basadas en la dicotom\u00eda perdedor-ganador o dominaci\u00f3n-sumisi\u00f3n.\" src=\"https:\/\/imagenes.20minutos.es\/files\/image_656_370\/uploads\/imagenes\/2022\/04\/05\/relacion-toxica.jpeg\" data-full-src=\"https:\/\/www.20minutos.es\/uploads\/imagenes\/2022\/04\/05\/relacion-toxica.jpeg\"\/><br \/>\n            <\/a><br \/>\n        <\/figure>\n<\/p><\/div>\n<\/article>\n<p class=\"paragraph \" id=\"m255-254-256\">&#8220;La piedra deja un impacto en el interior de uno mismo. En la esencia. Un impacto que no siempre queremos ver, pero que est\u00e1 ah\u00ed, dejando marca. Traduci\u00e9ndose en falta de confianza, falta de seguridad, baja autoestima&#8230; La piedra tendr\u00e1 su impacto en aquellas fortalezas que tenemos en otros \u00e1mbitos, pero que aqu\u00ed, frente al miedo, sentimos que no nos sirven. Y esta marca acabar\u00e1 afectando a los planes de vida, a los prop\u00f3sitos, har\u00e1 tambalear los valores m\u00e1s profundos y abrir\u00e1 un abismo entre lo que realmente quiero y <strong>lo que creo que no puedo hacer&#8221;<\/strong>, finaliza.<\/p>\n<h2 id=\"m260-259-261\">Referencia<\/h2>\n<p class=\"paragraph \" id=\"m265-264-266\">Silvia Carr\u00e9. <a rel=\"nofollow noopener\" target=\"_blank\" href=\"https:\/\/es.bookshop.org\/books\/vuela-9788448029845\/9788448029845\"><em>Vuela<\/em><\/a>. Planeta (2022), ISBN: 978-84-480-2984-5.<\/p>\n<\/div>\n\n<p><em> &#8221; Fuentes www.20minutos.es &#8221; <\/em><\/p>\n","protected":false},"excerpt":{"rendered":"<p>Ciertos miedos pueden volverse omnipresentes en nuestra vida, afectando seriamente a nuestras experiencias e incluso a nuestras relaciones con quienes tenemos alrededor.\u00a0 A ello se refiere la &#8220;exf\u00f3bica a volar&#8221; y coach profesional Silvia Carr\u00e9 en su libro Vuela &#8211; Pilota tu propia vida. En dicho texto, la experta tambi\u00e9n narra que ella pas\u00f3 de [&hellip;]<\/p>\n","protected":false},"author":4,"featured_media":398510,"comment_status":"open","ping_status":"closed","sticky":false,"template":"","format":"standard","meta":{"om_disable_all_campaigns":false,"jnews-multi-image_gallery":[],"jnews_single_post":[],"jnews_primary_category":[],"jnews_social_meta":[],"footnotes":""},"categories":[39],"tags":[3315,11503,649,545],"class_list":["post-398509","post","type-post","status-publish","format-standard","has-post-thumbnail","hentry","category-viajes","tag-medicina","tag-miedo","tag-salud","tag-viajes"],"_links":{"self":[{"href":"https:\/\/dimensionturistica.com\/es\/wp-json\/wp\/v2\/posts\/398509","targetHints":{"allow":["GET"]}}],"collection":[{"href":"https:\/\/dimensionturistica.com\/es\/wp-json\/wp\/v2\/posts"}],"about":[{"href":"https:\/\/dimensionturistica.com\/es\/wp-json\/wp\/v2\/types\/post"}],"author":[{"embeddable":true,"href":"https:\/\/dimensionturistica.com\/es\/wp-json\/wp\/v2\/users\/4"}],"replies":[{"embeddable":true,"href":"https:\/\/dimensionturistica.com\/es\/wp-json\/wp\/v2\/comments?post=398509"}],"version-history":[{"count":0,"href":"https:\/\/dimensionturistica.com\/es\/wp-json\/wp\/v2\/posts\/398509\/revisions"}],"wp:featuredmedia":[{"embeddable":true,"href":"https:\/\/dimensionturistica.com\/es\/wp-json\/wp\/v2\/media\/398510"}],"wp:attachment":[{"href":"https:\/\/dimensionturistica.com\/es\/wp-json\/wp\/v2\/media?parent=398509"}],"wp:term":[{"taxonomy":"category","embeddable":true,"href":"https:\/\/dimensionturistica.com\/es\/wp-json\/wp\/v2\/categories?post=398509"},{"taxonomy":"post_tag","embeddable":true,"href":"https:\/\/dimensionturistica.com\/es\/wp-json\/wp\/v2\/tags?post=398509"}],"curies":[{"name":"wp","href":"https:\/\/api.w.org\/{rel}","templated":true}]}}