{"id":398249,"date":"2022-10-03T21:01:41","date_gmt":"2022-10-03T21:01:41","guid":{"rendered":"https:\/\/dimensionturistica.com\/es\/?p=398249"},"modified":"2022-10-03T21:01:41","modified_gmt":"2022-10-03T21:01:41","slug":"crear-alianzas-y-fomentar-los-viajes-objetivos-de-cuba-en-26-feria-internacional-de-turismo-de-america-latina","status":"publish","type":"post","link":"https:\/\/dimensionturistica.com\/es\/crear-alianzas-y-fomentar-los-viajes-objetivos-de-cuba-en-26-feria-internacional-de-turismo-de-america-latina\/","title":{"rendered":"Crear alianzas y fomentar los viajes, objetivos de Cuba en 26 Feria Internacional de Turismo de Am\u00e9rica Latina"},"content":{"rendered":"<p> <br \/>\n<\/p>\n<div property=\"schema:text\">\n<p><span><span><span>Intensa ha sido la participaci\u00f3n de Cuba en la <strong>26 Feria Internacional de Turismo de Am\u00e9rica Latina<\/strong>, que tiene por sede hasta este martes a la capital de Buenos Aires, Argentina.<\/span><\/span><\/span><\/p>\n<p><span><span><span>De acuerdo con la directora comercial del Ministerio de Turismo de Cuba, Gihana Galindo, ese evento y una caravana realizada la pasada semana por C\u00f3rdoba, Mendoza, Rosario y Buenos Aires permiten crear alianzas, definir estrategias de trabajo y fomentar la emisi\u00f3n de turistas argentinos a la isla.<\/span><\/span><\/span><\/p>\n<p><span><span><span>Trabajamos para consolidar la operaci\u00f3n con Aerol\u00edneas Argentinas iniciada en julio entre esta ciudad y La Habana, en especial, durante el invierno 2022-2023. Participan en la FIT representantes de grupos hoteleros como Blue Diamond, Meli\u00e1, Iberostar, NH y Muthu, as\u00ed como los receptivos Cubatur, Cubanac\u00e1n y Havanatur, afirm\u00f3 Galindo.<\/span><\/span><\/span><\/p>\n<p><span><span><span>La directiva detall\u00f3 que la delegaci\u00f3n cubana sostendr\u00eda un encuentro con operadores de Aerol\u00edneas Vacaciones para incrementar la ocupaci\u00f3n de los tres vuelos semanales entre ambos pa\u00edses y diversificar las rutas.<\/span><\/span><\/span><\/p>\n<p><span><span><span>Tenemos intenciones de abrir nuevas frecuencias a Cayo Coco y Cayo Largo, por ejemplo. En 2017, Cuba recibi\u00f3 99 mil visitantes de Argentina. Trabajamos para superar esa cifra y cumplir las expectativas de nuestros clientes, asegur\u00f3.<\/span><\/span><\/span><\/p>\n<p><span><span><span>Por su parte el director de Havanatur Argentina, Eduardo Su\u00e1rez, dijo que fue presentada a los operadores de viajes y dem\u00e1s empresas una actualizaci\u00f3n del producto tur\u00edstico cubano y de todas las mejoras realizadas en la isla en cuanto a hoteler\u00eda, servicios y transportaci\u00f3n. Ello contribuye a que el mercado argentino conozca de primera mano la informaci\u00f3n y la transmita a sus clientes, afirm\u00f3.<\/span><\/span><\/span><\/p>\n<p><span><span><span>Su\u00e1rez consider\u00f3 que el acercamiento a las agencias representadas en Argentina es muy necesario, sobre todo, en el marco de la Feria.<\/span><\/span><\/span><\/p>\n<p><span><span><span>Esta edici\u00f3n ser\u00e1 superior a la de 2021. Aquella fue la primera realizada tras la pandemia de la Covid-19, pero todav\u00eda no exist\u00eda la reactivaci\u00f3n necesaria del mercado, consider\u00f3, seg\u00fan PL.<\/span><\/span><\/span><\/p>\n<p><span><span><span>En estos momentos se encauzan mejor las proyecciones a futuro y analizamos nuevas estrategias y conectividades para poder acercar turistas a Cuba que es la raz\u00f3n elementary de Havanatur Argentina, a\u00f1adi\u00f3.<\/span><\/span><\/span><\/p>\n<p><span><span><span>Para la ejecutiva de ventas del Grupo Hotelero Cubanac\u00e1n, Yelinet Vacarcel, formar parte de las acciones de promoci\u00f3n impulsadas por Havanatur y la Oficina de Turismo de nuestro pa\u00eds en Argentina tiene gran importancia. Esas iniciativas nos permiten mostrar todas las bondades que tiene Cuba como destino, en especial, para Sudam\u00e9rica, se\u00f1al\u00f3.<\/span><\/span><\/span><\/p>\n<p><span><span><span>Nuestra naci\u00f3n es \u00fanica y Cubanac\u00e1n contribuye a reforzar esa afirmaci\u00f3n con 117 hoteles distribuidos a lo largo y ancho del pa\u00eds, lo cual nos convierte en una opci\u00f3n best para la realizaci\u00f3n de circuitos combinados, afirm\u00f3.<\/span><\/span><\/span><\/p>\n<p><span><span><span>Con nosotros, los viajeros pueden desarrollar cualquier modalidad: sol y playa, naturaleza y turismo de negocios, por ejemplo, a\u00f1adi\u00f3.<\/span><\/span><\/span><\/p>\n<p><span><span><span>La FIT nos ayuda a afianzar las negociaciones realizadas en otros eventos y durante la caravana por cuatro ciudades argentinas. Hasta ahora, la acogida es incre\u00edble porque la etapa de la pandemia de Covid-19 congel\u00f3 todo y el mercado est\u00e1 \u00e1vido de conocer Cuba, asegur\u00f3.<\/span><\/span><\/span><\/p>\n<p><span><span><span>Nuestras playas se encuentran listas, libres de sargazo, con whole transparencia, aguas cristalinas con un azul incre\u00edble y muy c\u00e1lidas. Tenemos la operaci\u00f3n de Aerol\u00edneas Argentinas con tres frecuencias semanales. Las condiciones est\u00e1n dadas para que los visitantes puedan conocer a una Cuba \u00danica, concluy\u00f3.<\/span><\/span><\/span><\/p>\n<p><span><span><span>La FIT se extender\u00e1 hasta el martes y cuenta con la participaci\u00f3n de representantes de m\u00e1s de 40 pa\u00edses.<\/span><\/span><\/span><\/p>\n<p><span><span><span>El presidente de la cita, Gustavo Hani, indic\u00f3 que la Feria permite resaltar al turismo como generador de empleos genuinos e impulsor de la econom\u00eda nacional y regional.<\/span><\/span><\/span><\/p>\n<p><span><span><span>Por su parte, el ministro del sector, Mat\u00edas Lammens, destac\u00f3 la labor realizada para lograr una recuperaci\u00f3n tras la pandemia de la Covid-19, la cual trajo consigo grandes afectaciones.<\/span><\/span><\/span><\/p>\n<p><span><span><span>Los n\u00fameros est\u00e1n a la vista y nos hablan de una temporada r\u00e9cord de crecimiento, apunt\u00f3.<\/span><\/span><\/span><\/p>\n<\/div>\n\n<p><em> &#8221; Fuentes www.excelenciascuba.com &#8221; <\/em><\/p>\n","protected":false},"excerpt":{"rendered":"<p>Intensa ha sido la participaci\u00f3n de Cuba en la 26 Feria Internacional de Turismo de Am\u00e9rica Latina, que tiene por sede hasta este martes a la capital de Buenos Aires, Argentina. De acuerdo con la directora comercial del Ministerio de Turismo de Cuba, Gihana Galindo, ese evento y una caravana realizada la pasada semana por [&hellip;]<\/p>\n","protected":false},"author":4,"featured_media":0,"comment_status":"open","ping_status":"closed","sticky":false,"template":"","format":"standard","meta":{"om_disable_all_campaigns":false,"jnews-multi-image_gallery":[],"jnews_single_post":[],"jnews_primary_category":[],"jnews_social_meta":[],"footnotes":""},"categories":[39],"tags":[768,956,1061,705,544],"class_list":["post-398249","post","type-post","status-publish","format-standard","hentry","category-viajes","tag-argentina","tag-cuba","tag-feria","tag-noticias","tag-turismo"],"_links":{"self":[{"href":"https:\/\/dimensionturistica.com\/es\/wp-json\/wp\/v2\/posts\/398249","targetHints":{"allow":["GET"]}}],"collection":[{"href":"https:\/\/dimensionturistica.com\/es\/wp-json\/wp\/v2\/posts"}],"about":[{"href":"https:\/\/dimensionturistica.com\/es\/wp-json\/wp\/v2\/types\/post"}],"author":[{"embeddable":true,"href":"https:\/\/dimensionturistica.com\/es\/wp-json\/wp\/v2\/users\/4"}],"replies":[{"embeddable":true,"href":"https:\/\/dimensionturistica.com\/es\/wp-json\/wp\/v2\/comments?post=398249"}],"version-history":[{"count":0,"href":"https:\/\/dimensionturistica.com\/es\/wp-json\/wp\/v2\/posts\/398249\/revisions"}],"wp:attachment":[{"href":"https:\/\/dimensionturistica.com\/es\/wp-json\/wp\/v2\/media?parent=398249"}],"wp:term":[{"taxonomy":"category","embeddable":true,"href":"https:\/\/dimensionturistica.com\/es\/wp-json\/wp\/v2\/categories?post=398249"},{"taxonomy":"post_tag","embeddable":true,"href":"https:\/\/dimensionturistica.com\/es\/wp-json\/wp\/v2\/tags?post=398249"}],"curies":[{"name":"wp","href":"https:\/\/api.w.org\/{rel}","templated":true}]}}