{"id":398238,"date":"2022-10-03T21:44:48","date_gmt":"2022-10-03T21:44:48","guid":{"rendered":"https:\/\/dimensionturistica.com\/es\/?p=398238"},"modified":"2022-10-03T21:44:48","modified_gmt":"2022-10-03T21:44:48","slug":"grandes-espectaculos-imperdibles-se-veran-en-las-fiestas-de-octubre-2022","status":"publish","type":"post","link":"https:\/\/dimensionturistica.com\/es\/grandes-espectaculos-imperdibles-se-veran-en-las-fiestas-de-octubre-2022\/","title":{"rendered":"Grandes espect\u00e1culos imperdibles se ver\u00e1n en Las Fiestas de Octubre 2022"},"content":{"rendered":"<p>La Oficina de Visitantes y Convenciones de Guadalajara te invita a conocer este magno evento, que reunir\u00e1 m\u00e1s 75 artistas en vivo durante los 34 d\u00edas del evento y te presenta los espect\u00e1culos<img decoding=\"async\" class=\"size-medium wp-image-398275 alignright\" src=\"https:\/\/dimensionturistica.com\/es\/wp-content\/uploads\/2022\/10\/Foto-Facebook-Fiestas-de-Octubre-300x200.jpg\" alt=\"\" width=\"300\" height=\"200\" srcset=\"https:\/\/dimensionturistica.com\/es\/wp-content\/uploads\/2022\/10\/Foto-Facebook-Fiestas-de-Octubre-300x200.jpg 300w, https:\/\/dimensionturistica.com\/es\/wp-content\/uploads\/2022\/10\/Foto-Facebook-Fiestas-de-Octubre-1024x683.jpg 1024w, https:\/\/dimensionturistica.com\/es\/wp-content\/uploads\/2022\/10\/Foto-Facebook-Fiestas-de-Octubre-768x512.jpg 768w, https:\/\/dimensionturistica.com\/es\/wp-content\/uploads\/2022\/10\/Foto-Facebook-Fiestas-de-Octubre-1536x1024.jpg 1536w, https:\/\/dimensionturistica.com\/es\/wp-content\/uploads\/2022\/10\/Foto-Facebook-Fiestas-de-Octubre-750x500.jpg 750w, https:\/\/dimensionturistica.com\/es\/wp-content\/uploads\/2022\/10\/Foto-Facebook-Fiestas-de-Octubre-1140x760.jpg 1140w, https:\/\/dimensionturistica.com\/es\/wp-content\/uploads\/2022\/10\/Foto-Facebook-Fiestas-de-Octubre.jpg 2048w\" sizes=\"(max-width: 300px) 100vw, 300px\" \/> imperdibles de su m\u00e1s reciente edici\u00f3n en el Auditorio Benito Ju\u00e1rez.<br \/>\nPrimer d\u00eda de entrada gratuita<br \/>\nEl pr\u00f3ximo viernes 30 de septiembre, las Fiestas de Octubre inauguran por todo lo alto, d\u00eda en el que inicia el evento, la entrada ser\u00e1 gratuita. Por lo que es la oportunidad perfecta para conocer el evento y disfrutar de los espect\u00e1culos.<br \/>\nPalenques<br \/>\nLos tradicionales palenques estar\u00e1n de vuelta con los mejores espect\u00e1culos. Inaugurando el palenque el 30 de septiembre y 1 de octubre estar\u00e1 Christian Nodal, que tambi\u00e9n se presentar\u00e1 4 y 5; 2 de octubre, est\u00e1n tambi\u00e9n Chuy Liz\u00e1rraga, Banda MS; Remmy Valenzuela; Carlos Rivera, Juli\u00f3n \u00c1lvarez, Edith M\u00e1rquez, Alejandro Fern\u00e1ndez, Gloria Trevi, Pepe Aguilar, los Tucanes de Tijuana, por mencionar algunos.<br \/>\nM\u00fasica para todos los p\u00fablicos<br \/>\nDurante las Fiestas de Octubre, habr\u00e1 espect\u00e1culos para todos los que aman la m\u00fasica grupera, desde Mi Banda El Mexicano de Casimiro Zamudio, Lupillo Rivera, Intocable, Los Cadetes de Linares, Ram\u00f3n Ayala, Chuyin Barajas, Venados de Nayarit, entre otros.<br \/>\nLos ritmos latinos estar\u00e1n a cargo de la Sonora Dinamita, La Sonora Santanera, Sonora Mermelada, Sonora Melosa, Sonora Tropicana, Los Fumancheros, Grupo Farra, Los Hijos de Mike Laure, Los 6 de la Cumbia, o Los \u00c1ngeles Azules para hacernos bailar y vibrar.<br \/>\nEl regional mexicano, estar\u00e1 representado por \u00c1ngela Aguilar y por el Mariachi Vargas de Tecalitl\u00e1n, considerado el mejor Mariachi de M\u00e9xico y cuya presentaci\u00f3n se da en el marco de<img decoding=\"async\" class=\"size-medium wp-image-398280 alignright\" src=\"https:\/\/dimensionturistica.com\/es\/wp-content\/uploads\/2022\/10\/unnamed-2-300x200.jpg\" alt=\"\" width=\"300\" height=\"200\" srcset=\"https:\/\/dimensionturistica.com\/es\/wp-content\/uploads\/2022\/10\/unnamed-2-300x200.jpg 300w, https:\/\/dimensionturistica.com\/es\/wp-content\/uploads\/2022\/10\/unnamed-2-1024x683.jpg 1024w, https:\/\/dimensionturistica.com\/es\/wp-content\/uploads\/2022\/10\/unnamed-2-768x512.jpg 768w, https:\/\/dimensionturistica.com\/es\/wp-content\/uploads\/2022\/10\/unnamed-2-1536x1024.jpg 1536w, https:\/\/dimensionturistica.com\/es\/wp-content\/uploads\/2022\/10\/unnamed-2-2048x1365.jpg 2048w, https:\/\/dimensionturistica.com\/es\/wp-content\/uploads\/2022\/10\/unnamed-2-750x500.jpg 750w, https:\/\/dimensionturistica.com\/es\/wp-content\/uploads\/2022\/10\/unnamed-2-1140x760.jpg 1140w\" sizes=\"(max-width: 300px) 100vw, 300px\" \/> su 125 aniversario.<br \/>\nLos momentos de cantar y ponerse rom\u00e1ntico con canciones de pop y balada estar\u00e1n con Belinda, Jesse &amp; Joy, Mar\u00eda Jos\u00e9, JNS, La Onda Vaselina, Pablo Ruiz, Fandango, Ragazzi, Cox, Pablo Portillo, Xava Drago o Pat\u00e9 de Fu\u00e1. Por otra parte, tendremos un poco de rock y rock pop con, Juanes, Aterciopelados, Fobia, y g\u00e9neros urbanos como trap y reggaet\u00f3n con Alem\u00e1n, C-Kan, Guaynaa y Chencho Corleone.<br \/>\nAtracciones del Festival<br \/>\nPara aderezar los espect\u00e1culos musicales, Las Fiestas de Octubre tendr\u00e1n juegos mec\u00e1nicos para que toda la familia disfrute el evento, una Mansi\u00f3n del Terror, zona gastron\u00f3mica y comercial, La Canica Azul, con sus 7 salas tem\u00e1ticas; Flow, espect\u00e1culo inmersivo y F\u00e1brica de Colores.<br \/>\nEl acceso a las butacas del Foro Principal para ver a los artistas en vivo est\u00e1 incluido en el boleto de ingreso al Auditorio Benito Ju\u00e1rez. Tendr\u00e1n alrededor de 6 mil asientos gratuitos para que los asistentes disfruten al m\u00e1ximo.<br \/>\nCabe se\u00f1alar que, en el Foro Principal, tambi\u00e9n hay la opci\u00f3n de adquirir boletos para lugares numerados ubicados en el \u00e1rea de ruedo. Para las zonas VIP, Preferente y Plata, los precios van desde los 100 pesos hasta los mil 750 pesos, seg\u00fan el espect\u00e1culo.<br \/>\nConsulta la cartelera completa en: https:\/\/fiestasdeoctubre.com.mx\/<\/p>\n<p>&nbsp;<\/p>\n","protected":false},"excerpt":{"rendered":"<p>La Oficina de Visitantes y Convenciones de Guadalajara te invita a conocer este magno evento, que reunir\u00e1 m\u00e1s 75 artistas en vivo durante los 34 d\u00edas del evento y te presenta los espect\u00e1culos imperdibles de su m\u00e1s reciente edici\u00f3n en el Auditorio Benito Ju\u00e1rez. Primer d\u00eda de entrada gratuita El pr\u00f3ximo viernes 30 de septiembre, [&hellip;]<\/p>\n","protected":false},"author":1,"featured_media":398276,"comment_status":"open","ping_status":"closed","sticky":false,"template":"","format":"standard","meta":{"om_disable_all_campaigns":false,"jnews-multi-image_gallery":[],"jnews_single_post":{"source_name":"","source_url":"","via_name":"","via_url":"","override_template":"0","override":[{"template":"1","single_blog_custom":"","parallax":"1","fullscreen":"1","layout":"right-sidebar","sidebar":"default-sidebar","second_sidebar":"default-sidebar","sticky_sidebar":"1","share_position":"top","share_float_style":"share-monocrhome","show_share_counter":"1","show_view_counter":"1","show_featured":"1","show_post_meta":"1","show_post_author":"1","show_post_author_image":"1","show_post_date":"1","post_date_format":"default","post_date_format_custom":"Y\/m\/d","show_post_category":"1","show_post_reading_time":"0","post_reading_time_wpm":"300","show_zoom_button":"0","zoom_button_out_step":"2","zoom_button_in_step":"3","show_post_tag":"1","show_prev_next_post":"1","show_popup_post":"1","number_popup_post":"1","show_author_box":"0","show_post_related":"0","show_inline_post_related":"0"}],"override_image_size":"0","image_override":[{"single_post_thumbnail_size":"crop-500","single_post_gallery_size":"crop-500"}],"trending_post":"0","trending_post_position":"meta","trending_post_label":"Trending","sponsored_post":"0","sponsored_post_label":"Sponsored by","sponsored_post_name":"","sponsored_post_url":"","sponsored_post_logo_enable":"0","sponsored_post_logo":"","sponsored_post_desc":"","disable_ad":"0"},"jnews_primary_category":{"id":""},"jnews_social_meta":{"fb_title":"","fb_description":"","fb_image":"","twitter_title":"","twitter_description":"","twitter_image":""},"footnotes":""},"categories":[39],"tags":[],"class_list":["post-398238","post","type-post","status-publish","format-standard","has-post-thumbnail","hentry","category-viajes"],"_links":{"self":[{"href":"https:\/\/dimensionturistica.com\/es\/wp-json\/wp\/v2\/posts\/398238","targetHints":{"allow":["GET"]}}],"collection":[{"href":"https:\/\/dimensionturistica.com\/es\/wp-json\/wp\/v2\/posts"}],"about":[{"href":"https:\/\/dimensionturistica.com\/es\/wp-json\/wp\/v2\/types\/post"}],"author":[{"embeddable":true,"href":"https:\/\/dimensionturistica.com\/es\/wp-json\/wp\/v2\/users\/1"}],"replies":[{"embeddable":true,"href":"https:\/\/dimensionturistica.com\/es\/wp-json\/wp\/v2\/comments?post=398238"}],"version-history":[{"count":0,"href":"https:\/\/dimensionturistica.com\/es\/wp-json\/wp\/v2\/posts\/398238\/revisions"}],"wp:featuredmedia":[{"embeddable":true,"href":"https:\/\/dimensionturistica.com\/es\/wp-json\/wp\/v2\/media\/398276"}],"wp:attachment":[{"href":"https:\/\/dimensionturistica.com\/es\/wp-json\/wp\/v2\/media?parent=398238"}],"wp:term":[{"taxonomy":"category","embeddable":true,"href":"https:\/\/dimensionturistica.com\/es\/wp-json\/wp\/v2\/categories?post=398238"},{"taxonomy":"post_tag","embeddable":true,"href":"https:\/\/dimensionturistica.com\/es\/wp-json\/wp\/v2\/tags?post=398238"}],"curies":[{"name":"wp","href":"https:\/\/api.w.org\/{rel}","templated":true}]}}