{"id":398211,"date":"2022-10-03T19:36:39","date_gmt":"2022-10-03T19:36:39","guid":{"rendered":"https:\/\/dimensionturistica.com\/es\/?p=398211"},"modified":"2022-10-03T19:36:39","modified_gmt":"2022-10-03T19:36:39","slug":"ganemos-jerez-hace-un-balance-extraordinariamente-positivo-del-xera-festival-2022","status":"publish","type":"post","link":"https:\/\/dimensionturistica.com\/es\/ganemos-jerez-hace-un-balance-extraordinariamente-positivo-del-xera-festival-2022\/","title":{"rendered":"Ganemos Jerez hace un balance &#8220;extraordinariamente positivo&#8221; del Xera Festival 2022"},"content":{"rendered":"<p> <br \/>\n<\/p>\n<div itemprop=\"articleBody\">\n<p class=\"mce\">&#8220;El Xera Festival ha escrito una nueva\u00a0<strong class=\"mce\">p\u00e1gina de oro en la historia cultural\u00a0<\/strong>de nuestra ciudad&#8221;. As\u00ed describe Ganemos Jerez los cuatro d\u00edas &#8220;en los que las <strong class=\"mce\">m\u00fasicas del mundo<\/strong> han ocupado emplazamientos emblem\u00e1ticos de Jerez: la plaza de Plateros, el Cine Astoria, la Alameda Vieja, la Alameda del Banco, el Conservatorio&#8230; Grupos musicales de una<strong class=\"mce\"> indudable calidad<\/strong> han dejado su sello en la ciudad formando parte de una programaci\u00f3n diversa, arriesgada y para todos los p\u00fablicos&#8221;.\u00a0<\/p>\n<p class=\"mce\">&#8220;La respuesta cada a\u00f1o es mejor, pero este a\u00f1o 2022 en concreto ha sido muy bonita.<strong class=\"mce\"> Las m\u00fasicas del mundo son minorizadas, pero no minoritarias<\/strong>, porque cuando se las mostramos a la gente siempre triunfan. Se trata de una m\u00fasica que se nos pega al cuerpo y nos hace bailar y sentir&#8221;, explica Elena Rodr\u00edguez desde Ganemos Jerez. A\u00f1ade adem\u00e1s que &#8220;es\u00a0muy bonito el reencuentro del mundillo de la <strong class=\"mce\">m\u00fasica folk<\/strong>. El ambiente es de cuidado personal y cari\u00f1o. El festival sigue creciendo en emoci\u00f3n, los y las artistas se van con una<strong class=\"mce\"> grand\u00edsima impresi\u00f3n de Jerez<\/strong>.\u00a0S\u00f3lo hay que ver c\u00f3mo han reaccionado p\u00fablicamente y los mensajes que nos han hecho llegar&#8221;.<\/p>\n<p><!-- mt = 1664825749 --><br \/>\n<!-- INI: intext advertising --><\/p>\n<p><!-- END: intext advertising --><br \/>\n<!-- \/mt = 1664825749 --><\/p>\n<p class=\"mce\">En el plano socioecon\u00f3mico, &#8220;<strong class=\"mce\">el centro hist\u00f3rico ha lucido el aspecto de sus mejores galas<\/strong>. Los hoteles han registrado una gran ocupaci\u00f3n, los restaurantes y comercios han visto incrementados el n\u00famero de clientes y clientas, y, en definitiva, se ha conseguido<strong class=\"mce\"> insuflar de vida y actividades<\/strong> la ciudad de Jerez durante todo un fin de semana&#8221;, declara Rodr\u00edguez.<\/p>\n<p class=\"mce\">Desde Ganemos resaltan que para el Pageant se ha contado con la <strong class=\"mce\">implicaci\u00f3n<\/strong> de &#8220;muchas empresas, Acoje, el Cl\u00faster Tur\u00edstico, marcas y establecimientos de Jerez, el personal t\u00e9cnico municipal, personas voluntarias, en definitiva, gente muy distinta, <strong class=\"mce\">de distinto signo y procedencia<\/strong>, apoyando el Xera y remando todas a una, trabajando por el bien de la ciudad. Hay que dar las gracias por ello. Gracias de todo coraz\u00f3n&#8221;.<\/p>\n<p class=\"mce\">La formaci\u00f3n municipalista destaca que se ha conseguido un\u00a0impacto importante a todos los niveles\u00a0partiendo de una<strong class=\"mce\"> cultura de calidad<\/strong>. &#8220;Adem\u00e1s de ser un reencuentro con la m\u00fasica folk y del mundo, es una <strong class=\"mce\">confluencia de ritmos, emoci\u00f3n, el aprendizaje<\/strong> y el cari\u00f1o de las personas que han disfrutado estos d\u00edas del pageant. Es un pageant en el que muchas personas ayudan a que sea posible y que durante 4 d\u00edas se sienten parte de \u00e9l\u201d, ha explicado Kika Gonz\u00e1lez, portavoz de Ganemos Jerez.\u00a0<\/p>\n<p class=\"mce\">Esta edici\u00f3n del 2022 &#8220;ha sido una de las mejores. Hemos logrado superar algunos contratiempos t\u00e9cnicos con trabajo, ilusi\u00f3n y esfuerzo, y con la inestimable colaboraci\u00f3n de cada grupo musical. <strong class=\"mce\">El Xera Festival est\u00e1 plenamente consolidado<\/strong> y ha convencido a todo el mundo. Solo hay que preguntar por \u00e9l a la gente que ha asistido o a las personas involucradas\u201d, insiste Gonz\u00e1lez, a\u00f1adiendo que \u201cel Xera es un <strong class=\"mce\">patrimonio importante para la ciudad<\/strong>\u00a0y vamos a trabajar para que siga creciendo y para que fines de semana como \u00e9ste se repitan en los a\u00f1os venideros\u201d.<\/p>\n<\/div>\n\n<p><em> &#8221; Fuentes www.diariodejerez.es &#8221; <\/em><\/p>\n","protected":false},"excerpt":{"rendered":"<p>&#8220;El Xera Festival ha escrito una nueva\u00a0p\u00e1gina de oro en la historia cultural\u00a0de nuestra ciudad&#8221;. As\u00ed describe Ganemos Jerez los cuatro d\u00edas &#8220;en los que las m\u00fasicas del mundo han ocupado emplazamientos emblem\u00e1ticos de Jerez: la plaza de Plateros, el Cine Astoria, la Alameda Vieja, la Alameda del Banco, el Conservatorio&#8230; Grupos musicales de una [&hellip;]<\/p>\n","protected":false},"author":4,"featured_media":398212,"comment_status":"open","ping_status":"closed","sticky":false,"template":"","format":"standard","meta":{"om_disable_all_campaigns":false,"jnews-multi-image_gallery":[],"jnews_single_post":[],"jnews_primary_category":[],"jnews_social_meta":[],"footnotes":""},"categories":[39],"tags":[9241,17413,872,54606,44742,442,54607],"class_list":["post-398211","post","type-post","status-publish","format-standard","has-post-thumbnail","hentry","category-viajes","tag-9241","tag-balance","tag-festival","tag-ganemos","tag-jerez","tag-video","tag-xera"],"_links":{"self":[{"href":"https:\/\/dimensionturistica.com\/es\/wp-json\/wp\/v2\/posts\/398211","targetHints":{"allow":["GET"]}}],"collection":[{"href":"https:\/\/dimensionturistica.com\/es\/wp-json\/wp\/v2\/posts"}],"about":[{"href":"https:\/\/dimensionturistica.com\/es\/wp-json\/wp\/v2\/types\/post"}],"author":[{"embeddable":true,"href":"https:\/\/dimensionturistica.com\/es\/wp-json\/wp\/v2\/users\/4"}],"replies":[{"embeddable":true,"href":"https:\/\/dimensionturistica.com\/es\/wp-json\/wp\/v2\/comments?post=398211"}],"version-history":[{"count":0,"href":"https:\/\/dimensionturistica.com\/es\/wp-json\/wp\/v2\/posts\/398211\/revisions"}],"wp:featuredmedia":[{"embeddable":true,"href":"https:\/\/dimensionturistica.com\/es\/wp-json\/wp\/v2\/media\/398212"}],"wp:attachment":[{"href":"https:\/\/dimensionturistica.com\/es\/wp-json\/wp\/v2\/media?parent=398211"}],"wp:term":[{"taxonomy":"category","embeddable":true,"href":"https:\/\/dimensionturistica.com\/es\/wp-json\/wp\/v2\/categories?post=398211"},{"taxonomy":"post_tag","embeddable":true,"href":"https:\/\/dimensionturistica.com\/es\/wp-json\/wp\/v2\/tags?post=398211"}],"curies":[{"name":"wp","href":"https:\/\/api.w.org\/{rel}","templated":true}]}}