{"id":398010,"date":"2022-10-03T14:58:54","date_gmt":"2022-10-03T14:58:54","guid":{"rendered":"https:\/\/dimensionturistica.com\/es\/?p=398010"},"modified":"2022-10-03T14:58:54","modified_gmt":"2022-10-03T14:58:54","slug":"valencia-la-ciudad-sin-complejos","status":"publish","type":"post","link":"https:\/\/dimensionturistica.com\/es\/valencia-la-ciudad-sin-complejos\/","title":{"rendered":"Valencia, la ciudad sin complejos"},"content":{"rendered":"<p> <br \/>\n<\/p>\n<div id=\"articlebody\">\n<p>Oscar Wilde (1854-1900) nunca visit\u00f3 Valencia. Pero su chispeante ingenio ha llegado a todas partes. \u201cEn nuestros d\u00edas\u201d, afirma el autor de El retrato de Dorian Grey, \u201cnada produce tanto efecto como los t\u00f3picos. Hace que todo el mundo se sienta a resguardo\u201d.<strong> La ciudad de Valencia est\u00e1 acostumbrada a convivir con los t\u00f3picos, una forma perezosa y parcial de describir la realidad<\/strong> \u2013y, por lo tanto, al\u00e9rgica a matices y profundizaciones\u2013. Fallas, paella, Ruta del bakalao&#8230; son concepts recurrentes que se asocian con Valencia. El problema es que los t\u00f3picos describen \u00fanicamente una parte muy reducida de la realidad. Y, como sucede con la metonimia, se confunde la parte con el todo. Valencia es m\u00e1s, mucho m\u00e1s, que esas cuatro concepts trilladas.<\/p>\n<p><img decoding=\"async\" src=\"https:\/\/img4.viajar.elperiodico.com\/63\/d2\/45\/valencia-ciudad-complejos-650x434.jpg\" alt=\"\u00c1gora de la Plaza del Ayuntamiento de Valencia\"\/><\/p>\n<p>En ocasiones, es necesario recurrir a una visi\u00f3n externa para apreciar mejor el valor de aquello que tenemos cerca. Eso es, precisamente, lo que est\u00e1 sucediendo en 2022 con Valencia. La Comisi\u00f3n Europea la ha designado como <strong>Capital Europea del Turismo Inteligente<\/strong>. Y, adem\u00e1s, ha sido <strong>declarada por la World Design Group como la Capital Mundial del Dise\u00f1o<\/strong>. Dos eventos de prestigio internacional que subrayan el esp\u00edritu creativo e innovador de los valencianos. Una creatividad que se percibe a easy vista mientras se pasea por sus calles.\u00a0 \u00a0<\/p>\n<p><img decoding=\"async\" src=\"https:\/\/img4.viajar.elperiodico.com\/30\/08\/0b\/valencia-ciudad-complejos-650x423.jpg\" alt=\"Vista general de la Ciutat de les Artes i les Ci\u00e8ncies\"\/><\/p>\n<h2>Ciudad de creadores\u00a0<\/h2>\n<p>El paseante que recorre Valencia descubrir\u00e1 a su paso ejemplos de algunos de los estilos arquitect\u00f3nicos m\u00e1s representativos de nuestro tiempo: desde el antiguo barrio de pescadores de <strong>El Cabanyal<\/strong>, con sus fachadas adornadas por azulejos de artesanos ceramistas locales; pasando por joyas modernistas como el <strong>mercado de Col\u00f3n;<\/strong> <strong>el encanto Artwork Dec\u00f3 del edificio Rialto<\/strong> \u2013sede de la Filmoteca valenciana\u2013; el caprichoso racionalismo del edificio residencial <strong>La Finca Roja; o la modernidad de la Ciutat de les Arts i les Ci\u00e9ncies, inaugurada en 1998.<\/strong>\u00a0<\/p>\n<p><img decoding=\"async\" src=\"https:\/\/img1.viajar.elperiodico.com\/2f\/57\/09\/valencia-ciudad-complejos-650x994.jpg\" alt=\"Mercado de Col\u00f3n\"\/><\/p>\n<p>A pesar de su corta vida, <strong>este \u00faltimo complejo arquitect\u00f3nico, creado por Santiago Calatrava y F\u00e9lix Candela<\/strong>, es ya uno de los iconos de la ciudad. Al ponerse el sol, la iluminaci\u00f3n de<strong> L\u2019Hemisf\u00e8ric<\/strong>, uno de sus edificios m\u00e1s populares, proyecta su silueta sobre el estanque adyacente, mostrando claramente la similitud de su dise\u00f1o con el del ojo humano \u2013forma y fondo convergen: en su inside se encuentra un cine con una pantalla de 900 metros cuadrados\u2013. \u00a0<\/p>\n<p><img decoding=\"async\" src=\"https:\/\/img3.viajar.elperiodico.com\/ce\/d3\/73\/valencia-ciudad-complejos-650x786.jpg\" alt=\"Centro Cultural Bombas Gens\"\/><\/p>\n<p>La referencia a la mirada de L\u2019Hemisf\u00e9ric resulta especialmente apropiada en este caso.<strong> La potente creatividad de los valencianos est\u00e1 \u00edntimamente ligado a su capacidad para ofrecer una mirada propia sobre la realidad. <\/strong>Este \u00edmpetu inventivo no es reciente. Hay quien afirma, incluso, que inventos como la Coca Cola, la radio o la estilogr\u00e1fica tienen su origen en Valencia. Pero ese es un debate para otro reportaje&#8230; Volviendo a los or\u00edgenes de la creatividad de los valencianos, \u00a0el literato Vicente Blasco Ib\u00e1\u00f1ez (1867-1928), uno de los artistas locales m\u00e1s internacionales, afirm\u00f3 con sorna que esta constante ebullici\u00f3n creativa se debe al clima: \u201cEl espa\u00f1ol que menos bebe es el valenciano; la embriaguez no tiene disculpa para \u00e9l. Y es que no necesita del alcohol para evadirse de la normalidad de la vida. El vino lo lleva dentro, en su cabeza; y el sol, el p\u00edcaro sol -m\u00e1s fuerte que el de la Provenza, que tan malas pasadas jugaba al h\u00e9roe de Daudet\u2013, al hacerlo hervir, es causa de incoherentes agitaciones\u201d.\u00a0<\/p>\n<p><img decoding=\"async\" src=\"https:\/\/img3.viajar.elperiodico.com\/46\/70\/c0\/valencia-ciudad-complejos-650x429.jpg\" alt=\"Centro Cultural Bombas Gens, en Valencia\"\/><\/p>\n<p>En este contexto, <strong>a nadie ha de sorprender el nombramiento de Valencia como Capital Mundial del Dise\u00f1o 2022<\/strong>. Dejando atr\u00e1s todo tipo de complejos, la ciudad ha decidido sacar pecho y exhibir todo su m\u00fasculo creativo. Para ello ha creado un lugar donde observar los mejores ejemplos de dise\u00f1o valenciano y, adem\u00e1s, reflexionar sobre su futuro. <strong>\u00c1gora Val\u00e8ncia es un edificio ef\u00edmero de 350 metros cuadrados dise\u00f1ado por el arquitecto native Miguel Arraiz y que est\u00e1 ubicado en la Plaza del Ayuntamiento.<\/strong> Joan Rib\u00f3, alcalde de la ciudad, remarca la capacidad de Valencia para entablar relaci\u00f3n con numerosas disciplinas creativas: \u201cla artesan\u00eda, la industria del mueble, las artes gr\u00e1ficas, la cer\u00e1mica, la industria del juguete, el calzado o el textil\u201d.\u00a0<\/p>\n<p><img decoding=\"async\" src=\"https:\/\/img1.viajar.elperiodico.com\/20\/18\/50\/valencia-ciudad-complejos-650x432.jpg\" alt=\"Centro Cultural Bombas Gens\"\/><\/p>\n<h2>Ejemplo de integraci\u00f3n<\/h2>\n<p>Curiosamente, Valencia ya ten\u00eda un edificio llamado \u00c1gora. En la Ciutat de les Arts i les Ci\u00e9ncies. Y, paradojas del destino, tambi\u00e9n est\u00e1 de actualidad, pues acoge el reci\u00e9n inaugurado Caixaforum. Ubicado dentro del in style edificio dise\u00f1ado por Santiago Calatrava en forma de ballena, se trata de un sorprendente centro cultural de casi 10.000 metros cuadrados que tiene como objetivo la difusi\u00f3n del conocimiento.<strong> La peculiaridad de este Caixaforum es que el espacio ha sido concebido como un organismo vivo<\/strong>: su restaurante ocupa un jard\u00edn de plantas arom\u00e1ticas; las oficinas se elevan en forma de palmera; un aula educativa se asemeja a una nube flotante: y el auditorio es, en realidad, un bosque invertido. Realmente resulta dif\u00edcil definirlo con acierto. Lo cual es una magn\u00edfica excusa para visitarlo.<\/p>\n<p><img decoding=\"async\" src=\"https:\/\/img2.viajar.elperiodico.com\/93\/7c\/de\/valencia-ciudad-complejos-650x424.jpg\" alt=\"L\" hemisf=\"\" de=\"\" valencia=\"\"\/><\/p>\n<p>\u00a0Este fugaz repaso por el lado m\u00e1s creativo de Valencia no puede obviar a Bombas Gens. Este centro de arte inaugurado en 2017 ocupa una vieja f\u00e1brica de bombas hidr\u00e1ulicas de los a\u00f1os 30 que ha sido exquisitamente rehabilitada. Adem\u00e1s de su interesante programaci\u00f3n de actividades, un motivo de inter\u00e9s a\u00f1adido es su colorido jard\u00edn, donde Cristina Iglesias ha situado una escultura que se integra a la perfecci\u00f3n con la naturaleza. <strong>En 2019, La Generalitat declar\u00f3 a Bombas Gens como Proyecto de Inter\u00e9s Social<\/strong>, denominaci\u00f3n que destaca a proyectos por \u201csu car\u00e1cter innovador, su contribuci\u00f3n a la formaci\u00f3n cultural, su inter\u00e9s en el fomento de la participaci\u00f3n ciudadana o su contribuci\u00f3n al fomento, desarrollo, conservaci\u00f3n, rehabilitaci\u00f3n y difusi\u00f3n del patrimonio art\u00edstico, cultural e hist\u00f3rico valenciano\u201d. Concienciaci\u00f3n por el entorno y sostenibilidad forman parte del ADN valenciano. \u00a0\u00a0<\/p>\n<p><img decoding=\"async\" src=\"https:\/\/img1.viajar.elperiodico.com\/b8\/e9\/33\/valencia-ciudad-complejos-650x483.jpg\" alt=\"Barrio de El Cabanyal, en Valencia\"\/><\/p>\n<h2>Turismo con cabeza\u00a0<\/h2>\n<p>En este a\u00f1o dorado para Valencia, la Comisi\u00f3n Europea tambi\u00e9n la ha se\u00f1alado como <strong>Capital Europea del Turismo Inteligente. \u00bfQu\u00e9 significa este t\u00edtulo? \u00bfY c\u00f3mo afecta a sus visitantes?<\/strong> Al hablar de esta distinci\u00f3n, la primera palabra que viene a la mente es \u00a0sostenibilidad. Pero caer\u00edamos en un error si pens\u00e1ramos que se trata \u00fanicamente de esto. Ser un destino inteligente significa, adem\u00e1s, proteger los ecosistemas locales, facilitar medios de transporte ecol\u00f3gicos, reducir las emisiones de gases de efecto invernadero y garantizar la mejor experiencia posible a los visitantes, haciendo uso de tecnolog\u00edas innovadoras y, como no, de amplias dosis de creatividad. Y siempre teniendo en mente la accesibilidad para todos.<\/p>\n<p><img decoding=\"async\" src=\"https:\/\/img3.viajar.elperiodico.com\/e5\/15\/79\/valencia-ciudad-complejos-650x424.jpg\" alt=\"Vista del lago de agua dulce de L\" albufera=\"\"\/><\/p>\n<p>Un ejemplo palpable de todo lo citado anteriormente es <strong>el Jard\u00edn del Turia, uno de los mayores parques urbanos de Europa<\/strong> \u2013con una extensi\u00f3n de 10 kil\u00f3metros\u2013 y el que m\u00e1s visitantes recibe de toda Espa\u00f1a. En sus 110 hect\u00e1reas de extensi\u00f3n es posible atravesar 18 puentes de diferentes \u00e9pocas, desde el de Trinidad \u2013siglo XV\u2013 hasta el de la Exposici\u00f3n \u2013construido por Calatrava entre 1991 y 1995\u2013. Una magn\u00edfica forma de recorrerlos es a lo largo de sus abundantes carriles bici. Valencia es una ciudad tremendamente bikefriendly. De hecho, en 2019, los Premios Bikefriendly que otorga la Purple de Ciudades por la Bicicleta distingui\u00f3 al Ayuntamiento de Valencia por sus infraestructuras ciclistas.<\/p>\n<p><img decoding=\"async\" src=\"https:\/\/img4.viajar.elperiodico.com\/ae\/96\/5c\/valencia-ciudad-complejos-650x491.jpg\" alt=\"El Jard\u00edn del Turia\"\/><\/p>\n<p><strong>Otro ejemplo de integraci\u00f3n de la naturaleza en un entorno urbano es L\u2019Albufera,<\/strong> un parque pure que se encuentra a tan solo 10 kil\u00f3metros de la ciudad \u2013por supuesto, se puede ir en bicicleta desde el mismo centro de Valencia\u2013. Desde \u00a0el punto de vista ecol\u00f3gico, su punto de mayor inter\u00e9s es el lago de agua dulce que le da nombre. Con una extensi\u00f3n de \u00a02.800 hect\u00e1reas \u2013lo que lo convierten en el mayor de Espa\u00f1a\u2013, acoge a m\u00e1s de 300 especies de aves a lo largo del a\u00f1o. En sus alrededores crecen los marzales y los arrozales, lo que da pie a otro de los motivos por los que merece la pena visitar L\u2019Albufera: el arroz. Dicen que aqu\u00ed es donde se invent\u00f3 la paella. <strong>M\u00e1s all\u00e1 de lo cierto de esta aseveraci\u00f3n, lo que s\u00ed es realmente comprobable es la vitalidad de la cocina native<\/strong>. En la pedan\u00eda de El Palmar es posible degustar delicias como el all i pebre de anguila y la llisa adobada. Platos tradicionales, de naturaleza humilde, pero que revelan una sensibilidad especial. \u00a0Parece evidente que \u00a0la buena cocina est\u00e1 asociada a la creatividad. Y en Valencia van sobrados de ella.\u00a0<\/p>\n<p><img decoding=\"async\" src=\"https:\/\/img1.viajar.elperiodico.com\/69\/4b\/28\/valencia-ciudad-complejos-650x866.jpg\" alt=\"Edificio conocido como La Finca Roja, en Valencia\"\/><\/p>\n<p>Despreocuparse del qu\u00e9 dir\u00e1n denota car\u00e1cter. Inteligentemente, <strong>Valencia ha optado por seguir su camino dejando atr\u00e1s los t\u00f3picos que le acechan.<\/strong> Antes de que caiga el tel\u00f3n aparece de nuevo en escena Oscar Wilde, quien tuvo que enfrentarse en vida a la incompresi\u00f3n y a los prejuicios: \u00a0\u201cS\u00e9 tu mismo, las demas personalidades ya est\u00e1n cogidas\u201d. Valencia asiente.<\/p>\n<\/p><\/div>\n<p><script src=\"https:\/\/connect.facebook.net\/es_ES\/sdk.js\"><\/script><br \/>\n<br \/><\/p>\n<p><em> &#8221; Fuentes viajar.elperiodico.com &#8221; <\/em><\/p>\n","protected":false},"excerpt":{"rendered":"<p>Oscar Wilde (1854-1900) nunca visit\u00f3 Valencia. Pero su chispeante ingenio ha llegado a todas partes. \u201cEn nuestros d\u00edas\u201d, afirma el autor de El retrato de Dorian Grey, \u201cnada produce tanto efecto como los t\u00f3picos. Hace que todo el mundo se sienta a resguardo\u201d. La ciudad de Valencia est\u00e1 acostumbrada a convivir con los t\u00f3picos, una [&hellip;]<\/p>\n","protected":false},"author":4,"featured_media":398011,"comment_status":"open","ping_status":"closed","sticky":false,"template":"","format":"standard","meta":{"om_disable_all_campaigns":false,"jnews-multi-image_gallery":[],"jnews_single_post":[],"jnews_primary_category":[],"jnews_social_meta":[],"footnotes":""},"categories":[39],"tags":[3005,2769],"class_list":["post-398010","post","type-post","status-publish","format-standard","has-post-thumbnail","hentry","category-viajes","tag-comunidad-valenciana","tag-valencia"],"_links":{"self":[{"href":"https:\/\/dimensionturistica.com\/es\/wp-json\/wp\/v2\/posts\/398010","targetHints":{"allow":["GET"]}}],"collection":[{"href":"https:\/\/dimensionturistica.com\/es\/wp-json\/wp\/v2\/posts"}],"about":[{"href":"https:\/\/dimensionturistica.com\/es\/wp-json\/wp\/v2\/types\/post"}],"author":[{"embeddable":true,"href":"https:\/\/dimensionturistica.com\/es\/wp-json\/wp\/v2\/users\/4"}],"replies":[{"embeddable":true,"href":"https:\/\/dimensionturistica.com\/es\/wp-json\/wp\/v2\/comments?post=398010"}],"version-history":[{"count":0,"href":"https:\/\/dimensionturistica.com\/es\/wp-json\/wp\/v2\/posts\/398010\/revisions"}],"wp:featuredmedia":[{"embeddable":true,"href":"https:\/\/dimensionturistica.com\/es\/wp-json\/wp\/v2\/media\/398011"}],"wp:attachment":[{"href":"https:\/\/dimensionturistica.com\/es\/wp-json\/wp\/v2\/media?parent=398010"}],"wp:term":[{"taxonomy":"category","embeddable":true,"href":"https:\/\/dimensionturistica.com\/es\/wp-json\/wp\/v2\/categories?post=398010"},{"taxonomy":"post_tag","embeddable":true,"href":"https:\/\/dimensionturistica.com\/es\/wp-json\/wp\/v2\/tags?post=398010"}],"curies":[{"name":"wp","href":"https:\/\/api.w.org\/{rel}","templated":true}]}}