{"id":397789,"date":"2022-10-03T09:35:55","date_gmt":"2022-10-03T09:35:55","guid":{"rendered":"https:\/\/dimensionturistica.com\/es\/?p=397789"},"modified":"2022-10-03T09:35:55","modified_gmt":"2022-10-03T09:35:55","slug":"el-motivo-por-el-que-el-imserso-elimino-los-viajes-de-15-dias","status":"publish","type":"post","link":"https:\/\/dimensionturistica.com\/es\/el-motivo-por-el-que-el-imserso-elimino-los-viajes-de-15-dias\/","title":{"rendered":"El motivo por el que el Imserso elimin\u00f3 los viajes de 15 d\u00edas"},"content":{"rendered":"<p> <br \/>\n<\/p>\n<div>\n<p class=\"paragraph \" id=\"m97-96-98\">El pasado 27 de septiembre,\u00a0el <strong>director common del Imserso<\/strong>, Luis Barriga, anunci\u00f3 que el 80% de las plazas del programa <strong>Turismo Social del <\/strong><a rel=\"nofollow noopener\" target=\"_blank\" href=\"https:\/\/www.20minutos.es\/viajes\/imserso-anuncia-novedades-viajes-2022-2023-5064540\/\" title=\"El Imserso anuncia novedades en los viajes de 2022-2023\">Imserso<\/a> hab\u00edan sido ya ocupadas. A esto se le sum\u00f3 la preferencia de destinos y cambio de itinerario por parte de los viajeros. Sin embargo, tambi\u00e9n se comunic\u00f3 la<strong> eliminaci\u00f3n de los viajes de 15 d\u00edas<\/strong>, decisi\u00f3n que est\u00e1 causando mucha controversia entre los jubilados.\u00a0<\/p>\n<h2 id=\"m102-101-103\">\u00bfCu\u00e1l es el motivo?\u00a0<\/h2>\n<p class=\"paragraph \" id=\"m107-106-108\">Tanto el <strong>sector hotelero<\/strong> como los propios mayores se preguntan el por qu\u00e9 de esta decisi\u00f3n, para la cual, Barriga explic\u00f3 que la eliminaci\u00f3n se debe a lo siguiente: &#8220;Aparte de evaluar la calidad de los viajes, hacemos <strong>estudios <\/strong>preguntando por las preferencias. Los mayores quieren viajes de m\u00e1s corta duraci\u00f3n. Los de 15 d\u00edas fueron suprimidos porque solo eran <strong>demandados por un 3%<\/strong>. El 97% eleg\u00eda los otros&#8221;.\u00a0<\/p>\n<p class=\"paragraph \" id=\"m112-111-113\">El Gobierno tambi\u00e9n ha salido en defensa de esta medida se\u00f1alando que la adaptaci\u00f3n de plazas se ha hecho en funci\u00f3n de la <strong>demanda <\/strong>de la gente. Indican tambi\u00e9n que la decisi\u00f3n se tom\u00f3 despu\u00e9s de comprobar los resultados de las <strong>encuestas de satisfacci\u00f3n y calidad<\/strong>.\u00a0<\/p>\n<article class=\"media media-integrated \" id=\"m117-116-118\">\n<div>\n<figure class=\"figure-100\">\n            <a rel=\"nofollow noopener\" target=\"_blank\" href=\"https:\/\/www.20minutos.es\/viajes\/cinco-magicos-castillos-de-castilla-y-leon-para-visitar-el-festivo-12-de-octubre-5064445\/\"><br \/>\n                <span class=\"accessTypeIcon withImage\"><em class=\"member boxIcon\"\/><\/span><br \/>\n                <img decoding=\"async\" loading=\"lazy\" width=\"656\" height=\"370\" alt=\"Alcazar Castle in Segovia, Spain\" src=\"https:\/\/imagenes.20minutos.es\/files\/image_656_370\/uploads\/imagenes\/2022\/09\/28\/istock-509534094.jpeg\" data-full-src=\"https:\/\/www.20minutos.es\/uploads\/imagenes\/2022\/09\/28\/istock-509534094.jpeg\"\/><br \/>\n            <\/a><br \/>\n        <\/figure>\n<\/p><\/div>\n<\/article>\n<h2 id=\"m152-151-153\">La otra pol\u00e9mica<\/h2>\n<p class=\"paragraph \" id=\"m157-156-158\">Esta nueva pol\u00e9mica se suma a la ya anterior, la de los <strong><a rel=\"nofollow noopener\" target=\"_blank\" href=\"https:\/\/www.20minutos.es\/noticia\/5062384\/0\/imserso-defiende-criticas-patronal-ajustar-tarifas\/\">precios <\/a><\/strong>de los viajes, la cual ha generado roces entre la patronal del turismo y el Gobierno. Esto se debe a que desde el\u00a0<strong>Ministerio de Derechos Sociales<\/strong> no planean mover los precios acordes al alza de los precios, como han pedido desde el sector hotelero.\u00a0<\/p>\n<p><iframe loading=\"lazy\" src=\"https:\/\/www.facebook.com\/plugins\/post.php?href=https%3A%2F%2Fwww.facebook.com%2Flainformacion%2Fposts%2F10159203734447588&amp;width=500\" width=\"100%\" height=\"404\" style=\"border:none;overflow:hidden\" scrolling=\"no\" frameborder=\"0\" allowtransparency=\"true\" allow=\"encrypted-media\"><\/iframe><\/p>\n<p class=\"paragraph \" id=\"m167-166-168\">Este desacuerdo ha supuesto que el<strong> 10% de los hoteles <\/strong>participantes en la temporada anterior (2021-2022) se hayan dado de baja, pasando de ser<strong> 270 a 242<\/strong>. Una cifra que no hace referencia al importante abandono que comunic\u00f3 el sector.\u00a0<\/p>\n<article class=\"media media-integrated \" id=\"m172-171-173\">\n<div>\n<figure class=\"figure-100\">\n            <a rel=\"nofollow noopener\" target=\"_blank\" href=\"https:\/\/www.20minutos.es\/viajes\/destinos\/hoteles-jubilados-viajes-imserso-espana-5062474\/\"><br \/>\n                <span class=\"accessTypeIcon withImage\"><em class=\"member boxIcon\"\/><\/span><br \/>\n                <img decoding=\"async\" loading=\"lazy\" width=\"656\" height=\"370\" alt=\"Dos jubilados en un viaje del Imserso.\" src=\"https:\/\/imagenes.20minutos.es\/files\/image_656_370\/uploads\/imagenes\/2022\/09\/22\/fotografia-de-dos-jubilados-en-un-viaje-del-imserso-1.jpeg\" data-full-src=\"https:\/\/www.20minutos.es\/uploads\/imagenes\/2022\/09\/22\/fotografia-de-dos-jubilados-en-un-viaje-del-imserso-1.jpeg\"\/><br \/>\n            <\/a><br \/>\n        <\/figure>\n<\/p><\/div>\n<\/article>\n<h2 id=\"m206-205-207\">Los hoteles y destinos<\/h2>\n<p class=\"paragraph \" id=\"m211-210-212\">A pesar de ello, la oferta hotelera en las zonas costeras e islas sigue predominando con un complete de <strong>132 hoteles<\/strong>, mientras que en zonas de inside esta es de <strong>103<\/strong>. De esta forma, y como suele ser, las zonas de costa son las m\u00e1s solicitadas por los mayores, siendo <strong>Murcia <\/strong>el primer destino en el que la ocupaci\u00f3n es de un 100%. Igualmente, las <strong>Islas Canarias <\/strong>se encuentran cerca del 90% de ocupaci\u00f3n.\u00a0<\/p>\n<article class=\"media media-integrated  with-icon-gallery\" id=\"m216-215-217\">\n<div>\n<figure class=\"figure-100\">\n            <a rel=\"nofollow noopener\" target=\"_blank\" href=\"https:\/\/www.20minutos.es\/imagenes\/viajes\/destinos\/los-10-pueblos-de-montana-mas-bonitos-de-cataluna-5064513\/\"><br \/>\n                <span class=\"accessTypeIcon withImage\"><em class=\"member boxIcon\"\/><\/span><br \/>\n                <img decoding=\"async\" loading=\"lazy\" width=\"656\" height=\"370\" alt=\"Situada en la zona del Collsacabra, la antigua poblaci\u00f3n medieval de Rupit ofrece espectaculares vistas de Les Guilleries, el Montseny y los riscos vecinos de Tavertet, Avenc y el Far. Los abruptos riscos naturales descubren al visitante la bonita iglesia rom\u00e1nica de Sant Joan de F\u00e0bregues, el salto de agua de Sallent o el monumento natural de Agullola. En la zona norte, Pruit, con un conjunto de mas\u00edas diseminadas, evoca los tiempos en que la riqueza iba ligada a la tierra.\" src=\"https:\/\/imagenes.20minutos.es\/files\/image_656_370\/uploads\/imagenes\/2022\/09\/28\/rupit-i-pruit-barcelona.jpeg\" data-full-src=\"https:\/\/www.20minutos.es\/uploads\/imagenes\/2022\/09\/28\/rupit-i-pruit-barcelona.jpeg\"\/><br \/>\n            <\/a><br \/>\n        <\/figure>\n<\/p><\/div>\n<\/article>\n<p class=\"paragraph \" id=\"m250-249-251\">Por su parte, Barriga comunic\u00f3 tambi\u00e9n un <strong>cambio de preferencias <\/strong>entre los solicitantes, los cuales prefieren realizar viajes m\u00e1s cortos y con una mayor autonom\u00eda a la hora de desplazarse.\u00a0Asimismo, cabe se\u00f1alar que este a\u00f1o las <strong>plazas han aumentado <\/strong>en 28.442, pasando as\u00ed de las 816.029 inicialmente previstas hasta las 844.471.<\/p>\n<p class=\"paragraph \" id=\"m255-254-256\"><a rel=\"nofollow noopener\" target=\"_blank\" href=\"https:\/\/www.20minutos.es\/estaticos\/newsletter-viajes\/\">Ap\u00fantate a la <em>newsletter <\/em>y recibe en tu correo las mejores propuestas para viajar por el mundo.<\/a><\/p>\n<\/div>\n\n<p><em> &#8221; Fuentes www.20minutos.es &#8221; <\/em><\/p>\n","protected":false},"excerpt":{"rendered":"<p>El pasado 27 de septiembre,\u00a0el director common del Imserso, Luis Barriga, anunci\u00f3 que el 80% de las plazas del programa Turismo Social del Imserso hab\u00edan sido ya ocupadas. A esto se le sum\u00f3 la preferencia de destinos y cambio de itinerario por parte de los viajeros. Sin embargo, tambi\u00e9n se comunic\u00f3 la eliminaci\u00f3n de los [&hellip;]<\/p>\n","protected":false},"author":4,"featured_media":397790,"comment_status":"open","ping_status":"closed","sticky":false,"template":"","format":"standard","meta":{"om_disable_all_campaigns":false,"jnews-multi-image_gallery":[],"jnews_single_post":[],"jnews_primary_category":[],"jnews_social_meta":[],"footnotes":""},"categories":[39],"tags":[813,545],"class_list":["post-397789","post","type-post","status-publish","format-standard","has-post-thumbnail","hentry","category-viajes","tag-imserso","tag-viajes"],"_links":{"self":[{"href":"https:\/\/dimensionturistica.com\/es\/wp-json\/wp\/v2\/posts\/397789","targetHints":{"allow":["GET"]}}],"collection":[{"href":"https:\/\/dimensionturistica.com\/es\/wp-json\/wp\/v2\/posts"}],"about":[{"href":"https:\/\/dimensionturistica.com\/es\/wp-json\/wp\/v2\/types\/post"}],"author":[{"embeddable":true,"href":"https:\/\/dimensionturistica.com\/es\/wp-json\/wp\/v2\/users\/4"}],"replies":[{"embeddable":true,"href":"https:\/\/dimensionturistica.com\/es\/wp-json\/wp\/v2\/comments?post=397789"}],"version-history":[{"count":0,"href":"https:\/\/dimensionturistica.com\/es\/wp-json\/wp\/v2\/posts\/397789\/revisions"}],"wp:featuredmedia":[{"embeddable":true,"href":"https:\/\/dimensionturistica.com\/es\/wp-json\/wp\/v2\/media\/397790"}],"wp:attachment":[{"href":"https:\/\/dimensionturistica.com\/es\/wp-json\/wp\/v2\/media?parent=397789"}],"wp:term":[{"taxonomy":"category","embeddable":true,"href":"https:\/\/dimensionturistica.com\/es\/wp-json\/wp\/v2\/categories?post=397789"},{"taxonomy":"post_tag","embeddable":true,"href":"https:\/\/dimensionturistica.com\/es\/wp-json\/wp\/v2\/tags?post=397789"}],"curies":[{"name":"wp","href":"https:\/\/api.w.org\/{rel}","templated":true}]}}