{"id":397600,"date":"2022-10-02T22:03:06","date_gmt":"2022-10-02T22:03:06","guid":{"rendered":"https:\/\/dimensionturistica.com\/es\/?p=397600"},"modified":"2022-10-02T22:03:06","modified_gmt":"2022-10-02T22:03:06","slug":"semana-uribe-2022-cuando-empieza-la-semana-de-receso-2022-en-colombia-semana-de-receso-escolar-2022-colombia","status":"publish","type":"post","link":"https:\/\/dimensionturistica.com\/es\/semana-uribe-2022-cuando-empieza-la-semana-de-receso-2022-en-colombia-semana-de-receso-escolar-2022-colombia\/","title":{"rendered":"Semana Uribe 2022 | \u00bfCuando empieza la semana de receso 2022 en Colombia? | semana de receso escolar 2022 | Colombia"},"content":{"rendered":"<p> <br \/>\n<\/p>\n<div id=\"\">\n<p class=\"\">La <b>\u2018semana de Uribe\u2019<\/b>, nombre con el que la poblaci\u00f3n de <a rel=\"nofollow noopener\" target=\"_blank\" href=\"https:\/\/larepublica.pe\/tag\/colombia\/\">Colombia<\/a> suele llamar a la<b> semana de receso escolar<\/b>, es uno de los periodos de descanso m\u00e1s esperados por millones de familias, pues les permite salir de la rutina con distintas actividades, de las cuales los <a rel=\"nofollow noopener\" target=\"_blank\" href=\"https:\/\/larepublica.pe\/mundo\/2022\/09\/01\/vuelos-fantasma-que-son-y-por-que-las-aerolineas-hacen-que-sus-aviones-despeguen-sin-pasajeros-en-estados-unidos-y-europa-aeropuertos-espana-lrtm\/\">viajes<\/a> son una de las favoritas.<\/p>\n<aside style=\"display:block;text-align:center;margin-bottom:10px\"\/>\n<p class=\"\">Algunas personas gustan de aprovechar estas fechas para recorrer algunos de los mejores destinos de <a rel=\"nofollow noopener\" target=\"_blank\" href=\"https:\/\/larepublica.pe\/datos-lr\/historia\/2022\/10\/01\/colombia-y-la-vez-que-tuvo-3-presidentes-en-24-horas-lrtm\/\">Colombia<\/a>, como <a rel=\"nofollow noopener\" target=\"_blank\" href=\"https:\/\/larepublica.pe\/turismo\/2021\/09\/02\/cuales-son-y-donde-estan-las-playas-mas-lindas-de-colombia-evat-atmp\/\">Cartagena, Santa Marta, San Andr\u00e9s y m\u00e1s<\/a>. Otros prefieren trasladarse al extranjero, y hay algunos que deciden quedarse en casa para recrearse de muchas otras maneras. Conoce aqu\u00ed cu\u00e1ndo empiezan estas cortas<b> vacaciones<\/b> para que planifiques tu tiempo libre.<\/p>\n<h2 class=\"\">\u00bfCu\u00e1ndo empieza la semana de receso 2022 en Colombia?<\/h2>\n<p class=\"\">Este 2022, la <b>semana de receso escolar <\/b>en <a rel=\"nofollow noopener\" target=\"_blank\" href=\"https:\/\/larepublica.pe\/mundo\/colombia\/2022\/09\/25\/cuando-pagan-jovenes-en-accion-2022-fechas-de-pago-en-octubre-y-como-saber-si-soy-beneficiario-colombia-prosperidad-social-subsidio-lrtm\/\">Colombia<\/a> inicia este<b> lunes 10 de octubre<\/b> y termina el viernes 14. Se trata de cinco d\u00edas libres para los estudiantes que cada a\u00f1o se reservan en la semana anterior al D\u00eda de la Raza (12 de <a rel=\"nofollow noopener\" target=\"_blank\" href=\"https:\/\/larepublica.pe\/elecciones\/2022\/10\/02\/resultados-de-las-elecciones-regionales-y-municipales-2022-en-vivo-quien-va-ganando-en-las-elecciones-segun-la-onpe-boca-de-urna-y-conteo-rapido-elecciones-2022-en-vivo-resultados-elecciones-2022-quien-va-ganando-como-van-las-elecciones-flash-electoral-pltc-atmp\/\">octubre<\/a>; el festivo de este a\u00f1o se traslada al lunes 17).<\/p>\n<aside style=\"display:block;text-align:center;margin-bottom:10px\"\/>\n<p class=\"\">De esta forma, los estudiantes de toda Colombia tienen 9 d\u00edas de descanso consecutivos desde el s\u00e1bado 8 al domingo 16 de octubre, que podr\u00e1n aprovechar en sus actividades favoritas.<\/p>\n<figure class=\"image-inside-body cls-mr\"><span class=\" lazy-load-image-background \" style=\"background-image:url(https:\/\/larepublica.pe\/resizer\/wHmkoycHW9ORl251WfIcQDtfLL4=\/384x216\/top\/smart\/cloudfront-us-east-1.images.arcpublishing.com\/gruporepublica\/Z3RO34J6QVGJVKXQUQCMRXJYCE.png);background-size:100% 100%;color:transparent;display:inline-block;width:538\"><span class=\"\" style=\"display:inline-block;width:538\"\/><\/span><figcaption>\n<p style=\"width:100%;color:#4d4d59;line-height:11.2px;font-size:11.2px;padding-top:4px;padding-bottom:4px;background-color:#eee\">La semana de receso implica 9 d\u00edas de descanso para los escolares en Colombia. Foto: AFP<\/p>\n<\/figcaption><\/figure>\n<h2 class=\"\">Semana de Uribe: \u00bfpor qu\u00e9 se le llama as\u00ed a la semana de receso?<\/h2>\n<p class=\"\">La semana de receso escolar en octubre es conocida como semana de Uribe porque fue en el a\u00f1o 2007, durante el Gobierno del expresidente <b>\u00c1lvaro Uribe<\/b>, que este periodo de vacaciones fue instituido por el Ministerio de Educaci\u00f3n, a trav\u00e9s del <a rel=\"nofollow noopener\" target=\"_blank\" href=\"https:\/\/www.mineducacion.gov.co\/1780\/articles-123882_archivo_pdf.pdf\">Decreto N.\u00ba 1373<\/a>.<\/p>\n<aside class=\"ads_inline-container ad-container\"\/>\n<p class=\"\">El objetivo de esta norma es hacer de esta una semana de desarrollo institucional, \u201cen la que los docentes se capacitan, se eval\u00faa el Proyecto Institucional, PEI, y se planifica otra serie de actividades\u201d, seg\u00fan explic\u00f3 la entonces Viceministra de Educaci\u00f3n Preescolar, B\u00e1sica y Media, Juana In\u00e9s D\u00edaz Tafur.<\/p>\n<p class=\"\">Cabe mencionar que esta semana de receso no modifica el tiempo de clase que deben brindar los centros educativos, ni las siete semanas de vacaciones disponibles para docentes y directivos.<\/p>\n<aside class=\"ads_inlineTwo-container ad-container\"\/>\n<h2 class=\"\">\u00bfLas universidades tienen semana de receso 2022?<\/h2>\n<p class=\"\">La norma establece la<b> semana de receso escolar <\/b>para aquellos estudiantes de educaci\u00f3n preescolar, b\u00e1sica y media. Por lo tanto, los alumnos de universidades no est\u00e1n comprendidos dentro de este periodo de descanso. No obstante, algunas instituciones incluyen un receso dentro del segundo semestre del a\u00f1o desde 2007.<\/p>\n<figure class=\"image-inside-body cls-mr\"><span class=\" lazy-load-image-background \" style=\"background-image:url(https:\/\/larepublica.pe\/resizer\/wHmkoycHW9ORl251WfIcQDtfLL4=\/384x216\/top\/smart\/cloudfront-us-east-1.images.arcpublishing.com\/gruporepublica\/Z3RO34J6QVGJVKXQUQCMRXJYCE.png);background-size:100% 100%;color:transparent;display:inline-block;width:538\"><span class=\"\" style=\"display:inline-block;width:538\"\/><\/span><figcaption>\n<p style=\"width:100%;color:#4d4d59;line-height:11.2px;font-size:11.2px;padding-top:4px;padding-bottom:4px;background-color:#eee\">San Andr\u00e9s es uno de los destinos favoritos de miles de colombianos. Foto: AFP<\/p>\n<\/figcaption><\/figure>\n<h2 class=\"\">D\u00edas festivos en Colombia: \u00bfcu\u00e1ndo es el pr\u00f3ximo feriado?<\/h2>\n<p class=\"\">El pr\u00f3ximo <a rel=\"nofollow noopener\" target=\"_blank\" href=\"https:\/\/larepublica.pe\/mundo\/2021\/11\/26\/cuales-son-los-dias-y-puentes-festivos-de-colombia-en-2022-evat\/\">d\u00eda festivo en Colombia<\/a> es el del <b>lunes 17 de octubre<\/b>, por el <mark class=\"hl_yellow\">D\u00eda de la Raza o D\u00eda del Respeto por la Diversidad Cultural,<\/mark> que se conmemora cada 12 de octubre. Revisa la lista completa de feriados para lo que resta del a\u00f1o:<\/p>\n<aside class=\"ads_inlineThree-container ad-container\"\/>\n<ul class=\"\">\n<li><span>Lunes 17 de octubre: D\u00eda de la Raza.<\/span><\/li>\n<li><span>Lunes 7 de noviembre: D\u00eda de los Muertos.<\/span><\/li>\n<li><span>Lunes 14 de noviembre: Independencia de Cartagena.<\/span><\/li>\n<li><span>Jueves 8 de diciembre: D\u00eda de la Inmaculada Concepci\u00f3n.<\/span><\/li>\n<li><span>Domingo 25 de diciembre: Navidad.<\/span><\/li>\n<\/ul>\n<\/div>\n\n<p><em> &#8221; Fuentes larepublica.pe &#8221; <\/em><\/p>\n","protected":false},"excerpt":{"rendered":"<p>La \u2018semana de Uribe\u2019, nombre con el que la poblaci\u00f3n de Colombia suele llamar a la semana de receso escolar, es uno de los periodos de descanso m\u00e1s esperados por millones de familias, pues les permite salir de la rutina con distintas actividades, de las cuales los viajes son una de las favoritas. Algunas personas [&hellip;]<\/p>\n","protected":false},"author":4,"featured_media":397601,"comment_status":"open","ping_status":"closed","sticky":false,"template":"","format":"standard","meta":{"om_disable_all_campaigns":false,"jnews-multi-image_gallery":[],"jnews_single_post":[],"jnews_primary_category":[],"jnews_social_meta":[],"footnotes":""},"categories":[39],"tags":[771,54554,54556,54555],"class_list":["post-397600","post","type-post","status-publish","format-standard","has-post-thumbnail","hentry","category-viajes","tag-colombia","tag-semana-de-receso-2022","tag-semana-de-receso-escolar-2022","tag-semana-uribe-2022"],"_links":{"self":[{"href":"https:\/\/dimensionturistica.com\/es\/wp-json\/wp\/v2\/posts\/397600","targetHints":{"allow":["GET"]}}],"collection":[{"href":"https:\/\/dimensionturistica.com\/es\/wp-json\/wp\/v2\/posts"}],"about":[{"href":"https:\/\/dimensionturistica.com\/es\/wp-json\/wp\/v2\/types\/post"}],"author":[{"embeddable":true,"href":"https:\/\/dimensionturistica.com\/es\/wp-json\/wp\/v2\/users\/4"}],"replies":[{"embeddable":true,"href":"https:\/\/dimensionturistica.com\/es\/wp-json\/wp\/v2\/comments?post=397600"}],"version-history":[{"count":0,"href":"https:\/\/dimensionturistica.com\/es\/wp-json\/wp\/v2\/posts\/397600\/revisions"}],"wp:featuredmedia":[{"embeddable":true,"href":"https:\/\/dimensionturistica.com\/es\/wp-json\/wp\/v2\/media\/397601"}],"wp:attachment":[{"href":"https:\/\/dimensionturistica.com\/es\/wp-json\/wp\/v2\/media?parent=397600"}],"wp:term":[{"taxonomy":"category","embeddable":true,"href":"https:\/\/dimensionturistica.com\/es\/wp-json\/wp\/v2\/categories?post=397600"},{"taxonomy":"post_tag","embeddable":true,"href":"https:\/\/dimensionturistica.com\/es\/wp-json\/wp\/v2\/tags?post=397600"}],"curies":[{"name":"wp","href":"https:\/\/api.w.org\/{rel}","templated":true}]}}