{"id":397419,"date":"2022-10-02T12:10:26","date_gmt":"2022-10-02T12:10:26","guid":{"rendered":"https:\/\/dimensionturistica.com\/es\/?p=397419"},"modified":"2022-10-02T12:10:27","modified_gmt":"2022-10-02T12:10:27","slug":"el-afluente-mas-largo-de-espana","status":"publish","type":"post","link":"https:\/\/dimensionturistica.com\/es\/el-afluente-mas-largo-de-espana\/","title":{"rendered":"El afluente m\u00e1s largo de Espa\u00f1a"},"content":{"rendered":"<p> <br \/>\n<\/p>\n<div>\n<div id=\"involveds\" class=\"involveds wrap\">\n<div class=\"involved-authors only-author\">\n<div class=\"first-author\">\n<figure class=\"thumb col-xs-3\">&#13;<img loading=\"lazy\" decoding=\"async\" src=\"https:\/\/viajes.nationalgeographic.com.es\/medio\/2021\/12\/15\/xell_b48658f1_600x600.png\" alt=\"Xell\" class=\"lazyload\" width=\"600\" height=\"600\" data-aspectratio=\"600\/600\"\/><noscript><img decoding=\"async\" src=\"https:\/\/viajes.nationalgeographic.com.es\/medio\/2021\/12\/15\/xell_b48658f1_600x600.png\" alt=\"Xell\"\/><\/noscript>&#13;<\/figure>\n<\/div>\n<\/div>\n<\/div>\n<p class=\"date\"> <time itemprop=\"dateModified\" datetime=\"2022-10-02T07:00:00+02:00\" data-timestamp=\"1664694000\">&#13;02 de octubre de 2022 \u00b7 07:00<\/time>&#13;<\/p>\n<\/div>\n<div id=\"article-text\">\n<div class=\"txt\">\n<aside class=\"subscription-highlighted\">\n<div class=\"subscription-container\">\n<div class=\"non-subscribed\">\n<p class=\"description\">Somos de rutas, no de rutinas. Descubre Viajes Nationwide Geographic<\/p>\n<p><a rel=\"nofollow noopener\" target=\"_blank\" href=\"https:\/\/tienda.rbarevistas.com\/por-que-viajes-national-geographic.html?rba_source=viajes.nationalgeographic.com.es&amp;rba_medium=referral&amp;rba_campaign=NGMV&amp;rba_content=frase-articulo\" class=\"more-link\">SABER M\u00c1S<\/a><\/div>\n<\/div>\n<\/aside>\n<p style=\"display: none;\"><img decoding=\"async\" id=\"ctl01_ctl00_phMain_phMain_ctl00_ctl02_ctl17_ctl01_imgContent\" src=\"https:\/\/viajes.nationalgeographic.com.es\/medio\/2022\/09\/29\/rio-genil_0b338ef8_800x800.jpg\" alt=\"R\u00edo Genil\" style=\"border-width:0px;\"\/><\/p>\n<aside class=\"add300x250 publi-interior-top ad-container-r1 ad-inline\"\/>\n<p>Sus 334 km de longitud convierten el r\u00edo Genil en el afluente mas largo de Espa\u00f1a. Se coloca, as\u00ed, en el prime 10 de los m\u00e1s extensos del pa\u00eds -teniendo en cuenta tanto r\u00edos principales como afluentes-, concretamente en s\u00e9ptima posici\u00f3n, por detr\u00e1s del Tajo, el Ebro, <a rel=\"nofollow noopener\" target=\"_blank\" href=\"https:\/\/viajes.nationalgeographic.com.es\/a\/viaje-poetico-soria-a-oporto-por-rio-duero-16-etapas_17561\">el Duero<\/a>, el Guadiana, el Guadalquivir y <a rel=\"nofollow noopener\" target=\"_blank\" href=\"https:\/\/viajes.nationalgeographic.com.es\/a\/pequeno-gran-canon-jucar_14570\">el J\u00facar<\/a>. Es, adem\u00e1s, el segundo m\u00e1s largo de toda <a rel=\"nofollow noopener\" target=\"_blank\" href=\"https:\/\/viajes.nationalgeographic.com.es\/z\/andalucia\">Andaluc\u00eda<\/a>.<\/p>\n<p>El r\u00edo Genil nace en Sierra Nevada de la uni\u00f3n de los r\u00edos Actual y Guarn\u00f3n y desemboca en aguas del Guadalquivir, concretamente en Palma del R\u00edo, en la provincia de C\u00f3rdoba. El origen de su etimolog\u00eda se remonta al t\u00e9rmino latino Singilis, que posteriormente los \u00e1rabes transcribieron como Sinyil, Sanyil, Sannil y Sinnil. M\u00e1s adelante, se denomin\u00f3 Guadaxenil, hasta derivar en su forma precise de r\u00edo Genil.<\/p>\n<p>Aparte de maravillarse con los paisajes que deja a su paso por las provincias de Granada y de C\u00f3rdoba, se puede disfrutar del Genil mediante actividades como la pr\u00e1ctica de rafting en localidades como Benamej\u00ed, Cuevas Bajas y Cuevas de San Marcos.<\/p>\n<section class=\"related-article-content relacionado\">\n<p class=\"relatedTitle\">Art\u00edculo relacionado<\/p>\n<p><a rel=\"nofollow noopener\" target=\"_blank\" href=\"https:\/\/viajes.nationalgeographic.com.es\/a\/viaje-a-riopar-y-asombroso-nacimiento-rio-mundo_18511\" class=\"rel\"><\/p>\n<article class=\"article\">&#13;<\/p>\n<figure class=\"thumb\">&#13;<img decoding=\"async\" src=\"https:\/\/viajes.nationalgeographic.com.es\/medio\/2022\/08\/25\/rio-mundo_b3b1f34e_1280x720.jpg\" alt=\"R\u00edo Mundo\" class=\"imagenRelacionado lazyload\"\/><noscript><img decoding=\"async\" src=\"https:\/\/viajes.nationalgeographic.com.es\/medio\/2022\/08\/25\/rio-mundo_b3b1f34e_1280x720.jpg\" alt=\"R\u00edo Mundo\"\/><\/noscript>&#13;<\/figure>\n<p>&#13;<\/p>\n<div class=\"relacionadoTxt\">\n<p>&#13;<\/p>\n<h4 class=\"supertitle\">&#13;Big Bang fluvial<\/h4>\n<h4 class=\"title\">&#13;Viaje a Ri\u00f3par y al asombroso nacimiento del r\u00edo Mundo<\/h4>\n<p>&#13;<\/p>\n<\/div>\n<\/article>\n<p><\/a><\/section>\n<aside class=\"add300x600 publi-interior-bot ad-inline ad-container-r2\"\/><\/div>\n<p><!-- START:toolbar --><!-- END:toolbar --><\/div>\n\n<p><em> &#8221; Fuentes viajes.nationalgeographic.com.es &#8221; <\/em><\/p>\n","protected":false},"excerpt":{"rendered":"<p>&#13;&#13; &#13;02 de octubre de 2022 \u00b7 07:00&#13; Somos de rutas, no de rutinas. Descubre Viajes Nationwide Geographic SABER M\u00c1S Sus 334 km de longitud convierten el r\u00edo Genil en el afluente mas largo de Espa\u00f1a. Se coloca, as\u00ed, en el prime 10 de los m\u00e1s extensos del pa\u00eds -teniendo en cuenta tanto r\u00edos principales [&hellip;]<\/p>\n","protected":false},"author":4,"featured_media":358657,"comment_status":"open","ping_status":"closed","sticky":false,"template":"","format":"standard","meta":{"om_disable_all_campaigns":false,"jnews-multi-image_gallery":[],"jnews_single_post":[],"jnews_primary_category":[],"jnews_social_meta":[],"footnotes":""},"categories":[39],"tags":[47258,47257],"class_list":["post-397419","post","type-post","status-publish","format-standard","has-post-thumbnail","hentry","category-viajes","tag-cargado-desde-el-fichero-de-recursos","tag-keywords-por-defecto"],"_links":{"self":[{"href":"https:\/\/dimensionturistica.com\/es\/wp-json\/wp\/v2\/posts\/397419","targetHints":{"allow":["GET"]}}],"collection":[{"href":"https:\/\/dimensionturistica.com\/es\/wp-json\/wp\/v2\/posts"}],"about":[{"href":"https:\/\/dimensionturistica.com\/es\/wp-json\/wp\/v2\/types\/post"}],"author":[{"embeddable":true,"href":"https:\/\/dimensionturistica.com\/es\/wp-json\/wp\/v2\/users\/4"}],"replies":[{"embeddable":true,"href":"https:\/\/dimensionturistica.com\/es\/wp-json\/wp\/v2\/comments?post=397419"}],"version-history":[{"count":0,"href":"https:\/\/dimensionturistica.com\/es\/wp-json\/wp\/v2\/posts\/397419\/revisions"}],"wp:featuredmedia":[{"embeddable":true,"href":"https:\/\/dimensionturistica.com\/es\/wp-json\/wp\/v2\/media\/358657"}],"wp:attachment":[{"href":"https:\/\/dimensionturistica.com\/es\/wp-json\/wp\/v2\/media?parent=397419"}],"wp:term":[{"taxonomy":"category","embeddable":true,"href":"https:\/\/dimensionturistica.com\/es\/wp-json\/wp\/v2\/categories?post=397419"},{"taxonomy":"post_tag","embeddable":true,"href":"https:\/\/dimensionturistica.com\/es\/wp-json\/wp\/v2\/tags?post=397419"}],"curies":[{"name":"wp","href":"https:\/\/api.w.org\/{rel}","templated":true}]}}