{"id":397344,"date":"2022-10-02T08:48:07","date_gmt":"2022-10-02T08:48:07","guid":{"rendered":"https:\/\/dimensionturistica.com\/es\/?p=397344"},"modified":"2022-10-02T08:48:07","modified_gmt":"2022-10-02T08:48:07","slug":"el-imserso-anuncia-novedades-en-los-viajes-de-2022-2023","status":"publish","type":"post","link":"https:\/\/dimensionturistica.com\/es\/el-imserso-anuncia-novedades-en-los-viajes-de-2022-2023\/","title":{"rendered":"El Imserso anuncia novedades en los viajes de 2022-2023"},"content":{"rendered":"<p> <br \/>\n<\/p>\n<div>\n<p class=\"paragraph \" id=\"m97-96-98\">Este a\u00f1o se han reactivado los viajes del <strong><a rel=\"nofollow noopener\" target=\"_blank\" href=\"https:\/\/www.20minutos.es\/minuteca\/imserso\/\" title=\"Imserso\">Imserso <\/a><\/strong>tras dos a\u00f1os paralizado por la pandemia, un programa que <strong>destina esta temporada 2022-2023 un whole de 66,7 millones de euros,<\/strong> que se suman a los\u00a0212,9 millones de euros de los usuarios.\u00a0<\/p>\n<p class=\"paragraph \" id=\"m102-101-103\">Entre los cambios m\u00e1s destacados del Imserso 2022-2023 destaca el incremento del n\u00famero de plazas, que ha supuesto un aumento de 28.442 plazas m\u00e1s para los viajes de los mayores, <strong>pasando as\u00ed de las\u00a0816.029 inicialmente previstas hasta las 844.471.\u00a0<\/strong><\/p>\n<article class=\"media media-integrated \" id=\"m107-106-108\">\n<div>\n<figure class=\"figure-100\">\n            <a rel=\"nofollow noopener\" target=\"_blank\" href=\"https:\/\/www.20minutos.es\/viajes\/destinos\/balneario-romano-malaga-mas-de-200-anos-antiguedad-aun-podemos-banarnos-5064765\/\"><br \/>\n                <span class=\"accessTypeIcon withImage\"><em class=\"member boxIcon\"\/><\/span><br \/>\n                <img decoding=\"async\" loading=\"lazy\" width=\"656\" height=\"370\" alt=\"Ba\u00f1os de la Hedionda.\" src=\"https:\/\/imagenes.20minutos.es\/files\/image_656_370\/uploads\/imagenes\/2022\/09\/29\/fotografia-banos-de-la-hedionda-5.jpeg\" data-full-src=\"https:\/\/www.20minutos.es\/uploads\/imagenes\/2022\/09\/29\/fotografia-banos-de-la-hedionda-5.jpeg\"\/><br \/>\n            <\/a><br \/>\n        <\/figure>\n<\/p><\/div>\n<\/article>\n<p class=\"paragraph \" id=\"m142-141-143\">En concreto, se respetan el n\u00famero de plazas para destinos costeros e islas y se incrementan las plazas en el lote de turismo de inside<strong> pasando de 137.475 a 165.917, es decir, 28.442 m\u00e1s de las previstas<\/strong>. Todas ellas ser\u00e1n circuitos culturales, seg\u00fan precisan las mismas fuentes.<\/p>\n<p class=\"paragraph \" id=\"m147-146-148\">Los viajes del Programa de Turismo del IMSERSO se desarrollar\u00e1n entre los meses de octubre de 2022 y junio de 2023 y los precios oscilar\u00e1n entre los 455 euros para las estancias de 10 d\u00edas en zonas de costa peninsular e islas, para viajes con procedencia europea, y <strong>los 115 euros para los viajes de cuatro d\u00edas en capitales de provincia.<\/strong><\/p>\n<h2 id=\"m152-151-153\">Pol\u00e9mica por los precios de los viajes del Imserso<\/h2>\n<p class=\"paragraph \" id=\"m157-156-158\">Precisamente, los precios han sido motivo de pol\u00e9mica este a\u00f1o por la decisi\u00f3n del Ministerio de Derechos Sociales y Agenda 2030 de <strong>congelar las tarifas<\/strong>, lo que provoc\u00f3 el malestar del sector tur\u00edstico. La ministra de Industria y Turismo, Reyes Maroto, inst\u00f3 incluso a Ione Belarra a sentarse con el sector para revisar el programa.<\/p>\n<p class=\"paragraph \" id=\"m162-161-163\">Si bien, fuentes del Imserso <strong>niegan que se est\u00e9 produciendo una desbandada de hoteles<\/strong> del programa de viajes ante esta congelaci\u00f3n de precios unida a la inflaci\u00f3n.<\/p>\n<p class=\"paragraph \" id=\"m167-166-168\">Seg\u00fan los datos del Imserso, se ha reducido el n\u00famero de hoteles participantes en el programa <strong>con respecto al a\u00f1o anterior hasta los 242,28 menos <\/strong>que en la temporada anterior. No obstante, el Imserso precisa que ellos contratan un n\u00famero de viajes y pernoctaciones distribuidos por comunidades aut\u00f3nomas de destino, no un n\u00famero concreto de hoteles.<\/p>\n<p class=\"paragraph \" id=\"m172-171-173\">El programa ofrece destinos de costa peninsular de 8 y 10 d\u00edas en las comunidades aut\u00f3nomas de Catalu\u00f1a, Andaluc\u00eda, Regi\u00f3n de Murcia y Comunidad Valenciana, adem\u00e1s de Canarias y Baleares. Tambi\u00e9n habr\u00e1 <strong>oferta de turismo de inside, con estancias de 4, 5 y 6 d\u00edas,<\/strong> con circuitos culturales, turismo de naturaleza, capital de provincia y Ceuta y Melilla.<\/p>\n<p class=\"paragraph \" id=\"m177-176-178\">Los turnos, que podr\u00e1n tener una duraci\u00f3n desde 4 d\u00edas (3 pernoctaciones) hasta 10 d\u00edas (9 pernoctaciones), <strong>se realizar\u00e1n en r\u00e9gimen de pensi\u00f3n completa<\/strong>, excepto en los viajes a capitales de provincia cuyo r\u00e9gimen ser\u00e1 de media pensi\u00f3n.<\/p>\n<\/div>\n\n<p><em> &#8221; Fuentes www.20minutos.es &#8221; <\/em><\/p>\n","protected":false},"excerpt":{"rendered":"<p>Este a\u00f1o se han reactivado los viajes del Imserso tras dos a\u00f1os paralizado por la pandemia, un programa que destina esta temporada 2022-2023 un whole de 66,7 millones de euros, que se suman a los\u00a0212,9 millones de euros de los usuarios.\u00a0 Entre los cambios m\u00e1s destacados del Imserso 2022-2023 destaca el incremento del n\u00famero de [&hellip;]<\/p>\n","protected":false},"author":4,"featured_media":397345,"comment_status":"open","ping_status":"closed","sticky":false,"template":"","format":"standard","meta":{"om_disable_all_campaigns":false,"jnews-multi-image_gallery":[],"jnews_single_post":[],"jnews_primary_category":[],"jnews_social_meta":[],"footnotes":""},"categories":[39],"tags":[813,545],"class_list":["post-397344","post","type-post","status-publish","format-standard","has-post-thumbnail","hentry","category-viajes","tag-imserso","tag-viajes"],"_links":{"self":[{"href":"https:\/\/dimensionturistica.com\/es\/wp-json\/wp\/v2\/posts\/397344","targetHints":{"allow":["GET"]}}],"collection":[{"href":"https:\/\/dimensionturistica.com\/es\/wp-json\/wp\/v2\/posts"}],"about":[{"href":"https:\/\/dimensionturistica.com\/es\/wp-json\/wp\/v2\/types\/post"}],"author":[{"embeddable":true,"href":"https:\/\/dimensionturistica.com\/es\/wp-json\/wp\/v2\/users\/4"}],"replies":[{"embeddable":true,"href":"https:\/\/dimensionturistica.com\/es\/wp-json\/wp\/v2\/comments?post=397344"}],"version-history":[{"count":0,"href":"https:\/\/dimensionturistica.com\/es\/wp-json\/wp\/v2\/posts\/397344\/revisions"}],"wp:featuredmedia":[{"embeddable":true,"href":"https:\/\/dimensionturistica.com\/es\/wp-json\/wp\/v2\/media\/397345"}],"wp:attachment":[{"href":"https:\/\/dimensionturistica.com\/es\/wp-json\/wp\/v2\/media?parent=397344"}],"wp:term":[{"taxonomy":"category","embeddable":true,"href":"https:\/\/dimensionturistica.com\/es\/wp-json\/wp\/v2\/categories?post=397344"},{"taxonomy":"post_tag","embeddable":true,"href":"https:\/\/dimensionturistica.com\/es\/wp-json\/wp\/v2\/tags?post=397344"}],"curies":[{"name":"wp","href":"https:\/\/api.w.org\/{rel}","templated":true}]}}