{"id":397319,"date":"2022-10-02T06:08:23","date_gmt":"2022-10-02T06:08:23","guid":{"rendered":"https:\/\/dimensionturistica.com\/es\/?p=397319"},"modified":"2022-10-02T06:08:23","modified_gmt":"2022-10-02T06:08:23","slug":"puerto-plata-recibio-hoy-13500-cruceristas","status":"publish","type":"post","link":"https:\/\/dimensionturistica.com\/es\/puerto-plata-recibio-hoy-13500-cruceristas\/","title":{"rendered":"Puerto Plata recibi\u00f3 hoy 13,500 cruceristas"},"content":{"rendered":"<p> <br \/>\n<\/p>\n<p><b>Santo Domingo, RD.<\/b><\/p>\n<div id=\"ArticleBody\" style=\"margin-top:10px;\">\n<p>La Asociaci\u00f3n de Cruceros de Florida y el Caribe (FCCA), que representa los intereses mutuos entre las l\u00edneas de cruceros m\u00e1s grandes del mundo y los destinos del Caribe y Am\u00e9rica Latina, anunci\u00f3 a las 3:30 de la tarde, en su cuenta de Instagram, que \u201choy es un &#8216;digno d\u00eda de crucero&#8217; en la Rep\u00fablica Dominicana\u201d.<\/p>\n<p>El gremio explic\u00f3 que <strong>\u201ccon dos barcos en Amber Cove y dos en Taino Bay, aproximadamente 13,500 pasajeros<\/strong> de cruceros disfrutan de todos los encantos y experiencias que la hermosa Puerto Plata tiene para ofrecer\u201d.\u00a0<\/p>\n<p>El gobierno del presidente <strong>Luis Abinader se ha puesto como objetivo reactivar y revitalizar el turismo en Puerto Plata<\/strong> y convertir, de nuevo, a la \u201cNovia del Atl\u00e1ntico\u201d en un caso de \u00e9xito, basado en el turismo de crucero.<\/p>\n<p><strong>Taino Bay<\/strong><br \/>&#13;<br \/>\nSe recuerda que para la inauguraci\u00f3n del puerto Taino Bay, en diciembre se 2021, el presidente Abinader destac\u00f3 que solo en la construcci\u00f3n de la obra se generaron <strong>1,500 empleos directos y m\u00e1s de 3,000 indirectos <\/strong>que impactan a los ciudadanos de Puerto Plata y comunidades aleda\u00f1as.<\/p>\n<p>Adem\u00e1s subray\u00f3 que la inversi\u00f3n tra\u00edda al pa\u00eds gracias al proyecto Taino Bay representa un impulso a la econom\u00eda native a trav\u00e9s del sector servicios.<\/p>\n<\/p><\/div>\n<p><script>\n        !function (f, b, e, v, n, t, s) {\n            if (f.fbq) return; n = f.fbq = function () {\n                n.callMethod ?\n                n.callMethod.apply(n, arguments) : n.queue.push(arguments)\n            }; if (!f._fbq) f._fbq = n;\n            n.push = n; n.loaded = !0; n.version = '2.0'; n.queue = []; t = b.createElement(e); t.async = !0;\n            t.src = v; s = b.getElementsByTagName(e)[0]; s.parentNode.insertBefore(t, s)\n        }(window,\n        document, 'script', 'https:\/\/connect.facebook.net\/en_US\/fbevents.js');\n        fbq('init', '336505603402465', {\n        });\n        fbq('track', 'PageView');\n    <\/script><script>\n        !function (f, b, e, v, n, t, s) {\n            if (f.fbq) return; n = f.fbq = function () {\n                n.callMethod ?\n                n.callMethod.apply(n, arguments) : n.queue.push(arguments)\n            }; if (!f._fbq) f._fbq = n;\n            n.push = n; n.loaded = !0; n.version = '2.0'; n.queue = []; t = b.createElement(e); t.async = !0;\n            t.src = v; s = b.getElementsByTagName(e)[0]; s.parentNode.insertBefore(t, s)\n        }(window,\n        document, 'script', 'https:\/\/connect.facebook.net\/en_US\/fbevents.js');\n        fbq('init', '871551932912625', {\n        });\n        fbq('track', 'PageView');\n    <\/script><script>\n    window.fbAsyncInit = function () {\n        FB.init({\n            appId: '482294438637972',\n            xfbml: true,\n            version: 'v2.7'\n        });\n    };\n    (function (d, s, id) {\n        var js, fjs = d.getElementsByTagName(s)[0];\n        if (d.getElementById(id)) { return; }\n        js = d.createElement(s); js.id = id;\n        js.src = \"https:\/\/connect.facebook.net\/en_US\/sdk.js\";\n        fjs.parentNode.insertBefore(js, fjs);\n    }(document, 'script', 'facebook-jssdk'));\n<\/script><br \/>\n<br \/><\/p>\n<p><em> &#8221; Fuentes listindiario.com &#8221; <\/em><\/p>\n","protected":false},"excerpt":{"rendered":"<p>Santo Domingo, RD. La Asociaci\u00f3n de Cruceros de Florida y el Caribe (FCCA), que representa los intereses mutuos entre las l\u00edneas de cruceros m\u00e1s grandes del mundo y los destinos del Caribe y Am\u00e9rica Latina, anunci\u00f3 a las 3:30 de la tarde, en su cuenta de Instagram, que \u201choy es un &#8216;digno d\u00eda de crucero&#8217; [&hellip;]<\/p>\n","protected":false},"author":4,"featured_media":397320,"comment_status":"open","ping_status":"closed","sticky":false,"template":"","format":"standard","meta":{"om_disable_all_campaigns":false,"jnews-multi-image_gallery":[],"jnews_single_post":[],"jnews_primary_category":[],"jnews_social_meta":[],"footnotes":""},"categories":[41],"tags":[547,1431,1432,1433,229,1427,705,1428,1136,1430,1429],"class_list":["post-397319","post","type-post","status-publish","format-standard","has-post-thumbnail","hentry","category-cruceros","tag-informacion","tag-listin","tag-listin-diario","tag-listin-digital","tag-news","tag-newspaper","tag-noticias","tag-periodicos","tag-prensa","tag-republica-dominicana","tag-santo-domingo"],"_links":{"self":[{"href":"https:\/\/dimensionturistica.com\/es\/wp-json\/wp\/v2\/posts\/397319","targetHints":{"allow":["GET"]}}],"collection":[{"href":"https:\/\/dimensionturistica.com\/es\/wp-json\/wp\/v2\/posts"}],"about":[{"href":"https:\/\/dimensionturistica.com\/es\/wp-json\/wp\/v2\/types\/post"}],"author":[{"embeddable":true,"href":"https:\/\/dimensionturistica.com\/es\/wp-json\/wp\/v2\/users\/4"}],"replies":[{"embeddable":true,"href":"https:\/\/dimensionturistica.com\/es\/wp-json\/wp\/v2\/comments?post=397319"}],"version-history":[{"count":0,"href":"https:\/\/dimensionturistica.com\/es\/wp-json\/wp\/v2\/posts\/397319\/revisions"}],"wp:featuredmedia":[{"embeddable":true,"href":"https:\/\/dimensionturistica.com\/es\/wp-json\/wp\/v2\/media\/397320"}],"wp:attachment":[{"href":"https:\/\/dimensionturistica.com\/es\/wp-json\/wp\/v2\/media?parent=397319"}],"wp:term":[{"taxonomy":"category","embeddable":true,"href":"https:\/\/dimensionturistica.com\/es\/wp-json\/wp\/v2\/categories?post=397319"},{"taxonomy":"post_tag","embeddable":true,"href":"https:\/\/dimensionturistica.com\/es\/wp-json\/wp\/v2\/tags?post=397319"}],"curies":[{"name":"wp","href":"https:\/\/api.w.org\/{rel}","templated":true}]}}