{"id":397302,"date":"2022-10-02T04:20:46","date_gmt":"2022-10-02T04:20:46","guid":{"rendered":"https:\/\/dimensionturistica.com\/es\/?p=397302"},"modified":"2022-10-02T04:20:46","modified_gmt":"2022-10-02T04:20:46","slug":"como-viajar-por-el-mundo-sin-abandonar-espana","status":"publish","type":"post","link":"https:\/\/dimensionturistica.com\/es\/como-viajar-por-el-mundo-sin-abandonar-espana\/","title":{"rendered":"C\u00f3mo viajar por el mundo sin abandonar Espa\u00f1a"},"content":{"rendered":"<p> <br \/>\n<\/p>\n<div id=\"\">\n<p>Viajar por el mundo sin abandonar nuestro pa\u00eds es posible. Y es que el patrimonio tur\u00edstico y cultural de Espa\u00f1a es tan rico que esconde muchos tesoros gracias a los cuales desplazarnos hasta el ex\u00f3tico Egipto, la ic\u00f3nica Nueva York o la soleada Grecia, entre muchos otros.<\/p>\n<p>Algunas localidades espa\u00f1olas esconden joyas de otros pa\u00edses (o que lo parecen). Sin embargo, para aquellos que deseen viajar por toda Europa en un mismo d\u00eda deben visitar el Parque Europa en Torrej\u00f3n de Ardoz, en el que se exponen 18 r\u00e9plicas de monumentos europeos en miniatura. <\/p>\n<h3 class=\"font--primary body-components__header\">Templo de Debod en Madrid (Egipto)<\/h3>\n<p>\u00bfTe gustar\u00eda poder contemplar la grandeza del antiguo Egipto? Si es as\u00ed, solo tienes que acercarte hasta el Parque del Cuartel de la Monta\u00f1a en Madrid. Se trata del templo de Debod, situado cerca de plaza de Espa\u00f1a. Conocido por ser uno de los lugares m\u00e1s bonitos para ver la puesta de sol en la capital, este templo egipcio knowledge del siglo II a.C. <\/p>\n<aside style=\"max-width:615px;min-width:300px;width:100%;height:462px\" class=\"ad all sunmedia1 bg-placeholder \"\/>\n<figure class=\"image--is-responsive\">\n<div class=\"img-reserved-space\" style=\"padding-top:50.43%\">\n<div class=\"reserved-space-inside\"><picture><source srcset=\"https:\/\/www.larazon.es\/resizer\/jYD5mjP1NVc4dUyKMu8friCy4do=\/600x0\/smart\/filters:format(webp):quality(65)\/cloudfront-eu-central-1.images.arcpublishing.com\/larazon\/VBI67M23XRDW3CVVRUP2HVL72U.jpeg 600w,&#10;https:\/\/www.larazon.es\/resizer\/KTO0zvLnQdywrsc-KdYN7m3KzII=\/420x0\/smart\/filters:format(webp):quality(65)\/cloudfront-eu-central-1.images.arcpublishing.com\/larazon\/VBI67M23XRDW3CVVRUP2HVL72U.jpeg 420w\" type=\"image\/webp\"\/><img alt=\"La capilla de Adijalamani, centro arquitect\u00f3nico de este santuario egipcio, con los colores originales\" src=\"https:\/\/www.larazon.es\/resizer\/08eu22TYrJzlp02n95a492r1K6Y=\/600x0\/smart\/filters:format(jpg)\/cloudfront-eu-central-1.images.arcpublishing.com\/larazon\/VBI67M23XRDW3CVVRUP2HVL72U.jpeg\" srcset=\"https:\/\/www.larazon.es\/resizer\/08eu22TYrJzlp02n95a492r1K6Y=\/600x0\/smart\/filters:format(jpg)\/cloudfront-eu-central-1.images.arcpublishing.com\/larazon\/VBI67M23XRDW3CVVRUP2HVL72U.jpeg 600w,&#10;https:\/\/www.larazon.es\/resizer\/fDCy14Fs1KkffDCrqEObIVkASV4=\/420x0\/smart\/filters:format(jpg)\/cloudfront-eu-central-1.images.arcpublishing.com\/larazon\/VBI67M23XRDW3CVVRUP2HVL72U.jpeg 420w\" sizes=\"auto, (max-width: 420px) 420px, 600px\" width=\"100%\" loading=\"lazy\" decoding=\"async\"\/><\/picture><\/div>\n<\/div><figcaption>La capilla de Adijalamani, centro arquitect\u00f3nico de este santuario egipcio, con los colores originales<span class=\"image__meta figcaption-author\"> <!-- -->FOTO: <!-- -->Memoria de Madrid<\/span><\/figcaption><\/figure>\n<p>Su construcci\u00f3n fue obra del rey Meroe Adijalamani, el cual dedic\u00f3 la capilla a dos dioses: Isis y Am\u00f3n. En el siglo XX, para dar fin al abandono del edificio, el gobierno de Egipto lo regal\u00f3 a la ciudad madrile\u00f1a. Una vez en ella, se reconstruy\u00f3 piedra a piedra y abri\u00f3 sus puertas al p\u00fablico en 1972. <\/p>\n<h3 class=\"font--primary body-components__header\">Mezquita de C\u00f3rdoba (Marruecos)<\/h3>\n<p>C\u00f3rdoba es una de las primeras localidades que se suelen asociar a monumentos y templos \u00e1rabes. Y es que son muchos los espacios que perduran a d\u00eda de hoy y datan de la \u00e9poca musulmana. <\/p>\n<figure class=\"image--is-responsive\">\n<div class=\"img-reserved-space\" style=\"padding-top:66.66%\">\n<div class=\"reserved-space-inside\"><picture><source srcset=\"https:\/\/www.larazon.es\/resizer\/wLGYLjWHZrdC9k2Ht6zrU8liwJY=\/600x0\/smart\/filters:format(webp):quality(65)\/cloudfront-eu-central-1.images.arcpublishing.com\/larazon\/NU2QDMFDIFDZPB5I5RFS44QGG4.JPG 600w,&#10;https:\/\/www.larazon.es\/resizer\/HlT0cNQ9YVk_seW-id4lYJTuPyE=\/420x0\/smart\/filters:format(webp):quality(65)\/cloudfront-eu-central-1.images.arcpublishing.com\/larazon\/NU2QDMFDIFDZPB5I5RFS44QGG4.JPG 420w\" type=\"image\/webp\"\/><img alt=\"\" src=\"https:\/\/www.larazon.es\/resizer\/Gt861OmwjZDfUdk5vjZR1k1c2SU=\/600x0\/smart\/filters:format(jpg)\/cloudfront-eu-central-1.images.arcpublishing.com\/larazon\/NU2QDMFDIFDZPB5I5RFS44QGG4.JPG\" srcset=\"https:\/\/www.larazon.es\/resizer\/Gt861OmwjZDfUdk5vjZR1k1c2SU=\/600x0\/smart\/filters:format(jpg)\/cloudfront-eu-central-1.images.arcpublishing.com\/larazon\/NU2QDMFDIFDZPB5I5RFS44QGG4.JPG 600w,&#10;https:\/\/www.larazon.es\/resizer\/mctdJDfplD8Z9x6tpFqcRvaHFWY=\/420x0\/smart\/filters:format(jpg)\/cloudfront-eu-central-1.images.arcpublishing.com\/larazon\/NU2QDMFDIFDZPB5I5RFS44QGG4.JPG 420w\" sizes=\"auto, (max-width: 420px) 420px, 600px\" width=\"100%\" loading=\"lazy\" decoding=\"async\"\/><\/picture><\/div>\n<\/div><figcaption><span class=\"image__meta figcaption-author\"> <!-- -->FOTO: <!-- -->J G Feria<\/span><span class=\"image__meta figcaption-affiliation\"> <!-- -->La Raz\u00f3n<\/span><\/figcaption><\/figure>\n<p>Construido en el 786, la mezquita-catedral de la ciudad andaluza es uno de los monumentos m\u00e1s visitados de Espa\u00f1a. Durante el Emirato y Califato de C\u00f3rdoba se realizaron ampliaciones en el edificio, llegando a ser en su tiempo la segunda m\u00e1s grande del mundo en lo que a superficie se refiere. <\/p>\n<aside style=\"max-width:300px;min-width:300px;width:100%;height:600px\" class=\"ad all right1 bg-placeholder \"\/>\n<p>A pesar de que fue rebautizado como catedral tras la Reconquista, actualmente es uno de los mejores ejemplos del pa\u00eds en lo que respecta al arte hispanomusulm\u00e1n. Est\u00e1 declarado Patrimonio Cultural de la Humanidad.<\/p>\n<h3 class=\"font--primary body-components__header\">Barrancas de Buruj\u00f3n en Toledo (Arizona, EE UU)<\/h3>\n<p>Algo comparable al maravilloso paisaje que ofrece el Gran Ca\u00f1\u00f3n del Colorado en Arizona se puede encontrar en Toledo. concretamente en las Barrancas de Buruj\u00f3n. Se trata de una formaci\u00f3n sedimentaria de la incisi\u00f3n del curso del r\u00edo Tajo, el cual ha creado formas curiosas de c\u00e1rcavas y gargantas. <\/p>\n<figure class=\"image--is-responsive\">\n<div class=\"img-reserved-space\" style=\"padding-top:65.8%\">\n<div class=\"reserved-space-inside\"><picture><source srcset=\"https:\/\/www.larazon.es\/resizer\/uBpcPw1XeP745Kd-biOklpdf_Go=\/600x0\/smart\/filters:format(webp):quality(65)\/cloudfront-eu-central-1.images.arcpublishing.com\/larazon\/KR6A4IAIU5BELHQPSJPUNQTY6Y.jpg 600w,&#10;https:\/\/www.larazon.es\/resizer\/gJ70RyElq-wlGrREdohhSpLw0sI=\/420x0\/smart\/filters:format(webp):quality(65)\/cloudfront-eu-central-1.images.arcpublishing.com\/larazon\/KR6A4IAIU5BELHQPSJPUNQTY6Y.jpg 420w\" type=\"image\/webp\"\/><img alt=\"\" src=\"https:\/\/www.larazon.es\/resizer\/bCSH5ncpgYLgWpLXiiLIkAA2gak=\/600x0\/smart\/filters:format(jpg)\/cloudfront-eu-central-1.images.arcpublishing.com\/larazon\/KR6A4IAIU5BELHQPSJPUNQTY6Y.jpg\" srcset=\"https:\/\/www.larazon.es\/resizer\/bCSH5ncpgYLgWpLXiiLIkAA2gak=\/600x0\/smart\/filters:format(jpg)\/cloudfront-eu-central-1.images.arcpublishing.com\/larazon\/KR6A4IAIU5BELHQPSJPUNQTY6Y.jpg 600w,&#10;https:\/\/www.larazon.es\/resizer\/akgND2Npcd93n_NfvU7QrcksSl8=\/420x0\/smart\/filters:format(jpg)\/cloudfront-eu-central-1.images.arcpublishing.com\/larazon\/KR6A4IAIU5BELHQPSJPUNQTY6Y.jpg 420w\" sizes=\"auto, (max-width: 420px) 420px, 600px\" width=\"100%\" loading=\"lazy\" decoding=\"async\"\/><\/picture><\/div>\n<\/div><figcaption><span class=\"image__meta figcaption-author\"> <!-- -->FOTO: <!-- -->Viajes El Corte Ingl\u00e9s<\/span><span class=\"image__meta figcaption-affiliation\"> <!-- -->La Raz\u00f3n<\/span><\/figcaption><\/figure>\n<p>Declarado Zona de Especial Protecci\u00f3n para las Aves, es una opci\u00f3n perfecta para realizar una peque\u00f1a excursi\u00f3n. El terreno presenta senderos sencillos para llegar hasta las magn\u00edficas panor\u00e1micas que presentan las barrancas. <\/p>\n<h3 class=\"font--primary body-components__header\">Estatua de la Libertad de Barcelona (Nueva York)<\/h3>\n<p>Aunque no sea lo mismo pisar la Gran Manzana, en Barcelona cuentan con un peque\u00f1o pedacito de Nueva York. Hablamos de la r\u00e9plica de la estatua de la Libertad de Barcelona que se esconde en la Biblioteca P\u00fablica Ar\u00fas.  Esta \u201cpeque\u00f1a\u201d r\u00e9plica cuenta con dos metros de altura y se encuentra en el inside de la biblioteca. <\/p>\n<aside style=\"max-width:300px;min-width:300px;width:100%;height:600px\" class=\"ad all right2 bg-placeholder \"\/>\n<figure class=\"image--is-responsive\">\n<div class=\"img-reserved-space\" style=\"padding-top:66.58%\">\n<div class=\"reserved-space-inside\"><picture><source srcset=\"https:\/\/www.larazon.es\/resizer\/A9YAQgPJWGorY9Gs-ua5jF9a9EI=\/600x0\/smart\/filters:format(webp):quality(65)\/cloudfront-eu-central-1.images.arcpublishing.com\/larazon\/XDKAKOFW7ND3LGNF6SAEBSPE7M.jpeg 600w,&#10;https:\/\/www.larazon.es\/resizer\/rOlQd0pukBGPlk5V4hQ5x-6kg-E=\/420x0\/smart\/filters:format(webp):quality(65)\/cloudfront-eu-central-1.images.arcpublishing.com\/larazon\/XDKAKOFW7ND3LGNF6SAEBSPE7M.jpeg 420w\" type=\"image\/webp\"\/><img alt=\"\" src=\"https:\/\/www.larazon.es\/resizer\/4KuqVeQellfT_nMMrMuPNCXEg7E=\/600x0\/smart\/filters:format(jpg)\/cloudfront-eu-central-1.images.arcpublishing.com\/larazon\/XDKAKOFW7ND3LGNF6SAEBSPE7M.jpeg\" srcset=\"https:\/\/www.larazon.es\/resizer\/4KuqVeQellfT_nMMrMuPNCXEg7E=\/600x0\/smart\/filters:format(jpg)\/cloudfront-eu-central-1.images.arcpublishing.com\/larazon\/XDKAKOFW7ND3LGNF6SAEBSPE7M.jpeg 600w,&#10;https:\/\/www.larazon.es\/resizer\/OPE5SnsxQ7L8xbBTR5pFpyLabVc=\/420x0\/smart\/filters:format(jpg)\/cloudfront-eu-central-1.images.arcpublishing.com\/larazon\/XDKAKOFW7ND3LGNF6SAEBSPE7M.jpeg 420w\" sizes=\"auto, (max-width: 420px) 420px, 600px\" width=\"100%\" loading=\"lazy\" decoding=\"async\"\/><\/picture><\/div>\n<\/div><figcaption><span class=\"image__meta figcaption-author\"> <!-- -->FOTO: <!-- -->Marcos Pardeiro<\/span><\/figcaption><\/figure>\n<p>Con sus m\u00e1s de 120 a\u00f1os, llama la atenci\u00f3n el cuidado detalle con el que se construy\u00f3 la estatua de la Libertad de Barcelona. Para ver la estatua solo basta con visitar la biblioteca, por supuesto siempre guardando silencio. <\/p>\n<h3 class=\"font--primary body-components__header\">Pasaje de Lodares en Albacete (Italia)<\/h3>\n<p>Uno de los tesoros m\u00e1s ocultos y bonitos de la provincia de Albacete es el Pasaje de Lodares. Se trata de una galer\u00eda modernista, constituida por 44 columnas j\u00f3nicas y 12 pilastras, que sorprende al que la visita por su estilo italiano y espectacular monumentalidad. <\/p>\n<figure class=\"image--is-responsive\">\n<div class=\"img-reserved-space\" style=\"padding-top:52.82%\">\n<div class=\"reserved-space-inside\"><picture><source srcset=\"https:\/\/www.larazon.es\/resizer\/fuZ970O5Guq48lbj1jtwq3OOsKU=\/600x0\/smart\/filters:format(webp):quality(65)\/cloudfront-eu-central-1.images.arcpublishing.com\/larazon\/EW3I5XNNQBFYLGOCXC2LXLE4AY.jpg 600w,&#10;https:\/\/www.larazon.es\/resizer\/6N5vTL3Lwc8PP13PfR4xucW7_eU=\/420x0\/smart\/filters:format(webp):quality(65)\/cloudfront-eu-central-1.images.arcpublishing.com\/larazon\/EW3I5XNNQBFYLGOCXC2LXLE4AY.jpg 420w\" type=\"image\/webp\"\/><img alt=\"\" src=\"https:\/\/www.larazon.es\/resizer\/7l2yBXTxt45sWfSaAgfP3ta0nC4=\/600x0\/smart\/filters:format(jpg)\/cloudfront-eu-central-1.images.arcpublishing.com\/larazon\/EW3I5XNNQBFYLGOCXC2LXLE4AY.jpg\" srcset=\"https:\/\/www.larazon.es\/resizer\/7l2yBXTxt45sWfSaAgfP3ta0nC4=\/600x0\/smart\/filters:format(jpg)\/cloudfront-eu-central-1.images.arcpublishing.com\/larazon\/EW3I5XNNQBFYLGOCXC2LXLE4AY.jpg 600w,&#10;https:\/\/www.larazon.es\/resizer\/yj-uFksGwuKQ5evcIec6scgNRhc=\/420x0\/smart\/filters:format(jpg)\/cloudfront-eu-central-1.images.arcpublishing.com\/larazon\/EW3I5XNNQBFYLGOCXC2LXLE4AY.jpg 420w\" sizes=\"auto, (max-width: 420px) 420px, 600px\" width=\"100%\" loading=\"lazy\" decoding=\"async\"\/><\/picture><\/div>\n<\/div><figcaption><span class=\"image__meta figcaption-author\"> <!-- -->FOTO: <!-- -->Turismo Castilla-La Mancha<\/span><\/figcaption><\/figure>\n<p>Fue construido en 1929 por Gabriel Lodares, a qui\u00e9n la galer\u00eda debe el nombre, con la premisa de elaborar un pasaje comercial y residencial de lujo inspirado en las que ya exist\u00edan en N\u00e1poles y en Mil\u00e1n.  El conjunto forma una de las calles m\u00e1s elegantes de Albacete, reuniendo las caracter\u00edsticas m\u00e1s se\u00f1aladas de la tendencia europea conocida como Belle \u00c9poque. <\/p>\n<h3 class=\"font--primary body-components__header\">Parque de Berl\u00edn en Madrid (Alemania)<\/h3>\n<p>\u00bfQuieres viajar al coraz\u00f3n de Alemania sin salir de Madrid? Muchas personas no tienen conocimiento de la existencia del parque de Berl\u00edn, en el que se exponen fragmentos del mism\u00edsimo Muro de Berl\u00edn. El ayuntamiento adquiri\u00f3 estas piezas de gran valor en 1990 por la cantidad de nueve millones de las antiguas pesetas.<\/p>\n<aside style=\"max-width:615px;min-width:300px;width:100%;height:462px\" class=\"ad all sunmedia2 bg-placeholder \"\/>\n<figure class=\"image--is-responsive\">\n<div class=\"img-reserved-space\" style=\"padding-top:66.66%\">\n<div class=\"reserved-space-inside\"><picture><source srcset=\"https:\/\/www.larazon.es\/resizer\/25wQJZ-LBmP-7G06Rmg9Q0218h8=\/600x0\/smart\/filters:format(webp):quality(65)\/cloudfront-eu-central-1.images.arcpublishing.com\/larazon\/MPBOPBUFYVA7PMBK3TZHKISD54.jpg 600w,&#10;https:\/\/www.larazon.es\/resizer\/VNDm6c0El881M6ked_5FlvY3RRk=\/420x0\/smart\/filters:format(webp):quality(65)\/cloudfront-eu-central-1.images.arcpublishing.com\/larazon\/MPBOPBUFYVA7PMBK3TZHKISD54.jpg 420w\" type=\"image\/webp\"\/><img alt=\"\" src=\"https:\/\/www.larazon.es\/resizer\/DmMt8HwEzJh_Q6w0RZjEgCXjniY=\/600x0\/smart\/filters:format(jpg)\/cloudfront-eu-central-1.images.arcpublishing.com\/larazon\/MPBOPBUFYVA7PMBK3TZHKISD54.jpg\" srcset=\"https:\/\/www.larazon.es\/resizer\/DmMt8HwEzJh_Q6w0RZjEgCXjniY=\/600x0\/smart\/filters:format(jpg)\/cloudfront-eu-central-1.images.arcpublishing.com\/larazon\/MPBOPBUFYVA7PMBK3TZHKISD54.jpg 600w,&#10;https:\/\/www.larazon.es\/resizer\/qtOGGVZhSTbgqm6uTXfzsp5PCMQ=\/420x0\/smart\/filters:format(jpg)\/cloudfront-eu-central-1.images.arcpublishing.com\/larazon\/MPBOPBUFYVA7PMBK3TZHKISD54.jpg 420w\" sizes=\"auto, (max-width: 420px) 420px, 600px\" width=\"100%\" loading=\"lazy\" decoding=\"async\"\/><\/picture><\/div>\n<\/div><figcaption><span class=\"image__meta figcaption-affiliation\"> <!-- -->Dreamstime<\/span><\/figcaption><\/figure>\n<p>En este parque del barrio de Ciudad Jard\u00edn, en Chamart\u00edn, se encuentran tres fragmentos del hist\u00f3rico muro. Sorprenden sus pintadas originales que se conservan intactas gracias a un recubrimiento especial. Tambi\u00e9n se puede ver una escultura de un oso, s\u00edmbolo inequ\u00edvoco de esta ciudad, as\u00ed como un monumento al m\u00fasico Beethoven. <\/p>\n<h3 class=\"font--primary body-components__header\">Jard\u00edn de Marimurtra en Girona (Grecia)<\/h3>\n<p>Uno de los rincones m\u00e1s fascinantes del Mediterr\u00e1neo es sin duda Marimurtra. Est\u00e1 situado en Blanes, Girona, aunque dadas sus caracter\u00edsticas uno no sabe si de repente ha viajado hasta la famosa Grecia. El jard\u00edn bot\u00e1nico est\u00e1 dispuesto como un para\u00edso vegetal dividido en tres espacios: plantas des\u00e9rticas y de gran humedad, una zona subtropical y un jard\u00edn mediterr\u00e1neo con vistas al mar. <\/p>\n<figure class=\"image--is-responsive\">\n<div class=\"img-reserved-space\" style=\"padding-top:56.25%\">\n<div class=\"reserved-space-inside\"><picture><source srcset=\"https:\/\/www.larazon.es\/resizer\/kxaS88dapcFE-_b-iV0Amow40i4=\/600x0\/smart\/filters:format(webp):quality(65)\/cloudfront-eu-central-1.images.arcpublishing.com\/larazon\/KTJV2ZQ245EZZDLVXRTC5QAW2U.jpeg 600w,&#10;https:\/\/www.larazon.es\/resizer\/QdQbZNNLTrqIzYFhltr5xUG7Rco=\/420x0\/smart\/filters:format(webp):quality(65)\/cloudfront-eu-central-1.images.arcpublishing.com\/larazon\/KTJV2ZQ245EZZDLVXRTC5QAW2U.jpeg 420w\" type=\"image\/webp\"\/><img alt=\"\" src=\"https:\/\/www.larazon.es\/resizer\/GBj-DhaTFQrDU9ibR0GH3z8Hs3g=\/600x0\/smart\/filters:format(jpg)\/cloudfront-eu-central-1.images.arcpublishing.com\/larazon\/KTJV2ZQ245EZZDLVXRTC5QAW2U.jpeg\" srcset=\"https:\/\/www.larazon.es\/resizer\/GBj-DhaTFQrDU9ibR0GH3z8Hs3g=\/600x0\/smart\/filters:format(jpg)\/cloudfront-eu-central-1.images.arcpublishing.com\/larazon\/KTJV2ZQ245EZZDLVXRTC5QAW2U.jpeg 600w,&#10;https:\/\/www.larazon.es\/resizer\/WMIPJjzfTurhRM90i9p8u0w2Fp0=\/420x0\/smart\/filters:format(jpg)\/cloudfront-eu-central-1.images.arcpublishing.com\/larazon\/KTJV2ZQ245EZZDLVXRTC5QAW2U.jpeg 420w\" sizes=\"auto, (max-width: 420px) 420px, 600px\" width=\"100%\" loading=\"lazy\" decoding=\"async\"\/><\/picture><\/div>\n<\/div><figcaption><span class=\"image__meta figcaption-author\"> <!-- -->FOTO: <!-- -->La Raz\u00f3n<\/span><span class=\"image__meta figcaption-affiliation\"> <!-- -->La Raz\u00f3n<\/span><\/figcaption><\/figure>\n<p>Cuando uno camina por el lugar no puede evitar pensar que est\u00e1 caminando por tierras griegas. Desde el mismo se observa la playa de Sa Forcanera, una de las que abre la Costa Brava.<\/p>\n<aside style=\"max-width:300px;min-width:300px;width:100%;height:600px\" class=\"ad all right3 bg-placeholder \"\/>\n<h3 class=\"font--primary body-components__header\">Dolmen de Guadalperal en C\u00e1ceres (Inglaterra)<\/h3>\n<p>La similitud con el Stonehenge de Inglaterra hace a uno creer que de repente se encuentra en el condado de Wiltshire. Sin embargo, para ver estas espectaculares figuras megal\u00edticas solo hay que desplazarse hasta C\u00e1ceres a ver el dolmen de Guadalperal, en el embalse Valdeca\u00f1as. <\/p>\n<figure class=\"image--is-responsive\">\n<div class=\"img-reserved-space\" style=\"padding-top:75%\">\n<div class=\"reserved-space-inside\"><picture><source srcset=\"https:\/\/www.larazon.es\/resizer\/IZKIVzR1t8Z_XZ8mFBWtrnZvJbA=\/600x0\/smart\/filters:format(webp):quality(65)\/cloudfront-eu-central-1.images.arcpublishing.com\/larazon\/L34IG2ZHQFE4XGSYKOLHIKF3SM.jpeg 600w,&#10;https:\/\/www.larazon.es\/resizer\/5wzYQhjEqxGzKyv2X_BSRDqEKfw=\/420x0\/smart\/filters:format(webp):quality(65)\/cloudfront-eu-central-1.images.arcpublishing.com\/larazon\/L34IG2ZHQFE4XGSYKOLHIKF3SM.jpeg 420w\" type=\"image\/webp\"\/><img alt=\"\" src=\"https:\/\/www.larazon.es\/resizer\/XczPxXDzr1P3yKAbeNvQ6Bv0g-Y=\/600x0\/smart\/filters:format(jpg)\/cloudfront-eu-central-1.images.arcpublishing.com\/larazon\/L34IG2ZHQFE4XGSYKOLHIKF3SM.jpeg\" srcset=\"https:\/\/www.larazon.es\/resizer\/XczPxXDzr1P3yKAbeNvQ6Bv0g-Y=\/600x0\/smart\/filters:format(jpg)\/cloudfront-eu-central-1.images.arcpublishing.com\/larazon\/L34IG2ZHQFE4XGSYKOLHIKF3SM.jpeg 600w,&#10;https:\/\/www.larazon.es\/resizer\/2QSY8Oc845dSEnbNWZJOPjkqdJ4=\/420x0\/smart\/filters:format(jpg)\/cloudfront-eu-central-1.images.arcpublishing.com\/larazon\/L34IG2ZHQFE4XGSYKOLHIKF3SM.jpeg 420w\" sizes=\"auto, (max-width: 420px) 420px, 600px\" width=\"100%\" loading=\"lazy\" decoding=\"async\"\/><\/picture><\/div>\n<\/div><figcaption><span class=\"image__meta figcaption-author\"> <!-- -->FOTO: <!-- -->La Raz\u00f3n<\/span><span class=\"image__meta figcaption-affiliation\"> <!-- -->La Raz\u00f3n<\/span><\/figcaption><\/figure>\n<p>Sin embargo, solo se deja ver cuando hay sequ\u00eda, pues estas grandes piedras se encuentran en el inside de un pantano. Un conjunto de 140 piedras y m\u00e1s de 4.000 a\u00f1os de antig\u00fcedad que solo ve la luz del Sol de manera estacional.<\/p>\n<h3 class=\"font--primary body-components__header\">Templo del Arc\u00e1ngel Miguel en Alicante (Rusia)<\/h3>\n<p>Un peque\u00f1o pedacito de Rusia se encuentra en Alicante, el primer templo que la iglesia ortodoxa rusa llev\u00f3 a cabo en Espa\u00f1a. Se trata del templo del Arc\u00e1ngel Miguel, ubicado en Altea. <\/p>\n<figure class=\"image--is-responsive\">\n<div class=\"img-reserved-space\" style=\"padding-top:66.66%\">\n<div class=\"reserved-space-inside\"><picture><source srcset=\"https:\/\/www.larazon.es\/resizer\/KXsKP2_xbl68_Gc5DF2O25byeeE=\/600x0\/smart\/filters:format(webp):quality(65)\/cloudfront-eu-central-1.images.arcpublishing.com\/larazon\/RU5ANT3EBFE4PGVQTBT6QLSOIE.jpeg 600w,&#10;https:\/\/www.larazon.es\/resizer\/75Z5g9eJQNgz906XxmhX5mUZLSg=\/420x0\/smart\/filters:format(webp):quality(65)\/cloudfront-eu-central-1.images.arcpublishing.com\/larazon\/RU5ANT3EBFE4PGVQTBT6QLSOIE.jpeg 420w\" type=\"image\/webp\"\/><img alt=\"\" src=\"https:\/\/www.larazon.es\/resizer\/Yo_2kQ7jtn7cIbW1DrbHmsV2Ev0=\/600x0\/smart\/filters:format(jpg)\/cloudfront-eu-central-1.images.arcpublishing.com\/larazon\/RU5ANT3EBFE4PGVQTBT6QLSOIE.jpeg\" srcset=\"https:\/\/www.larazon.es\/resizer\/Yo_2kQ7jtn7cIbW1DrbHmsV2Ev0=\/600x0\/smart\/filters:format(jpg)\/cloudfront-eu-central-1.images.arcpublishing.com\/larazon\/RU5ANT3EBFE4PGVQTBT6QLSOIE.jpeg 600w,&#10;https:\/\/www.larazon.es\/resizer\/-zuRjklVxJrJuEAhifoc1cckjnE=\/420x0\/smart\/filters:format(jpg)\/cloudfront-eu-central-1.images.arcpublishing.com\/larazon\/RU5ANT3EBFE4PGVQTBT6QLSOIE.jpeg 420w\" sizes=\"auto, (max-width: 420px) 420px, 600px\" width=\"100%\" loading=\"lazy\" decoding=\"async\"\/><\/picture><\/div>\n<\/div><figcaption><span class=\"image__meta figcaption-author\"> <!-- -->FOTO: <!-- -->La Raz\u00f3n<\/span><span class=\"image__meta figcaption-affiliation\"> <!-- -->La Raz\u00f3n<\/span><\/figcaption><\/figure>\n<p>Para la construcci\u00f3n de este unique templo en 2002 se emplearon materiales y, curiosamente, tambi\u00e9n mano de obra rusa. De su arquitectura destacan las b\u00f3vedas abullonadas de shade dorado y sus mosaicos, los cuales imitan la est\u00e9tica de los iconos bizantinos. <\/p>\n<\/div>\n\n<p><em> &#8221; Fuentes www.larazon.es &#8221; <\/em><\/p>\n","protected":false},"excerpt":{"rendered":"<p>Viajar por el mundo sin abandonar nuestro pa\u00eds es posible. Y es que el patrimonio tur\u00edstico y cultural de Espa\u00f1a es tan rico que esconde muchos tesoros gracias a los cuales desplazarnos hasta el ex\u00f3tico Egipto, la ic\u00f3nica Nueva York o la soleada Grecia, entre muchos otros. Algunas localidades espa\u00f1olas esconden joyas de otros pa\u00edses [&hellip;]<\/p>\n","protected":false},"author":4,"featured_media":397303,"comment_status":"open","ping_status":"closed","sticky":false,"template":"","format":"standard","meta":{"om_disable_all_campaigns":false,"jnews-multi-image_gallery":[],"jnews_single_post":[],"jnews_primary_category":[],"jnews_social_meta":[],"footnotes":""},"categories":[39],"tags":[770,544,545],"class_list":["post-397302","post","type-post","status-publish","format-standard","has-post-thumbnail","hentry","category-viajes","tag-espana","tag-turismo","tag-viajes"],"_links":{"self":[{"href":"https:\/\/dimensionturistica.com\/es\/wp-json\/wp\/v2\/posts\/397302","targetHints":{"allow":["GET"]}}],"collection":[{"href":"https:\/\/dimensionturistica.com\/es\/wp-json\/wp\/v2\/posts"}],"about":[{"href":"https:\/\/dimensionturistica.com\/es\/wp-json\/wp\/v2\/types\/post"}],"author":[{"embeddable":true,"href":"https:\/\/dimensionturistica.com\/es\/wp-json\/wp\/v2\/users\/4"}],"replies":[{"embeddable":true,"href":"https:\/\/dimensionturistica.com\/es\/wp-json\/wp\/v2\/comments?post=397302"}],"version-history":[{"count":0,"href":"https:\/\/dimensionturistica.com\/es\/wp-json\/wp\/v2\/posts\/397302\/revisions"}],"wp:featuredmedia":[{"embeddable":true,"href":"https:\/\/dimensionturistica.com\/es\/wp-json\/wp\/v2\/media\/397303"}],"wp:attachment":[{"href":"https:\/\/dimensionturistica.com\/es\/wp-json\/wp\/v2\/media?parent=397302"}],"wp:term":[{"taxonomy":"category","embeddable":true,"href":"https:\/\/dimensionturistica.com\/es\/wp-json\/wp\/v2\/categories?post=397302"},{"taxonomy":"post_tag","embeddable":true,"href":"https:\/\/dimensionturistica.com\/es\/wp-json\/wp\/v2\/tags?post=397302"}],"curies":[{"name":"wp","href":"https:\/\/api.w.org\/{rel}","templated":true}]}}